{"id":3135,"date":"2020-07-30T14:59:53","date_gmt":"2020-07-30T14:59:53","guid":{"rendered":"http:\/\/www.radiolimari.cl\/?p=3135"},"modified":"2020-07-30T14:59:53","modified_gmt":"2020-07-30T14:59:53","slug":"inia-intihuasi-reactiva-el-consejo-asesor-externo","status":"publish","type":"post","link":"https:\/\/www.radiolimari.cl\/?p=3135","title":{"rendered":"INIA Intihuasi reactiva el Consejo Asesor Externo"},"content":{"rendered":"<p><a href=\"https:\/\/www.radiolimari.cl\/wp-content\/uploads\/2020\/07\/30.07-inia.jpg\"><img decoding=\"async\" class=\"alignnone size-medium wp-image-3136\" src=\"https:\/\/www.radiolimari.cl\/wp-content\/uploads\/2020\/07\/30.07-inia-300x137.jpg\" alt=\"30.07 inia\" width=\"300\" height=\"137\" srcset=\"https:\/\/www.radiolimari.cl\/wp-content\/uploads\/2020\/07\/30.07-inia-300x137.jpg 300w, https:\/\/www.radiolimari.cl\/wp-content\/uploads\/2020\/07\/30.07-inia-1024x468.jpg 1024w, https:\/\/www.radiolimari.cl\/wp-content\/uploads\/2020\/07\/30.07-inia.jpg 1275w\" sizes=\"(max-width: 300px) 100vw, 300px\" \/><\/a><\/p>\n<p>El objetivo del Consejo Externo es apoyar en los lineamientos del plan anual de trabajo de INIA Intihuasi en la macrozona norte, enfocado en las necesidades del sector, siendo as\u00ed un aporte cada uno de los integrantes del Consejo, quienes trabajan en distintas \u00e1reas relacionadas directamente con el quehacer de INIA.<!--more--><\/p>\n<p>A pesar de las adversidades que conlleva la pandemia que afecta el pa\u00eds, INIA Intihuasi a trav\u00e9s de la plataforma virtual Google Meet realiz\u00f3 una nueva sesi\u00f3n del Consejo Externo de INIA Intihuasi, instancia que cont\u00f3 con la participaci\u00f3n del Seremi de Agricultura de la regi\u00f3n de Coquimbo, Rodrigo \u00d3rdenes; Seremi de Agricultura de la regi\u00f3n de Atacama, Patricio Araya; Presidenta del CORE de Coquimbo, Adriana Pe\u00f1afiel; Secretaria Ejecutiva de la Sociedad Agr\u00edcola del Norte, Daniela Norambuena; Agricultor, Ulises Contador; Gerente de la Junta de Vigilancia R\u00edo Elqui, Alejandra Mar\u00edn; Acad\u00e9mico e Investigador de la Universidad de La Serena, Pablo \u00c1lvarez; Coordinador Zona Norte Chico CNR, Felipe Ventura; Director Regional INDAP\u00a0 Coquimbo, Jos\u00e9 Sep\u00falveda y desde INIA Intihuasi particip\u00f3 Edgardo D\u00edaz Director Regional, Mario Veliz Encargado de Gesti\u00f3n de Proyecto y Secretario T\u00e9cnico junto a Paola D\u00edaz Jefa de Administraci\u00f3n y Finanzas.<\/p>\n<p>Edgardo D\u00edaz Director Regional de INIA Intihuasi se\u00f1al\u00f3 \u201cesta instancia es muy enriquecedora para nosotros, ya que podemos compartir nuestro quehacer y recibir la retroalimentaci\u00f3n desde importantes actores vinculados a la agricultura, quienes adem\u00e1s nos ayudan a visualizar las necesidades y oportunidades del sector para poner en valor las distintas especialidades de nuestro Instituto. De esta forma podemos dirigir nuestras investigaciones y transferir conocimientos para promover la sustentabilidad en la producci\u00f3n de agroalimentos. Estamos en la b\u00fasqueda permanente de nuevas estrategias para ser m\u00e1s efectivos en la modernizaci\u00f3n y la incorporaci\u00f3n de nuevas tecnolog\u00edas en nuestros campos, buscando incrementar la eficiencia en el uso de los recursos y tambi\u00e9n contribuir desde una perspectiva social, ya que, si contribuimos a mejorar las condiciones en el campo, tambi\u00e9n podemos mejorar la calidad de vida y las posibilidades de desarrollo en el mundo rural\u201d.<\/p>\n","protected":false},"excerpt":{"rendered":"<p>El objetivo del Consejo Externo es apoyar en los lineamientos del plan anual de trabajo de INIA Intihuasi en la macrozona norte, enfocado en las necesidades del sector, siendo as\u00ed un aporte cada uno de los integrantes del Consejo, quienes trabajan en distintas \u00e1reas relacionadas directamente con el quehacer de INIA.<\/p>\n","protected":false},"author":2,"featured_media":3136,"comment_status":"open","ping_status":"open","sticky":false,"template":"","format":"standard","meta":{"footnotes":""},"categories":[6],"tags":[],"class_list":["post-3135","post","type-post","status-publish","format-standard","has-post-thumbnail","hentry","category-regionales"],"_links":{"self":[{"href":"https:\/\/www.radiolimari.cl\/index.php?rest_route=\/wp\/v2\/posts\/3135","targetHints":{"allow":["GET"]}}],"collection":[{"href":"https:\/\/www.radiolimari.cl\/index.php?rest_route=\/wp\/v2\/posts"}],"about":[{"href":"https:\/\/www.radiolimari.cl\/index.php?rest_route=\/wp\/v2\/types\/post"}],"author":[{"embeddable":true,"href":"https:\/\/www.radiolimari.cl\/index.php?rest_route=\/wp\/v2\/users\/2"}],"replies":[{"embeddable":true,"href":"https:\/\/www.radiolimari.cl\/index.php?rest_route=%2Fwp%2Fv2%2Fcomments&post=3135"}],"version-history":[{"count":1,"href":"https:\/\/www.radiolimari.cl\/index.php?rest_route=\/wp\/v2\/posts\/3135\/revisions"}],"predecessor-version":[{"id":3137,"href":"https:\/\/www.radiolimari.cl\/index.php?rest_route=\/wp\/v2\/posts\/3135\/revisions\/3137"}],"wp:featuredmedia":[{"embeddable":true,"href":"https:\/\/www.radiolimari.cl\/index.php?rest_route=\/wp\/v2\/media\/3136"}],"wp:attachment":[{"href":"https:\/\/www.radiolimari.cl\/index.php?rest_route=%2Fwp%2Fv2%2Fmedia&parent=3135"}],"wp:term":[{"taxonomy":"category","embeddable":true,"href":"https:\/\/www.radiolimari.cl\/index.php?rest_route=%2Fwp%2Fv2%2Fcategories&post=3135"},{"taxonomy":"post_tag","embeddable":true,"href":"https:\/\/www.radiolimari.cl\/index.php?rest_route=%2Fwp%2Fv2%2Ftags&post=3135"}],"curies":[{"name":"wp","href":"https:\/\/api.w.org\/{rel}","templated":true}]}}