{"id":3129,"date":"2020-07-30T14:51:19","date_gmt":"2020-07-30T14:51:19","guid":{"rendered":"http:\/\/www.radiolimari.cl\/?p=3129"},"modified":"2020-07-30T14:53:18","modified_gmt":"2020-07-30T14:53:18","slug":"banco-de-chile-y-bazar-ed-realizan-gran-feria-online-en-apoyo-a-pymes-y-emprendedores","status":"publish","type":"post","link":"https:\/\/www.radiolimari.cl\/?p=3129","title":{"rendered":"Banco de Chile y Bazar ED realizan gran feria online en apoyo a pymes y emprendedores"},"content":{"rendered":"<p><a href=\"https:\/\/www.radiolimari.cl\/wp-content\/uploads\/2020\/07\/30.07-Claudia-Herrera-gerente-Divisio\u0301n-Marketing-y-Banca-Digital-de-Banco-de-Chile-11.jpg\"><img fetchpriority=\"high\" decoding=\"async\" class=\"alignnone size-medium wp-image-3133\" src=\"https:\/\/www.radiolimari.cl\/wp-content\/uploads\/2020\/07\/30.07-Claudia-Herrera-gerente-Divisio\u0301n-Marketing-y-Banca-Digital-de-Banco-de-Chile-11-300x171.jpg\" alt=\"30.07 Claudia Herrera, gerente Divisio\u0301n Marketing y Banca Digital de Banco de Chile (1)\" width=\"300\" height=\"171\" srcset=\"https:\/\/www.radiolimari.cl\/wp-content\/uploads\/2020\/07\/30.07-Claudia-Herrera-gerente-Divisio\u0301n-Marketing-y-Banca-Digital-de-Banco-de-Chile-11-300x171.jpg 300w, https:\/\/www.radiolimari.cl\/wp-content\/uploads\/2020\/07\/30.07-Claudia-Herrera-gerente-Divisio\u0301n-Marketing-y-Banca-Digital-de-Banco-de-Chile-11-1024x585.jpg 1024w\" sizes=\"(max-width: 300px) 100vw, 300px\" \/><\/a><\/p>\n<p><strong>Evento se realizar\u00e1 entre hoy jueves y el pr\u00f3ximo lunes, y forma parte del Programa Pymes para Chile de Banco de Chile:<\/strong><!--more--><\/p>\n<p>Atractivos y novedosos productos elaborados por emprendedores, microempresarios y pymes de todo el pa\u00eds, adem\u00e1s de cinco d\u00edas de acompa\u00f1amiento, entretenci\u00f3n y una serie de panoramas online gratuitos para toda la familia, son algunas de las actividades que ofrecer\u00e1 una nueva versi\u00f3n de Bazar ED.<\/p>\n<p>Esta reconocida vitrina se realizar\u00e1 entre hoy jueves 30 de julio y el pr\u00f3ximo lunes 3 de agosto, y agrupar\u00e1 a m\u00e1s de 200 expositores. Por primera vez, la feria se realizar\u00e1 de manera 100% digital a trav\u00e9s del sitio web <a href=\"http:\/\/www.bazared.cl\">bazared.cl<\/a>, debido a la pandemia por Covid-19 que afecta al pa\u00eds y las medidas de confinamiento establecidas por las autoridades.<\/p>\n<p>El evento es organizado por la <strong>Revista ED<\/strong>, del Grupo DF, y cuenta con el apoyo de <strong>Banco de Chile<\/strong>, en el marco de su <strong>Programa Pymes para Chile y su Plan Nacional de Apoyo a la Comunidad<\/strong>, que incluye una serie de medidas para ir en ayuda de los sectores m\u00e1s afectados por esta emergencia sanitaria y social.<\/p>\n<p>Bazar ED es el primer espacio de contenido online en Chile para visibilizar a los emprendedores, micro, peque\u00f1as y medianas empresas del pa\u00eds. Esta feria representa un lugar atractivo de interacci\u00f3n con clientes que les permitir\u00e1 a los expositores dar a conocer sus productos y aumentar sus ventas de forma remota, lo que cobra especial relevancia por la pandemia y sus efectos econ\u00f3micos y sociales.<\/p>\n<p>\u201cEstamos conscientes del dif\u00edcil momento que atraviesan miles de emprendedores, microempresarios y pymes a lo largo del pa\u00eds. El avance de la pandemia ha afectado a much\u00edsimos de ellos y por lo mismo, reafirmando una vez m\u00e1s nuestro compromiso con el pa\u00eds y el emprendimiento, hemos desarrollado nuevos espacios que permitan darles visibilidad y aumentar sus ventas. De eso se trata Bazar ED, una nueva vitrina virtual de nuestro <strong>Programa Pymes para Chile,<\/strong> donde las personas podr\u00e1n conocer y apoyar a los expositores, y disfrutar al mismo tiempo de atractivos panoramas familiares desde la seguridad de sus hogares\u201d, destac\u00f3<strong> Claudia Herrera, gerente de la Divisi\u00f3n Marketing y Banca Digital de Banco de Chile.<\/strong><\/p>\n<p>Adem\u00e1s de aprovechar los descuentos especiales y variedad de productos, quienes ingresen al sitio web <a href=\"http:\/\/www.bazared.cl\">bazared.cl<\/a> tambi\u00e9n podr\u00e1n participar y disfrutar de distintos talleres gratuitos online, como clases de cocina dictadas por reconocidos chefs, clases de yoga, asesor\u00edas de imagen, actividades para ni\u00f1os y m\u00fasica en vivo. A la vez, habr\u00e1 entrevistas a personajes destacados que podr\u00e1n ser seguidas a trav\u00e9s de distintas plataformas digitales.<\/p>\n<p>M\u00e1s informaci\u00f3n y programa de actividades en <a href=\"http:\/\/www.bazared.cl\">bazared.cl<\/a><\/p>\n","protected":false},"excerpt":{"rendered":"<p>Evento se realizar\u00e1 entre hoy jueves y el pr\u00f3ximo lunes, y forma parte del Programa Pymes para Chile de Banco de Chile:<\/p>\n","protected":false},"author":2,"featured_media":3133,"comment_status":"open","ping_status":"open","sticky":false,"template":"","format":"standard","meta":{"footnotes":""},"categories":[3],"tags":[],"class_list":["post-3129","post","type-post","status-publish","format-standard","has-post-thumbnail","hentry","category-actualidad"],"_links":{"self":[{"href":"https:\/\/www.radiolimari.cl\/index.php?rest_route=\/wp\/v2\/posts\/3129","targetHints":{"allow":["GET"]}}],"collection":[{"href":"https:\/\/www.radiolimari.cl\/index.php?rest_route=\/wp\/v2\/posts"}],"about":[{"href":"https:\/\/www.radiolimari.cl\/index.php?rest_route=\/wp\/v2\/types\/post"}],"author":[{"embeddable":true,"href":"https:\/\/www.radiolimari.cl\/index.php?rest_route=\/wp\/v2\/users\/2"}],"replies":[{"embeddable":true,"href":"https:\/\/www.radiolimari.cl\/index.php?rest_route=%2Fwp%2Fv2%2Fcomments&post=3129"}],"version-history":[{"count":3,"href":"https:\/\/www.radiolimari.cl\/index.php?rest_route=\/wp\/v2\/posts\/3129\/revisions"}],"predecessor-version":[{"id":3134,"href":"https:\/\/www.radiolimari.cl\/index.php?rest_route=\/wp\/v2\/posts\/3129\/revisions\/3134"}],"wp:featuredmedia":[{"embeddable":true,"href":"https:\/\/www.radiolimari.cl\/index.php?rest_route=\/wp\/v2\/media\/3133"}],"wp:attachment":[{"href":"https:\/\/www.radiolimari.cl\/index.php?rest_route=%2Fwp%2Fv2%2Fmedia&parent=3129"}],"wp:term":[{"taxonomy":"category","embeddable":true,"href":"https:\/\/www.radiolimari.cl\/index.php?rest_route=%2Fwp%2Fv2%2Fcategories&post=3129"},{"taxonomy":"post_tag","embeddable":true,"href":"https:\/\/www.radiolimari.cl\/index.php?rest_route=%2Fwp%2Fv2%2Ftags&post=3129"}],"curies":[{"name":"wp","href":"https:\/\/api.w.org\/{rel}","templated":true}]}}