{"id":3110,"date":"2020-07-29T14:23:35","date_gmt":"2020-07-29T14:23:35","guid":{"rendered":"http:\/\/www.radiolimari.cl\/?p=3110"},"modified":"2020-07-29T14:23:35","modified_gmt":"2020-07-29T14:23:35","slug":"fosis-lanza-postulaciones-para-iniciativa-que-fortalece-las-capacidades-digitales-de-los-emprendedores","status":"publish","type":"post","link":"https:\/\/www.radiolimari.cl\/?p=3110","title":{"rendered":"FOSIS lanza postulaciones para iniciativa que fortalece las capacidades digitales de los emprendedores"},"content":{"rendered":"<p><a href=\"https:\/\/www.radiolimari.cl\/wp-content\/uploads\/2020\/07\/29.07-fosis-DesafioDigital_FB.png\"><img fetchpriority=\"high\" decoding=\"async\" class=\"alignnone size-medium wp-image-3111\" src=\"https:\/\/www.radiolimari.cl\/wp-content\/uploads\/2020\/07\/29.07-fosis-DesafioDigital_FB-300x300.png\" alt=\"29.07 fosis DesafioDigital_FB\" width=\"300\" height=\"300\" srcset=\"https:\/\/www.radiolimari.cl\/wp-content\/uploads\/2020\/07\/29.07-fosis-DesafioDigital_FB-300x300.png 300w, https:\/\/www.radiolimari.cl\/wp-content\/uploads\/2020\/07\/29.07-fosis-DesafioDigital_FB-150x150.png 150w, https:\/\/www.radiolimari.cl\/wp-content\/uploads\/2020\/07\/29.07-fosis-DesafioDigital_FB-70x70.png 70w, https:\/\/www.radiolimari.cl\/wp-content\/uploads\/2020\/07\/29.07-fosis-DesafioDigital_FB.png 1000w\" sizes=\"(max-width: 300px) 100vw, 300px\" \/><\/a><\/p>\n<p><strong>El fondo Desaf\u00edo Digital convoca a la sociedad civil y al sector privado a presentar soluciones relacionadas al desarrollo del \u00e1rea digital para que los y las emprendedoras aumenten sus ventas y podr\u00e1n postular en <a href=\"http:\/\/www.fosis.gob.cl\">www.fosis.gob.cl<\/a><\/strong><!--more--><\/p>\n<p>Desaf\u00edo Digital es una convocatoria de FOSIS, abierta a la sociedad civil, al sector privado y la academia para presentar soluciones innovadoras que fortalezcan o instalen capacidades digitales en emprendedores en situaci\u00f3n de pobreza y\/o vulnerabilidad, en las regiones de Antofagasta, Coquimbo, O\u2019Higgins y Maule.<\/p>\n<p>&nbsp;<\/p>\n<p>En la regi\u00f3n de Coquimbo, la inversi\u00f3n ser\u00e1 de $38 millones de pesos para financiar una iniciativa piloto que llegue a 80 emprendedores para fortalecer sus capacidades digitales y as\u00ed, mejorar las ventas de sus emprendimientos.<\/p>\n<p>&nbsp;<\/p>\n<p>Al respecto, la directora regional del FOSIS, Loreto Molina, sostuvo que \u201cestamos lanzando esta iniciativa que es Desaf\u00edo Digital y que ser\u00e1 un programa piloto del FOSIS en 4 regiones del pa\u00eds; Antofagasta, Coquimbo, O\u2019Higgins y Maule. Ac\u00e1 lo que se busca es que organizaciones de la sociedad civil, del sector privado o universidades puedan generar una propuesta para mejorar las capacidades digitales de los emprendedores de la regi\u00f3n y as\u00ed se pueda ampliar las posibilidades de venta que ellos tienen, especialmente en estos tiempos en que estamos enfrentando esta pandemia por Covid-19\u201d.<\/p>\n<p>&nbsp;<\/p>\n<p>Podr\u00e1n postular organizaciones que se encuentren constituidas como persona jur\u00eddica de derecho privado, con o sin fines de lucro, y\/o universidades p\u00fablicas o privadas, que hayan desarrollado una iniciativa que est\u00e9 probada y se relacione con el desaf\u00edo planteado. Es decir, se aceptar\u00e1n postulaciones de proyectos con un avanzado grado de desarrollo en su dise\u00f1o.<\/p>\n<p>Las postulaciones est\u00e1n habilitadas hasta el 17 de agosto en el sitio web <a href=\"http:\/\/www.fosis.gob.cl\">www.fosis.gob.cl<\/a> y la convocatoria recibir\u00e1 preguntas de los postulantes hasta el 14 de agosto a las 16:00 horas al correo electr\u00f3nico <a href=\"mailto:juan.uribe@fosis.gob.cl\">juan.uribe@fosis.gob.cl<\/a><\/p>\n<p>&nbsp;<\/p>\n","protected":false},"excerpt":{"rendered":"<p>El fondo Desaf\u00edo Digital convoca a la sociedad civil y al sector privado a presentar soluciones relacionadas al desarrollo del \u00e1rea digital para que los y las emprendedoras aumenten sus ventas y podr\u00e1n postular en www.fosis.gob.cl<\/p>\n","protected":false},"author":2,"featured_media":3111,"comment_status":"open","ping_status":"open","sticky":false,"template":"","format":"standard","meta":{"footnotes":""},"categories":[6],"tags":[],"class_list":["post-3110","post","type-post","status-publish","format-standard","has-post-thumbnail","hentry","category-regionales"],"_links":{"self":[{"href":"https:\/\/www.radiolimari.cl\/index.php?rest_route=\/wp\/v2\/posts\/3110","targetHints":{"allow":["GET"]}}],"collection":[{"href":"https:\/\/www.radiolimari.cl\/index.php?rest_route=\/wp\/v2\/posts"}],"about":[{"href":"https:\/\/www.radiolimari.cl\/index.php?rest_route=\/wp\/v2\/types\/post"}],"author":[{"embeddable":true,"href":"https:\/\/www.radiolimari.cl\/index.php?rest_route=\/wp\/v2\/users\/2"}],"replies":[{"embeddable":true,"href":"https:\/\/www.radiolimari.cl\/index.php?rest_route=%2Fwp%2Fv2%2Fcomments&post=3110"}],"version-history":[{"count":1,"href":"https:\/\/www.radiolimari.cl\/index.php?rest_route=\/wp\/v2\/posts\/3110\/revisions"}],"predecessor-version":[{"id":3112,"href":"https:\/\/www.radiolimari.cl\/index.php?rest_route=\/wp\/v2\/posts\/3110\/revisions\/3112"}],"wp:featuredmedia":[{"embeddable":true,"href":"https:\/\/www.radiolimari.cl\/index.php?rest_route=\/wp\/v2\/media\/3111"}],"wp:attachment":[{"href":"https:\/\/www.radiolimari.cl\/index.php?rest_route=%2Fwp%2Fv2%2Fmedia&parent=3110"}],"wp:term":[{"taxonomy":"category","embeddable":true,"href":"https:\/\/www.radiolimari.cl\/index.php?rest_route=%2Fwp%2Fv2%2Fcategories&post=3110"},{"taxonomy":"post_tag","embeddable":true,"href":"https:\/\/www.radiolimari.cl\/index.php?rest_route=%2Fwp%2Fv2%2Ftags&post=3110"}],"curies":[{"name":"wp","href":"https:\/\/api.w.org\/{rel}","templated":true}]}}