{"id":3104,"date":"2020-07-28T18:55:26","date_gmt":"2020-07-28T18:55:26","guid":{"rendered":"http:\/\/www.radiolimari.cl\/?p=3104"},"modified":"2020-07-28T18:55:26","modified_gmt":"2020-07-28T18:55:26","slug":"seremi-de-la-mujer-de-la-region-de-coquimbo-llama-a-madres-a-utilizar-nueva-ley-de-crianza-protegida","status":"publish","type":"post","link":"https:\/\/www.radiolimari.cl\/?p=3104","title":{"rendered":"Seremi de la Mujer de la Regi\u00f3n de Coquimbo,  llama a madres a utilizar nueva Ley de Crianza Protegida"},"content":{"rendered":"<p><a href=\"https:\/\/www.radiolimari.cl\/wp-content\/uploads\/2020\/07\/28.07-sernameg.jpg\"><img fetchpriority=\"high\" decoding=\"async\" class=\"alignnone size-medium wp-image-3105\" src=\"https:\/\/www.radiolimari.cl\/wp-content\/uploads\/2020\/07\/28.07-sernameg-300x199.jpg\" alt=\"28.07 sernameg\" width=\"300\" height=\"199\" srcset=\"https:\/\/www.radiolimari.cl\/wp-content\/uploads\/2020\/07\/28.07-sernameg-300x199.jpg 300w, https:\/\/www.radiolimari.cl\/wp-content\/uploads\/2020\/07\/28.07-sernameg-1024x682.jpg 1024w, https:\/\/www.radiolimari.cl\/wp-content\/uploads\/2020\/07\/28.07-sernameg.jpg 1280w\" sizes=\"(max-width: 300px) 100vw, 300px\" \/><\/a><\/p>\n<p>Desde hoy, madres y padres, pueden realizar la solicitud en l\u00ednea para acceder al beneficio de la Licencia M\u00e9dica Parental<!--more--><\/p>\n<p>Comenz\u00f3 a estar disponible el tr\u00e1mite en l\u00ednea para acceder a la Licencia M\u00e9dica Preventiva Parental COVID-19 que permitir\u00e1 a cerca de 45 mil padres o madres -cuyo permiso postnatal parental haya vencido o vaya a vencer entre el 18 de marzo de 2020 y el fin del Estado de Cat\u00e1strofe- recibir un subsidio equivalente al recibido por el permiso postnatal parental.<\/p>\n<p>Para acceder al beneficio de esta nueva Ley, las personas deben ingresar al sitio web de la Superintendencia de Seguridad Social (<a href=\"http:\/\/www.suseso.cl\">www.suseso.cl<\/a>) y pinchar en el banner o barra donde dice \u201cLicencia M\u00e9dica Preventiva Parental\u201d. All\u00ed ingresa y solicita la Licencia con su clave \u00fanica.<\/p>\n<p>La seremi de la Mujer y la Equidad de G\u00e9nero, Iv\u00f3n Guerra Aguilera inst\u00f3 a las madres beneficiarias a que accedan desde este martes 28 de julio a los beneficios de la Ley Crianza Protegida, <strong>\u201ces importante hacer un llamado a las mujeres, a las madres a que accedan a este beneficio del Estado. Si a usted se le venci\u00f3 el postnatal desde el 18 de marzo en adelante, ingrese a <a href=\"http:\/\/www.suseso.cl\">www.suseso.cl<\/a> y haga el tr\u00e1mite para que sea beneficiaria de esta Licencia Parental de la Ley de Crianza Protegida. Tal como lo dijo nuestra Ministra, M\u00f3nica Zalaquett esta iniciativa nos permitir\u00e1 cuidar adecuadamente a nuestros ni\u00f1os sin tener el temor de perder nuestro trabajo\u201d. <\/strong><\/p>\n<p>Por su parte, el seremi del Trabajo y de Previsi\u00f3n Social, Mat\u00edas Villalobos, agreg\u00f3<strong>, \u201cesta Ley nace de un acuerdo muy positivo que se hace cargo de una necesidad muy importante y urgente de miles de madres y padres en Chile, como es el cuidado de sus hijos. Adem\u00e1s, posee un componente importante de corresponsabilidad ya que en el caso de la Licencia M\u00e9dica Covid19 podr\u00e1n acceder los padres y madres o cuidador\u201d. <\/strong><\/p>\n<p>La extensi\u00f3n de la licencia ser\u00e1 de 30 d\u00edas y se podr\u00e1 prorrogar 2 veces, totalizando un beneficio de 90 d\u00edas adicionales al postnatal parental. La licencia expirar\u00e1 cuando termine el Estado de Excepci\u00f3n Constitucional de Cat\u00e1strofe o la vigencia de la Ley.<\/p>\n<p>Esta medida forma parte de la Red de Protecci\u00f3n Social que ha puesto en marcha el Gobierno para apoyar a las familias vulnerables y de clase media por la pandemia<\/p>\n<p>&nbsp;<\/p>\n","protected":false},"excerpt":{"rendered":"<p>Desde hoy, madres y padres, pueden realizar la solicitud en l\u00ednea para acceder al beneficio de la Licencia M\u00e9dica Parental<\/p>\n","protected":false},"author":2,"featured_media":3105,"comment_status":"open","ping_status":"open","sticky":false,"template":"","format":"standard","meta":{"footnotes":""},"categories":[6],"tags":[],"class_list":["post-3104","post","type-post","status-publish","format-standard","has-post-thumbnail","hentry","category-regionales"],"_links":{"self":[{"href":"https:\/\/www.radiolimari.cl\/index.php?rest_route=\/wp\/v2\/posts\/3104","targetHints":{"allow":["GET"]}}],"collection":[{"href":"https:\/\/www.radiolimari.cl\/index.php?rest_route=\/wp\/v2\/posts"}],"about":[{"href":"https:\/\/www.radiolimari.cl\/index.php?rest_route=\/wp\/v2\/types\/post"}],"author":[{"embeddable":true,"href":"https:\/\/www.radiolimari.cl\/index.php?rest_route=\/wp\/v2\/users\/2"}],"replies":[{"embeddable":true,"href":"https:\/\/www.radiolimari.cl\/index.php?rest_route=%2Fwp%2Fv2%2Fcomments&post=3104"}],"version-history":[{"count":1,"href":"https:\/\/www.radiolimari.cl\/index.php?rest_route=\/wp\/v2\/posts\/3104\/revisions"}],"predecessor-version":[{"id":3106,"href":"https:\/\/www.radiolimari.cl\/index.php?rest_route=\/wp\/v2\/posts\/3104\/revisions\/3106"}],"wp:featuredmedia":[{"embeddable":true,"href":"https:\/\/www.radiolimari.cl\/index.php?rest_route=\/wp\/v2\/media\/3105"}],"wp:attachment":[{"href":"https:\/\/www.radiolimari.cl\/index.php?rest_route=%2Fwp%2Fv2%2Fmedia&parent=3104"}],"wp:term":[{"taxonomy":"category","embeddable":true,"href":"https:\/\/www.radiolimari.cl\/index.php?rest_route=%2Fwp%2Fv2%2Fcategories&post=3104"},{"taxonomy":"post_tag","embeddable":true,"href":"https:\/\/www.radiolimari.cl\/index.php?rest_route=%2Fwp%2Fv2%2Ftags&post=3104"}],"curies":[{"name":"wp","href":"https:\/\/api.w.org\/{rel}","templated":true}]}}