{"id":3096,"date":"2020-07-28T14:01:14","date_gmt":"2020-07-28T14:01:14","guid":{"rendered":"http:\/\/www.radiolimari.cl\/?p=3096"},"modified":"2020-07-28T14:01:14","modified_gmt":"2020-07-28T14:01:14","slug":"seremi-del-trabajo-aclara-cuales-son-las-empresas-consideradas-esenciales","status":"publish","type":"post","link":"https:\/\/www.radiolimari.cl\/?p=3096","title":{"rendered":"Seremi del Trabajo aclara cu\u00e1les son las empresas consideradas esenciales"},"content":{"rendered":"<p><a href=\"https:\/\/www.radiolimari.cl\/wp-content\/uploads\/2020\/07\/28.07-seremi-trabajo.jpeg\"><img fetchpriority=\"high\" decoding=\"async\" class=\"alignnone size-medium wp-image-3097\" src=\"https:\/\/www.radiolimari.cl\/wp-content\/uploads\/2020\/07\/28.07-seremi-trabajo-300x250.jpeg\" alt=\"28.07 seremi trabajo\" width=\"300\" height=\"250\" srcset=\"https:\/\/www.radiolimari.cl\/wp-content\/uploads\/2020\/07\/28.07-seremi-trabajo-300x250.jpeg 300w, https:\/\/www.radiolimari.cl\/wp-content\/uploads\/2020\/07\/28.07-seremi-trabajo.jpeg 1024w\" sizes=\"(max-width: 300px) 100vw, 300px\" \/><\/a><\/p>\n<p><strong><em>La autoridad laboral detall\u00f3 los casos en que se autoriza el desplazamiento de personas a sus lugares de trabajo.<\/em><\/strong><!--more--><\/p>\n<p>A partir de las 22 horas de este desde este mi\u00e9rcoles 29 de julio la autoridad sanitaria decret\u00f3 cuarentena en las comunas de Coquimbo y La Serena, que restringe la libre circulaci\u00f3n de personas con el fin de evitar la transmisi\u00f3n comunitaria y expansi\u00f3n del virus.<\/p>\n<p>Sin embargo, existen situaciones donde se habilita el desplazamiento de personas que cumplen labores esenciales tales como personal de la salud y laboratorios, tambi\u00e9n quienes se desempe\u00f1en en labores de emergencia, personal de servicios de utilidad p\u00fablica, empleados p\u00fablicos, trabajadores que se desempe\u00f1en en labores de alimentaci\u00f3n, transporte, seguridad, prensa y educaci\u00f3n, entre otros.<\/p>\n<p>Al respecto el Seremi del Trabajo, Mat\u00edas Villalobos, explic\u00f3 que \u201cel llamado que se est\u00e1 haciendo es a respetar el confinamiento y a tomar todas las medidas pertinentes a fin de mejorar la situaci\u00f3n sanitaria adversa que estamos viviendo. En el caso de los trabajadores que prestan servicios esenciales podr\u00e1n continuar con sus labores y desplazarse hacia y desde sus lugares de trabajo portando carnet de identidad y un permiso \u00fanico colectivo, el que debe ser solicitado por el empleador a trav\u00e9s de www.comisariavirtual.cl.\u00a0 En el caso de los profesionales de la salud, emergencia y transporte, podr\u00e1n transitar con su credenciales y carnet de identidad\u201d.<\/p>\n<p>La solicitud de permisos \u00fanicos colectivos podr\u00e1 ser obtenida por medio de comisar\u00eda virtual y es v\u00e1lido para el desplazamiento por sectores que se encuentren en cuarentena territorial, para asistir al trabajo de manera presencial o para la realizaci\u00f3n de otros tr\u00e1mites propios del cumplimiento de sus funciones.<\/p>\n<p>Respecto a las dem\u00e1s empresas se instruy\u00f3 la paralizaci\u00f3n de funciones, para lo que rige la Ley de Protecci\u00f3n de Empleo, para los trabajadores dependientes y cotizantes en el Seguro de Cesant\u00eda, en cuyo caso opera el acto de autoridad donde se suspenden las obligaciones del contrato de trabajo, los trabajadores puedan acceder a ingresos a trav\u00e9s del Seguro de Cesant\u00eda y excluye al trabajador de prestar un servicio; y obliga al empleador a mantener el pago de las cotizaciones previsionales y de salud.<\/p>\n<p>\u201cEs importante se\u00f1alar que los trabajadores que cuenten con suspensi\u00f3n de contrato el empleador no puede solicitar al trabajador ninguna funci\u00f3n laboral, y el hacerlo implica sanciones\u201d, agreg\u00f3 el Seremi del Trabajo.<\/p>\n<p>La autoridad laboral, adem\u00e1s manifest\u00f3 que las denuncias de incumplimiento de la ley laboral pueden efectuarse en el sitio web de la Direcci\u00f3n del Trabajo <a href=\"http:\/\/www.dt.gob.cl\">www.dt.gob.cl<\/a>; y\u00a0 \u00a0que se efectuar\u00e1n fiscalizaciones en conjunto con las polic\u00edas para verificar el cumplimento de la normativa vigente.<\/p>\n","protected":false},"excerpt":{"rendered":"<p>La autoridad laboral detall\u00f3 los casos en que se autoriza el desplazamiento de personas a sus lugares de trabajo.<\/p>\n","protected":false},"author":2,"featured_media":3097,"comment_status":"open","ping_status":"open","sticky":false,"template":"","format":"standard","meta":{"footnotes":""},"categories":[6],"tags":[],"class_list":["post-3096","post","type-post","status-publish","format-standard","has-post-thumbnail","hentry","category-regionales"],"_links":{"self":[{"href":"https:\/\/www.radiolimari.cl\/index.php?rest_route=\/wp\/v2\/posts\/3096","targetHints":{"allow":["GET"]}}],"collection":[{"href":"https:\/\/www.radiolimari.cl\/index.php?rest_route=\/wp\/v2\/posts"}],"about":[{"href":"https:\/\/www.radiolimari.cl\/index.php?rest_route=\/wp\/v2\/types\/post"}],"author":[{"embeddable":true,"href":"https:\/\/www.radiolimari.cl\/index.php?rest_route=\/wp\/v2\/users\/2"}],"replies":[{"embeddable":true,"href":"https:\/\/www.radiolimari.cl\/index.php?rest_route=%2Fwp%2Fv2%2Fcomments&post=3096"}],"version-history":[{"count":1,"href":"https:\/\/www.radiolimari.cl\/index.php?rest_route=\/wp\/v2\/posts\/3096\/revisions"}],"predecessor-version":[{"id":3098,"href":"https:\/\/www.radiolimari.cl\/index.php?rest_route=\/wp\/v2\/posts\/3096\/revisions\/3098"}],"wp:featuredmedia":[{"embeddable":true,"href":"https:\/\/www.radiolimari.cl\/index.php?rest_route=\/wp\/v2\/media\/3097"}],"wp:attachment":[{"href":"https:\/\/www.radiolimari.cl\/index.php?rest_route=%2Fwp%2Fv2%2Fmedia&parent=3096"}],"wp:term":[{"taxonomy":"category","embeddable":true,"href":"https:\/\/www.radiolimari.cl\/index.php?rest_route=%2Fwp%2Fv2%2Fcategories&post=3096"},{"taxonomy":"post_tag","embeddable":true,"href":"https:\/\/www.radiolimari.cl\/index.php?rest_route=%2Fwp%2Fv2%2Ftags&post=3096"}],"curies":[{"name":"wp","href":"https:\/\/api.w.org\/{rel}","templated":true}]}}