{"id":3068,"date":"2020-07-24T17:28:51","date_gmt":"2020-07-24T17:28:51","guid":{"rendered":"http:\/\/www.radiolimari.cl\/?p=3068"},"modified":"2020-07-24T17:28:51","modified_gmt":"2020-07-24T17:28:51","slug":"86-dirigentes-sindicales-de-la-region-de-coquimbo-fueron-capacitados-en-tema-contingentes-por-direccion-del-trabajo","status":"publish","type":"post","link":"https:\/\/www.radiolimari.cl\/?p=3068","title":{"rendered":"86 dirigentes sindicales de la Regi\u00f3n de Coquimbo fueron capacitados en tema contingentes por Direcci\u00f3n del Trabajo"},"content":{"rendered":"<p><a href=\"https:\/\/www.radiolimari.cl\/wp-content\/uploads\/2020\/07\/24.07-Coquimbo-capacitaci\u00f3n-dirigentes-sindicales.jpg\"><img fetchpriority=\"high\" decoding=\"async\" class=\"alignnone size-medium wp-image-3069\" src=\"https:\/\/www.radiolimari.cl\/wp-content\/uploads\/2020\/07\/24.07-Coquimbo-capacitaci\u00f3n-dirigentes-sindicales-300x225.jpg\" alt=\"24.07 Coquimbo capacitaci\u00f3n dirigentes sindicales\" width=\"300\" height=\"225\" srcset=\"https:\/\/www.radiolimari.cl\/wp-content\/uploads\/2020\/07\/24.07-Coquimbo-capacitaci\u00f3n-dirigentes-sindicales-300x225.jpg 300w, https:\/\/www.radiolimari.cl\/wp-content\/uploads\/2020\/07\/24.07-Coquimbo-capacitaci\u00f3n-dirigentes-sindicales.jpg 1024w\" sizes=\"(max-width: 300px) 100vw, 300px\" \/><\/a><\/p>\n<p><strong><em>Capacitaci\u00f3n a distancia incluy\u00f3 a la nueva ley de teletrabajo, seguridad laboral en tiempos de pandemia y di\u00e1logo social<\/em><\/strong><!--more--><\/p>\n<p>La Direcci\u00f3n Regional del Trabajo (DRT) capacit\u00f3 esta semana a 86 dirigentes sindicales de toda la Regi\u00f3n de Coquimbo en tem\u00e1ticas de m\u00e1xima importancia en la actual contingencia de emergencia sanitaria.<\/p>\n<p>&nbsp;<\/p>\n<p>A la sesi\u00f3n a distancia se conectaron dirigentes de las \u00e1reas minera, comercio, servicios y educacional. Esta \u00faltima sum\u00f3 esta vez representantes del magisterio interesados en la contingente tem\u00e1tica expuesta.<\/p>\n<p>&nbsp;<\/p>\n<p>La nueva ley de teletrabajo fue explicada en profundidad por el coordinador jur\u00eddico regional de la DRT, El\u00edas Alcayaga; seguridad y salud en el trabajo en tiempos de pandemia lo abord\u00f3 el encargado de salud ocupacional de la Seremi de Salud, Pablo Rojas, mientras que el di\u00e1logo social estuvo a cargo del director regional del Trabajo, Rodrigo Fern\u00e1ndez Portaluppi.<\/p>\n<p>&nbsp;<\/p>\n<p>El director del Trabajo explic\u00f3 que \u201cproseguimos realizando estas capacitaciones que han tenido una alta participaci\u00f3n, lo que demuestra la necesidad de los dirigentes sindicales de nuestra regi\u00f3n por adquirir conocimientos de urgente necesidad en estos tiempos especiales y muy dif\u00edciles en el mundo del trabajo; por eso, continuaremos capacitando a distancia, que es el modo en que podemos seguir transmitiendo conocimientos necesarios a los trabajadores y sus representantes\u201d.<\/p>\n<p>&nbsp;<\/p>\n<p>La coordinadora regional de Relaciones Laborales, Ver\u00f3nica Rodr\u00edguez, a\u00f1adi\u00f3 que \u201cla actividad fue muy exitosa y valorada por los participantes, quienes aprovecharon la instancia para realizar diversas consultas y, adem\u00e1s, solicitar algunas fiscalizaciones\u201d.<\/p>\n<p>Por su parte el Seremi del Trabajo, Mat\u00edas Villalobos, destac\u00f3 la instancia de di\u00e1logo y participaci\u00f3n y la importancia de entregar informaci\u00f3n en estos tiempos.<\/p>\n<p>&nbsp;<\/p>\n<p>\u201ces muy relevante mantener los canales de comunicaci\u00f3n con los dirigentes para poder compartir y entregarles la mayor cantidad informaci\u00f3n, y as\u00ed ellos puedan difundirlas con los trabajadores que ellos representan\u201d, concluy\u00f3 el Seremi del Trabajo.<\/p>\n<p>&nbsp;<\/p>\n","protected":false},"excerpt":{"rendered":"<p>Capacitaci\u00f3n a distancia incluy\u00f3 a la nueva ley de teletrabajo, seguridad laboral en tiempos de pandemia y di\u00e1logo social<\/p>\n","protected":false},"author":2,"featured_media":3069,"comment_status":"open","ping_status":"open","sticky":false,"template":"","format":"standard","meta":{"footnotes":""},"categories":[6],"tags":[],"class_list":["post-3068","post","type-post","status-publish","format-standard","has-post-thumbnail","hentry","category-regionales"],"_links":{"self":[{"href":"https:\/\/www.radiolimari.cl\/index.php?rest_route=\/wp\/v2\/posts\/3068","targetHints":{"allow":["GET"]}}],"collection":[{"href":"https:\/\/www.radiolimari.cl\/index.php?rest_route=\/wp\/v2\/posts"}],"about":[{"href":"https:\/\/www.radiolimari.cl\/index.php?rest_route=\/wp\/v2\/types\/post"}],"author":[{"embeddable":true,"href":"https:\/\/www.radiolimari.cl\/index.php?rest_route=\/wp\/v2\/users\/2"}],"replies":[{"embeddable":true,"href":"https:\/\/www.radiolimari.cl\/index.php?rest_route=%2Fwp%2Fv2%2Fcomments&post=3068"}],"version-history":[{"count":1,"href":"https:\/\/www.radiolimari.cl\/index.php?rest_route=\/wp\/v2\/posts\/3068\/revisions"}],"predecessor-version":[{"id":3070,"href":"https:\/\/www.radiolimari.cl\/index.php?rest_route=\/wp\/v2\/posts\/3068\/revisions\/3070"}],"wp:featuredmedia":[{"embeddable":true,"href":"https:\/\/www.radiolimari.cl\/index.php?rest_route=\/wp\/v2\/media\/3069"}],"wp:attachment":[{"href":"https:\/\/www.radiolimari.cl\/index.php?rest_route=%2Fwp%2Fv2%2Fmedia&parent=3068"}],"wp:term":[{"taxonomy":"category","embeddable":true,"href":"https:\/\/www.radiolimari.cl\/index.php?rest_route=%2Fwp%2Fv2%2Fcategories&post=3068"},{"taxonomy":"post_tag","embeddable":true,"href":"https:\/\/www.radiolimari.cl\/index.php?rest_route=%2Fwp%2Fv2%2Ftags&post=3068"}],"curies":[{"name":"wp","href":"https:\/\/api.w.org\/{rel}","templated":true}]}}