{"id":3065,"date":"2020-07-24T15:43:55","date_gmt":"2020-07-24T15:43:55","guid":{"rendered":"http:\/\/www.radiolimari.cl\/?p=3065"},"modified":"2020-07-24T15:43:55","modified_gmt":"2020-07-24T15:43:55","slug":"25oc-en-paso-agua-negra-se-registro-esta-manana-de-viernes","status":"publish","type":"post","link":"https:\/\/www.radiolimari.cl\/?p=3065","title":{"rendered":"-25\u00baC en Paso Agua Negra se registr\u00f3 esta ma\u00f1ana de viernes"},"content":{"rendered":"<p><a href=\"https:\/\/www.radiolimari.cl\/wp-content\/uploads\/2020\/07\/24.07-frio_on.png\"><img fetchpriority=\"high\" decoding=\"async\" class=\"alignnone size-full wp-image-3066\" src=\"https:\/\/www.radiolimari.cl\/wp-content\/uploads\/2020\/07\/24.07-frio_on.png\" alt=\"24.07 frio_on\" width=\"226\" height=\"226\" srcset=\"https:\/\/www.radiolimari.cl\/wp-content\/uploads\/2020\/07\/24.07-frio_on.png 226w, https:\/\/www.radiolimari.cl\/wp-content\/uploads\/2020\/07\/24.07-frio_on-150x150.png 150w, https:\/\/www.radiolimari.cl\/wp-content\/uploads\/2020\/07\/24.07-frio_on-70x70.png 70w\" sizes=\"(max-width: 226px) 100vw, 226px\" \/><\/a><\/p>\n<p><strong style=\"font-weight: bold; color: #000000;\">De acuerdo al \u00e1rea meteorol\u00f3gica del CEAZA, durante la madrugada y ma\u00f1ana de este viernes 24 de julio se registraron bajas temperaturas y heladas locales en diferentes puntos de la Regi\u00f3n de Coquimbo.\u00a0<\/strong><!--more--><\/p>\n<p style=\"font-weight: 600; color: #000000;\">En el sector cordillerano de la provincia de Elqui, en el Paso Agua Negra (4774 msnm), la m\u00ednima fue de -25\u00baC, valor que corresponde a la temperatura m\u00e1s baja registrada en Chile continental.<\/p>\n<p style=\"font-weight: 600; color: #000000;\">Otros puntos que registraron bajas temperaturas fueron Pisco Elqui (-1\u00baC),\u00a0Lavaderos (-0,9\u00baC) y Vicu\u00f1a (-0,7\u00baC).<\/p>\n<p style=\"font-weight: 600; color: #000000;\">Luis Mu\u00f1oz, meteor\u00f3logo del CEAZA explica que\u201dlas bajas temperaturas registradas en la precordillera, est\u00e1n asociadas a una vaguada en altura que qued\u00f3 luego del paso de un sistema frontal y en las zonas bajas, corresponden a un anticicl\u00f3n fr\u00edo. Ambos fen\u00f3menos trajeron aire fr\u00edo de origen polar\u201d.<\/p>\n<p style=\"font-weight: 600; color: #000000;\">\u201cLas bajas temperaturas y heladas se estar\u00edan registrando hasta ma\u00f1ana s\u00e1bado en los valles y zonas bajas de la precordillera de la provincia del Choapa\u201d, agrega el profesional del centro cient\u00edfico.<\/p>\n","protected":false},"excerpt":{"rendered":"<p>De acuerdo al \u00e1rea meteorol\u00f3gica del CEAZA, durante la madrugada y ma\u00f1ana de este viernes 24 de julio se registraron bajas temperaturas y heladas locales en diferentes puntos de la Regi\u00f3n de Coquimbo.\u00a0<\/p>\n","protected":false},"author":2,"featured_media":3066,"comment_status":"open","ping_status":"open","sticky":false,"template":"","format":"standard","meta":{"footnotes":""},"categories":[6],"tags":[],"class_list":["post-3065","post","type-post","status-publish","format-standard","has-post-thumbnail","hentry","category-regionales"],"_links":{"self":[{"href":"https:\/\/www.radiolimari.cl\/index.php?rest_route=\/wp\/v2\/posts\/3065","targetHints":{"allow":["GET"]}}],"collection":[{"href":"https:\/\/www.radiolimari.cl\/index.php?rest_route=\/wp\/v2\/posts"}],"about":[{"href":"https:\/\/www.radiolimari.cl\/index.php?rest_route=\/wp\/v2\/types\/post"}],"author":[{"embeddable":true,"href":"https:\/\/www.radiolimari.cl\/index.php?rest_route=\/wp\/v2\/users\/2"}],"replies":[{"embeddable":true,"href":"https:\/\/www.radiolimari.cl\/index.php?rest_route=%2Fwp%2Fv2%2Fcomments&post=3065"}],"version-history":[{"count":1,"href":"https:\/\/www.radiolimari.cl\/index.php?rest_route=\/wp\/v2\/posts\/3065\/revisions"}],"predecessor-version":[{"id":3067,"href":"https:\/\/www.radiolimari.cl\/index.php?rest_route=\/wp\/v2\/posts\/3065\/revisions\/3067"}],"wp:featuredmedia":[{"embeddable":true,"href":"https:\/\/www.radiolimari.cl\/index.php?rest_route=\/wp\/v2\/media\/3066"}],"wp:attachment":[{"href":"https:\/\/www.radiolimari.cl\/index.php?rest_route=%2Fwp%2Fv2%2Fmedia&parent=3065"}],"wp:term":[{"taxonomy":"category","embeddable":true,"href":"https:\/\/www.radiolimari.cl\/index.php?rest_route=%2Fwp%2Fv2%2Fcategories&post=3065"},{"taxonomy":"post_tag","embeddable":true,"href":"https:\/\/www.radiolimari.cl\/index.php?rest_route=%2Fwp%2Fv2%2Ftags&post=3065"}],"curies":[{"name":"wp","href":"https:\/\/api.w.org\/{rel}","templated":true}]}}