{"id":3062,"date":"2020-07-24T13:42:18","date_gmt":"2020-07-24T13:42:18","guid":{"rendered":"http:\/\/www.radiolimari.cl\/?p=3062"},"modified":"2020-07-24T13:42:18","modified_gmt":"2020-07-24T13:42:18","slug":"documental-la-memoria-al-reves-se-transmitira-en-ovalleculturaplay","status":"publish","type":"post","link":"https:\/\/www.radiolimari.cl\/?p=3062","title":{"rendered":"Documental La Memoria al rev\u00e9s se transmitir\u00e1 en #OvalleCulturaPlay"},"content":{"rendered":"<p><a href=\"https:\/\/www.radiolimari.cl\/wp-content\/uploads\/2020\/07\/24.07-Javiera-Venegas.jpg\"><img fetchpriority=\"high\" decoding=\"async\" class=\"alignnone size-medium wp-image-3063\" src=\"https:\/\/www.radiolimari.cl\/wp-content\/uploads\/2020\/07\/24.07-Javiera-Venegas-300x194.jpg\" alt=\"24.07 Javiera Venegas\" width=\"300\" height=\"194\" srcset=\"https:\/\/www.radiolimari.cl\/wp-content\/uploads\/2020\/07\/24.07-Javiera-Venegas-300x194.jpg 300w, https:\/\/www.radiolimari.cl\/wp-content\/uploads\/2020\/07\/24.07-Javiera-Venegas-1024x662.jpg 1024w, https:\/\/www.radiolimari.cl\/wp-content\/uploads\/2020\/07\/24.07-Javiera-Venegas.jpg 1980w\" sizes=\"(max-width: 300px) 100vw, 300px\" \/><\/a><\/p>\n<p><strong>EL largometraje, que aborda desde la sociolog\u00eda y la antropolog\u00eda la experiencia de los pacientes del Hospital Psiqui\u00e1trico de Buenos Aires, estar\u00e1 disponible este s\u00e1bado a las 18:00 horas por Facebook y Youtube Ovalle Cultura y la p\u00e1gina ovallecultraplay.cl<\/strong><!--more--><\/p>\n<p>El Hospital Psiqui\u00e1trico de Buenos Aires fue durante un largo tiempo capturado por el lente de la fot\u00f3grafa documentalista chilena, Javiera Venegas. Sin embargo para ella no fue suficiente contar con estas im\u00e1genes, necesitaba conocer la historia, desde la narraci\u00f3n y eso es lo que se dedic\u00f3 a hacer durante 3 a\u00f1os, a investigar y filmar en este lugar, dando como resultado el largometraje La Memoria al rev\u00e9s.<\/p>\n<p>Este interesante y conmovedor documental coproducido por la productora nacional Muchacha Adiovisual y la productora mexicana Escarabajo se exhibir\u00e1 este s\u00e1bado 25 de julio a trav\u00e9s de la plataforma digital #OvalleCulturaPlay, como parte de la secci\u00f3n S\u00e1bado de Documentales que se transmite cada semana a las 18:00 horas a trav\u00e9s del Facebook y Youtube Ovalle Cultura y la p\u00e1gina web ovalleculturaplay.cl.<\/p>\n<p>Cabe destacar que este proyecto de investigaci\u00f3n es la opera prima de Venegas, quien mezcla la sociolog\u00eda y la antropolog\u00eda llev\u00f3 a la realizadora a hablar con los internos: conocer lo que sent\u00edan, qu\u00e9 aspiraban, cu\u00e1nto tiempo llevaban, por qu\u00e9 llevaba tiempo ah\u00ed, lo que signific\u00f3 un gran descubrimiento para la directora; quien realiz\u00f3 registros audiovisuales de la experiencia de su relaci\u00f3n con\u00a0 Enrique Di Liscia, (un pintor, artista, sensible a la m\u00fasica y\u00a0 a la literatura) quien padece de S\u00edndrome de Hover, que puede detonar tambi\u00e9n en esquizofrenia, a qui\u00e9n entrevist\u00f3 durante a\u00f1os en cada visita que hizo al lugar.<\/p>\n<p>\u201cPara m\u00ed es muy importante hablar sobre esta tem\u00e1tica, y siento que a trav\u00e9s de mi trabajo como audiovisualista tengo un rol social ligado a la visibilizaci\u00f3n de seres vulnerados. Y Este documental es un archivo ver\u00eddico que va a abrir la puerta a la tem\u00e1tica de la salud mental, la cuestionada e invisibilizada salud mental. No olvidar que en Chile el 2.2 % del presupuesto nacional\u00a0 es destinada a la salud mental lo que denota la prioridad en cuanto a la salud f\u00edsica sobre la mental\u201d coment\u00f3 Javiera Venegas.<\/p>\n<p>Por su parte el director ejecutivo de la Corporaci\u00f3n Cultural Municipal de Ovalle, Ifman Huerta, se\u00f1al\u00f3 que \u201chemos estado trabajando de la mano con realizadores audiovisuales regionales, los cuales ha tenido una gran acogida, lo que nos llena de mucha satisfacci\u00f3n. Esta semana incorporamos a nuestra programaci\u00f3n \u00a0este trabajo que desarroll\u00f3 Javiera Venegas, quien tambi\u00e9n es una artista de regi\u00f3n y que nos presenta un largometraje que trata un tema muy conmovedor, pero con mucha sutileza y de forma muy art\u00edstica y bien documentada\u201d.<\/p>\n<p>Posterior a la exhibici\u00f3n del documental la directora de \u201cLa memoria al rev\u00e9s\u201d entregar\u00e1 m\u00e1s detalles sobre el proceso para lograr el documental, el cual fue un trabajo independiente\u00a0 que cont\u00f3 con la colaboraci\u00f3n de artistas de Colombia, M\u00e9xico, Chile y M\u00e9xico, quienes aportaron con la creaci\u00f3n de la m\u00fasica, guion, producci\u00f3n de esta pel\u00edcula.<\/p>\n","protected":false},"excerpt":{"rendered":"<p>EL largometraje, que aborda desde la sociolog\u00eda y la antropolog\u00eda la experiencia de los pacientes del Hospital Psiqui\u00e1trico de Buenos Aires, estar\u00e1 disponible este s\u00e1bado a las 18:00 horas por Facebook y Youtube Ovalle Cultura y la p\u00e1gina ovallecultraplay.cl<\/p>\n","protected":false},"author":2,"featured_media":3063,"comment_status":"open","ping_status":"open","sticky":false,"template":"","format":"standard","meta":{"footnotes":""},"categories":[3],"tags":[],"class_list":["post-3062","post","type-post","status-publish","format-standard","has-post-thumbnail","hentry","category-actualidad"],"_links":{"self":[{"href":"https:\/\/www.radiolimari.cl\/index.php?rest_route=\/wp\/v2\/posts\/3062","targetHints":{"allow":["GET"]}}],"collection":[{"href":"https:\/\/www.radiolimari.cl\/index.php?rest_route=\/wp\/v2\/posts"}],"about":[{"href":"https:\/\/www.radiolimari.cl\/index.php?rest_route=\/wp\/v2\/types\/post"}],"author":[{"embeddable":true,"href":"https:\/\/www.radiolimari.cl\/index.php?rest_route=\/wp\/v2\/users\/2"}],"replies":[{"embeddable":true,"href":"https:\/\/www.radiolimari.cl\/index.php?rest_route=%2Fwp%2Fv2%2Fcomments&post=3062"}],"version-history":[{"count":1,"href":"https:\/\/www.radiolimari.cl\/index.php?rest_route=\/wp\/v2\/posts\/3062\/revisions"}],"predecessor-version":[{"id":3064,"href":"https:\/\/www.radiolimari.cl\/index.php?rest_route=\/wp\/v2\/posts\/3062\/revisions\/3064"}],"wp:featuredmedia":[{"embeddable":true,"href":"https:\/\/www.radiolimari.cl\/index.php?rest_route=\/wp\/v2\/media\/3063"}],"wp:attachment":[{"href":"https:\/\/www.radiolimari.cl\/index.php?rest_route=%2Fwp%2Fv2%2Fmedia&parent=3062"}],"wp:term":[{"taxonomy":"category","embeddable":true,"href":"https:\/\/www.radiolimari.cl\/index.php?rest_route=%2Fwp%2Fv2%2Fcategories&post=3062"},{"taxonomy":"post_tag","embeddable":true,"href":"https:\/\/www.radiolimari.cl\/index.php?rest_route=%2Fwp%2Fv2%2Ftags&post=3062"}],"curies":[{"name":"wp","href":"https:\/\/api.w.org\/{rel}","templated":true}]}}