{"id":3055,"date":"2020-07-23T19:19:53","date_gmt":"2020-07-23T19:19:53","guid":{"rendered":"http:\/\/www.radiolimari.cl\/?p=3055"},"modified":"2020-07-23T19:19:53","modified_gmt":"2020-07-23T19:19:53","slug":"autoridades-regionales-de-mujer-y-trabajo-destacan-aprobacion-de-ley-de-crianza-protegida","status":"publish","type":"post","link":"https:\/\/www.radiolimari.cl\/?p=3055","title":{"rendered":"Autoridades Regionales de Mujer y Trabajo destacan  aprobaci\u00f3n de ley de Crianza Protegida"},"content":{"rendered":"<p><a href=\"https:\/\/www.radiolimari.cl\/wp-content\/uploads\/2020\/07\/23.07-MUJER-Y-TRABAJO.jpeg\"><img decoding=\"async\" class=\"alignnone size-medium wp-image-3056\" src=\"https:\/\/www.radiolimari.cl\/wp-content\/uploads\/2020\/07\/23.07-MUJER-Y-TRABAJO-300x148.jpeg\" alt=\"23.07 MUJER Y TRABAJO\" width=\"300\" height=\"148\" srcset=\"https:\/\/www.radiolimari.cl\/wp-content\/uploads\/2020\/07\/23.07-MUJER-Y-TRABAJO-300x148.jpeg 300w, https:\/\/www.radiolimari.cl\/wp-content\/uploads\/2020\/07\/23.07-MUJER-Y-TRABAJO-1024x505.jpeg 1024w, https:\/\/www.radiolimari.cl\/wp-content\/uploads\/2020\/07\/23.07-MUJER-Y-TRABAJO.jpeg 1262w\" sizes=\"(max-width: 300px) 100vw, 300px\" \/><\/a><\/p>\n<p><strong><em>La normativa crea una licencia m\u00e9dica parental COVID-19 a la que podr\u00e1n acceder las madres y padres cuyo postnatal haya vencido a partir del 18 de marzo, y que se podr\u00e1 extender por hasta tres meses, mientras est\u00e9 vigente el estado de excepci\u00f3n constitucional<\/em><\/strong><!--more--><\/p>\n<p>Con la aprobaci\u00f3n en la C\u00e1mara de Diputados el proyecto \u201cCrianza Protegida\u201d, qued\u00f3 pronto a ser despachado a Ley.<\/p>\n<p>En este sentido la Seremi de Mujer y Equidad de G\u00e9nero, Iv\u00f3n Guerra, y su par del Trabajo, Mat\u00edas Villalobos, destacaron la iniciativa y comentaron los principales alcances de esta normativa que tiene como objetivo proteger a 850 mil madres, padres y cuidadores de ni\u00f1os en edad pre escolar durante la actual emergencia sanitaria que vive el pa\u00eds producto del COVID-19.<\/p>\n<p>El proyecto crea una nueva licencia m\u00e9dica preventiva parental COVID-19 \u2014de cargo de la ISAPRE o de FONASA seg\u00fan corresponda\u2014, a la que podr\u00e1n acceder todas las madres y padres cuyo posnatal haya vencido a partir del 18 de marzo pasado, pudiendo extenderse por hasta tres meses, mientras se mantenga el estado de excepci\u00f3n constitucional debido a la pandemia.<\/p>\n<p>Al respecto Iv\u00f3n Guerra coment\u00f3 que \u201choy han ganado las mujeres, cuidadores y padres en general. Tenemos claro que la pandemia es una emergencia que nos llama a generar acuerdos extraordinarios que vayan en beneficio de las personas y esta Ley viene a solucionar una problem\u00e1tica para un n\u00famero importante de mujeres. Agradecemos compromiso del Congreso por aprobar esta Ley tan necesaria para las mujeres, cuidadores y padres en general\u201d.<\/p>\n<p>La licencia m\u00e9dica COVID-19, beneficiar\u00e1 espec\u00edficamente a cerca de 45 mil madres o padres, que son trabajadores dependientes, independientes y funcionarios p\u00fablicos, y que vieron vencido su postnatal parental desde el 18 de marzo.<\/p>\n<p>Por su parte el Seremi del Trabajo, Mat\u00edas Villalobos, explic\u00f3 que \u201ces un acuerdo muy positivo que se hace cargo de una necesidad muy importante y urgente de miles de madres y padres en Chile, como es el cuidado de sus hijos. Adem\u00e1s posee un componente importante de corresponsabilidad ya que en el caso de la Licencia M\u00e9dica Covid19 podr\u00e1n acceder los padres y madres o cuidador\u201d.<\/p>\n<p>La normativa, fruto de un acuerdo transversal, tambi\u00e9n permite a quienes tienen a su cargo el cuidado de ni\u00f1os menores de seis a\u00f1os (nacidos desde 2013) solicitar la suspensi\u00f3n de contrato y acceder a las prestaciones de la Ley de Protecci\u00f3n al Empleo, mientras el establecimiento educacional del o los ni\u00f1os o ni\u00f1as no se encuentren funcionando por acto o declaraci\u00f3n de autoridad por motivo del COVID-19.<\/p>\n<p>Mientras que la licencia preventiva Covid-19 podr\u00e1 ser solicitada por el beneficiario del permiso de postnatal parental por un plazo de 30 d\u00edas, prorrogables por dos veces por per\u00edodos continuos hasta completar tres meses, siempre que se encuentre vigente el estado de excepci\u00f3n constitucional.<\/p>\n","protected":false},"excerpt":{"rendered":"<p>La normativa crea una licencia m\u00e9dica parental COVID-19 a la que podr\u00e1n acceder las madres y padres cuyo postnatal haya vencido a partir del 18 de marzo, y que se podr\u00e1 extender por hasta tres meses, mientras est\u00e9 vigente el estado de excepci\u00f3n constitucional<\/p>\n","protected":false},"author":2,"featured_media":3056,"comment_status":"open","ping_status":"open","sticky":false,"template":"","format":"standard","meta":{"footnotes":""},"categories":[6],"tags":[],"class_list":["post-3055","post","type-post","status-publish","format-standard","has-post-thumbnail","hentry","category-regionales"],"_links":{"self":[{"href":"https:\/\/www.radiolimari.cl\/index.php?rest_route=\/wp\/v2\/posts\/3055","targetHints":{"allow":["GET"]}}],"collection":[{"href":"https:\/\/www.radiolimari.cl\/index.php?rest_route=\/wp\/v2\/posts"}],"about":[{"href":"https:\/\/www.radiolimari.cl\/index.php?rest_route=\/wp\/v2\/types\/post"}],"author":[{"embeddable":true,"href":"https:\/\/www.radiolimari.cl\/index.php?rest_route=\/wp\/v2\/users\/2"}],"replies":[{"embeddable":true,"href":"https:\/\/www.radiolimari.cl\/index.php?rest_route=%2Fwp%2Fv2%2Fcomments&post=3055"}],"version-history":[{"count":1,"href":"https:\/\/www.radiolimari.cl\/index.php?rest_route=\/wp\/v2\/posts\/3055\/revisions"}],"predecessor-version":[{"id":3057,"href":"https:\/\/www.radiolimari.cl\/index.php?rest_route=\/wp\/v2\/posts\/3055\/revisions\/3057"}],"wp:featuredmedia":[{"embeddable":true,"href":"https:\/\/www.radiolimari.cl\/index.php?rest_route=\/wp\/v2\/media\/3056"}],"wp:attachment":[{"href":"https:\/\/www.radiolimari.cl\/index.php?rest_route=%2Fwp%2Fv2%2Fmedia&parent=3055"}],"wp:term":[{"taxonomy":"category","embeddable":true,"href":"https:\/\/www.radiolimari.cl\/index.php?rest_route=%2Fwp%2Fv2%2Fcategories&post=3055"},{"taxonomy":"post_tag","embeddable":true,"href":"https:\/\/www.radiolimari.cl\/index.php?rest_route=%2Fwp%2Fv2%2Ftags&post=3055"}],"curies":[{"name":"wp","href":"https:\/\/api.w.org\/{rel}","templated":true}]}}