{"id":3009,"date":"2020-07-20T16:10:59","date_gmt":"2020-07-20T16:10:59","guid":{"rendered":"http:\/\/www.radiolimari.cl\/?p=3009"},"modified":"2020-07-20T16:10:59","modified_gmt":"2020-07-20T16:10:59","slug":"corte-de-la-serena-orden-al-servicio-de-salud-coquimbo-indemnizar-a-familia-de-paciente-fallecida-por-atencion-tardia","status":"publish","type":"post","link":"https:\/\/www.radiolimari.cl\/?p=3009","title":{"rendered":"CORTE DE LA SERENA ORDEN AL SERVICIO DE SALUD COQUIMBO INDEMNIZAR A FAMILIA DE PACIENTE FALLECIDA POR ATENCI\u00d3N TARD\u00cdA"},"content":{"rendered":"<p><a href=\"https:\/\/www.radiolimari.cl\/wp-content\/uploads\/2020\/07\/20.07-justicia.jpg\"><img fetchpriority=\"high\" decoding=\"async\" class=\"alignnone size-medium wp-image-3010\" src=\"https:\/\/www.radiolimari.cl\/wp-content\/uploads\/2020\/07\/20.07-justicia-300x200.jpg\" alt=\"20.07 justicia\" width=\"300\" height=\"200\" srcset=\"https:\/\/www.radiolimari.cl\/wp-content\/uploads\/2020\/07\/20.07-justicia-300x200.jpg 300w, https:\/\/www.radiolimari.cl\/wp-content\/uploads\/2020\/07\/20.07-justicia-1024x682.jpg 1024w\" sizes=\"(max-width: 300px) 100vw, 300px\" \/><\/a><\/p>\n<p>La Corte de Apelaciones de La Serena conden\u00f3 al Servicio de Salud Coquimbo a pagar una indemnizaci\u00f3n total de $209.366.847 (doscientos nueve millones, trescientos sesenta y seis mil ochocientos cuarenta y siete pesos) a la familia de paciente que falleci\u00f3 por la tard\u00eda atenci\u00f3n brinda a shock hemorr\u00e1gico, derivado de intervenci\u00f3n quir\u00fargica realizada en el Hospital de Ovalle, en mayo de 2016.<!--more--><\/p>\n<p>En fallo un\u00e1nime (causa rol 1.561-2019), la Segunda Sala del tribunal de alzada \u2013integrada por los ministros\u00a0 Marta Maldonado, Christian Le-Cerf y Caroline Turner\u2013 ratific\u00f3 la sentencia recurrida, dictada por el Tercer\u00a0 Juzgado de Letras de La Serena, con declaraci\u00f3n que se elev\u00f3 el monto de la indemnizaci\u00f3n a $63.096.858 para el c\u00f3nyuge de la fallecida, y a $48.756.663 para cada uno de sus tres hijos.<\/p>\n<p>&nbsp;<\/p>\n<p>\u201c(\u2026) si bien\u00a0la obligaci\u00f3n de asistencia m\u00e9dica es propiamente una obligaci\u00f3n de medios y no de resultados, lo cierto es que la relaci\u00f3n de causalidad entre dicha falta de servicio y el desenlace fatal sufrido por la paciente en la ma\u00f1ana del d\u00eda 17 de mayo del a\u00f1o 2016, resulta palmaria; pues de haber recibido oportunamente una atenci\u00f3n m\u00e9dica especializada, que permitiera haber diagnosticado y tratado adecuadamente la causa del sangramiento activo o haber tomado las medidas conducentes a fin de evitar la evoluci\u00f3n de la urgencia hipovol\u00e9mica -previsible, por lo dem\u00e1s, teniendo en cuenta la reciente amigdalectom\u00eda y los s\u00edntomas evidenciados por la paciente por cerca de cuatro d\u00edas-, aparece como altamente probable que (\u2026) no se habr\u00eda agravado hasta el punto de generar el shock hipovol\u00e9mico que finalmente le caus\u00f3 una falla org\u00e1nica m\u00faltiple y su deceso\u201d, consigna el fallo de primera instancia.<\/p>\n<p>&nbsp;<\/p>\n<p>Razonamiento que el tribunal de alzada comparti\u00f3, al establecer que: \u201cel sumario administrativo incoado en el Hospital de Ovalle con ocasi\u00f3n del fallecimiento de la paciente (\u2026) refuerza la conclusi\u00f3n anterior al recomendar, en su parte resolutiva, establecer \u2018Protocolos de Manejo de Pacientes que presente descompensaciones post quir\u00fargicas que requieran evaluaci\u00f3n oportuna por las distintas especialidades y prestadores de la instituci\u00f3n\u2019, es decir, visualiz\u00f3 en ello una falencia en el funcionamiento del organismo\u201d.<\/p>\n<p>&nbsp;<\/p>\n<p>Por tanto, se resuelve que: \u201c(\u2026) as\u00ed las cosas, se comparten por esta Corte las conclusiones a que la sentenciadora de primera instancia arrib\u00f3 respecto a la existencia de falta de servicio, infracci\u00f3n a la lex artis y relaci\u00f3n causal entre el obrar y el resultado da\u00f1oso\u201d.<\/p>\n","protected":false},"excerpt":{"rendered":"<p>La Corte de Apelaciones de La Serena conden\u00f3 al Servicio de Salud Coquimbo a pagar una indemnizaci\u00f3n total de $209.366.847 (doscientos nueve millones, trescientos sesenta y seis mil ochocientos cuarenta y siete pesos) a la familia de paciente que falleci\u00f3 por la tard\u00eda atenci\u00f3n brinda a shock hemorr\u00e1gico, derivado de intervenci\u00f3n quir\u00fargica realizada en el &#8230;<\/p>\n","protected":false},"author":2,"featured_media":3010,"comment_status":"open","ping_status":"open","sticky":false,"template":"","format":"standard","meta":{"footnotes":""},"categories":[6],"tags":[],"class_list":["post-3009","post","type-post","status-publish","format-standard","has-post-thumbnail","hentry","category-regionales"],"_links":{"self":[{"href":"https:\/\/www.radiolimari.cl\/index.php?rest_route=\/wp\/v2\/posts\/3009","targetHints":{"allow":["GET"]}}],"collection":[{"href":"https:\/\/www.radiolimari.cl\/index.php?rest_route=\/wp\/v2\/posts"}],"about":[{"href":"https:\/\/www.radiolimari.cl\/index.php?rest_route=\/wp\/v2\/types\/post"}],"author":[{"embeddable":true,"href":"https:\/\/www.radiolimari.cl\/index.php?rest_route=\/wp\/v2\/users\/2"}],"replies":[{"embeddable":true,"href":"https:\/\/www.radiolimari.cl\/index.php?rest_route=%2Fwp%2Fv2%2Fcomments&post=3009"}],"version-history":[{"count":1,"href":"https:\/\/www.radiolimari.cl\/index.php?rest_route=\/wp\/v2\/posts\/3009\/revisions"}],"predecessor-version":[{"id":3011,"href":"https:\/\/www.radiolimari.cl\/index.php?rest_route=\/wp\/v2\/posts\/3009\/revisions\/3011"}],"wp:featuredmedia":[{"embeddable":true,"href":"https:\/\/www.radiolimari.cl\/index.php?rest_route=\/wp\/v2\/media\/3010"}],"wp:attachment":[{"href":"https:\/\/www.radiolimari.cl\/index.php?rest_route=%2Fwp%2Fv2%2Fmedia&parent=3009"}],"wp:term":[{"taxonomy":"category","embeddable":true,"href":"https:\/\/www.radiolimari.cl\/index.php?rest_route=%2Fwp%2Fv2%2Fcategories&post=3009"},{"taxonomy":"post_tag","embeddable":true,"href":"https:\/\/www.radiolimari.cl\/index.php?rest_route=%2Fwp%2Fv2%2Ftags&post=3009"}],"curies":[{"name":"wp","href":"https:\/\/api.w.org\/{rel}","templated":true}]}}