{"id":3003,"date":"2020-07-17T16:08:11","date_gmt":"2020-07-17T16:08:11","guid":{"rendered":"http:\/\/www.radiolimari.cl\/?p=3003"},"modified":"2020-07-17T16:08:11","modified_gmt":"2020-07-17T16:08:11","slug":"ovallinos-pueden-realizarse-test-pcr-gratuitos-en-la-feria-modelo","status":"publish","type":"post","link":"https:\/\/www.radiolimari.cl\/?p=3003","title":{"rendered":"Ovallinos pueden realizarse test PCR gratuitos en la Feria Modelo"},"content":{"rendered":"<p><a href=\"https:\/\/www.radiolimari.cl\/wp-content\/uploads\/2020\/07\/17.07-Test-PCR-Feria-Modelo-de-Ovalle-2.jpg\"><img fetchpriority=\"high\" decoding=\"async\" class=\"alignnone size-medium wp-image-3004\" src=\"https:\/\/www.radiolimari.cl\/wp-content\/uploads\/2020\/07\/17.07-Test-PCR-Feria-Modelo-de-Ovalle-2-300x225.jpg\" alt=\"17.07 Test PCR Feria Modelo de Ovalle 2\" width=\"300\" height=\"225\" srcset=\"https:\/\/www.radiolimari.cl\/wp-content\/uploads\/2020\/07\/17.07-Test-PCR-Feria-Modelo-de-Ovalle-2-300x225.jpg 300w, https:\/\/www.radiolimari.cl\/wp-content\/uploads\/2020\/07\/17.07-Test-PCR-Feria-Modelo-de-Ovalle-2-1024x768.jpg 1024w\" sizes=\"(max-width: 300px) 100vw, 300px\" \/><\/a><\/p>\n<p><strong><em>Hasta el martes 21 de julio estar\u00e1 disponible este punto de atenci\u00f3n, que se enmarca en la estrategia Testear, Trazar y Aislar (TTA) impulsada por el ministerio de Salud, que busca detectar casos de Coronavirus, principalmente, asintom\u00e1ticos en lugares de alta concurrencia de personas.<\/em><\/strong><!--more--><\/p>\n<p>La Feria Modelo fue elegida para la realizaci\u00f3n de test PCR gratuitos para la comunidad local, en el marco de la estrategia Testear, Trazar y Aislar (TTA) impulsada por el ministerio de Salud y apoyada por el departamento de Salud del municipio de Ovalle.<\/p>\n<p>En este centro comercial se instal\u00f3 un punto de atenci\u00f3n, a un costado de las oficinas de administraci\u00f3n, que estar\u00e1 activo hasta el martes 21 de julio, entre las 9 y las 14 horas, donde se realizar\u00e1n 50 ex\u00e1menes diarios.<\/p>\n<p>El objetivo es detectar de manera oportuna posibles contagios de Covid-19, principalmente asintom\u00e1ticos, para aislarlos preventivamente y evitar la propagaci\u00f3n de la enfermedad. Las personas se pueden acercar directamente a la Feria Modelo, sin ning\u00fan requisito, s\u00f3lo deben registrarse con su rut y entregar alg\u00fan medio de contacto. Luego se someten al examen al interior de una ambulancia, que toma s\u00f3lo unos minutos, y en un periodo de 4 d\u00edas se entrega el resultado.<\/p>\n<p>\u201cEl ministerio de Salud nos ha mandatado a que debemos hacer un mejor testeo, b\u00fasqueda, espec\u00edficamente, de casos que pueden ser sospechosos, asintom\u00e1ticos, por lo tanto, debemos acercarnos nosotros a la comunidad, ya que, lamentablemente, por costos o por valores la gente no puede salir\u201d indic\u00f3 el seremi de Salud, Alejandro Garc\u00eda. Al respecto, el alcalde de Ovalle, Claudio Renter\u00eda afirm\u00f3 que \u201ces una excelente iniciativa que estamos realizando con el ministerio de Salud, que se complementa con lo que se desarrolla, diariamente, en nuestros centros de atenci\u00f3n primaria en la comuna. Las personas ac\u00e1 pueden acceder a un ex\u00e1men PCR sin costo y con la seguridad de que se toman todos los resguardos necesarios por parte del personal de nuestro departamento de Salud. De esta forma, podemos detectar casos r\u00e1pidamente y tomar las medidas para que el coronavirus no se siga propagando\u201d.<\/p>\n<p>Si se detecta a una persona con s\u00edntomas asociados al Covid-19\u00a0 \u201clo derivamos al centro de salud que corresponda, en el caso que sea un paciente sintom\u00e1tico. Esto est\u00e1 enfocado para hacer las pesquisas en terreno, principalmente, para personas sanas\u201d afirm\u00f3 la jefa del departamento de Salud Municipal, \u00c1ngela Neira.<\/p>\n<p>El gobernador del Limar\u00ed, Iv\u00e1n Espinoza manifest\u00f3 que \u201ctenemos conocimiento de que existen sectores f\u00edsicos de riesgo bastante alto y la Feria Modelo es uno, donde concurre mucha gente y donde vienen muchas personas de la ruralidad a comprar y abastecerse. Este programa apunta a la acci\u00f3n contingente de venir a los lugares, donde existe una alta concentraci\u00f3n de gente y hacer pesquisas activas y as\u00ed tener mayores antecedentes y dise\u00f1ar acciones de salud\u201d.<\/p>\n<p>Los usuarios que se realizaron el examen PCR, en esta primera jornada, valoraron esta oportunidad. Uno de ellos fue Jorge Fern\u00e1ndez qui\u00e9n calific\u00f3 esta medida como \u201cuna excelente iniciativa, porque nadie sabe en qu\u00e9 momento se puede contagiar, esto es demasiado vol\u00e1til, as\u00ed es que es mucho mejor tener un ex\u00e1men para saber si uno se contagi\u00f3\u201d. \u00a0Por su parte, Manuel Carre\u00f1o agradeci\u00f3 esta oportunidad e indic\u00f3 que \u201cme hice el ex\u00e1men para prevenir, porque no tengo ning\u00fan s\u00edntoma. Creo que es una muy buena iniciativa porque hay mucha gente que tiene la duda, si est\u00e1 contagiada o no\u201d.<\/p>\n","protected":false},"excerpt":{"rendered":"<p>Hasta el martes 21 de julio estar\u00e1 disponible este punto de atenci\u00f3n, que se enmarca en la estrategia Testear, Trazar y Aislar (TTA) impulsada por el ministerio de Salud, que busca detectar casos de Coronavirus, principalmente, asintom\u00e1ticos en lugares de alta concurrencia de personas.<\/p>\n","protected":false},"author":2,"featured_media":3004,"comment_status":"open","ping_status":"open","sticky":false,"template":"","format":"standard","meta":{"footnotes":""},"categories":[5],"tags":[],"class_list":["post-3003","post","type-post","status-publish","format-standard","has-post-thumbnail","hentry","category-actualidad-limarina"],"_links":{"self":[{"href":"https:\/\/www.radiolimari.cl\/index.php?rest_route=\/wp\/v2\/posts\/3003","targetHints":{"allow":["GET"]}}],"collection":[{"href":"https:\/\/www.radiolimari.cl\/index.php?rest_route=\/wp\/v2\/posts"}],"about":[{"href":"https:\/\/www.radiolimari.cl\/index.php?rest_route=\/wp\/v2\/types\/post"}],"author":[{"embeddable":true,"href":"https:\/\/www.radiolimari.cl\/index.php?rest_route=\/wp\/v2\/users\/2"}],"replies":[{"embeddable":true,"href":"https:\/\/www.radiolimari.cl\/index.php?rest_route=%2Fwp%2Fv2%2Fcomments&post=3003"}],"version-history":[{"count":1,"href":"https:\/\/www.radiolimari.cl\/index.php?rest_route=\/wp\/v2\/posts\/3003\/revisions"}],"predecessor-version":[{"id":3005,"href":"https:\/\/www.radiolimari.cl\/index.php?rest_route=\/wp\/v2\/posts\/3003\/revisions\/3005"}],"wp:featuredmedia":[{"embeddable":true,"href":"https:\/\/www.radiolimari.cl\/index.php?rest_route=\/wp\/v2\/media\/3004"}],"wp:attachment":[{"href":"https:\/\/www.radiolimari.cl\/index.php?rest_route=%2Fwp%2Fv2%2Fmedia&parent=3003"}],"wp:term":[{"taxonomy":"category","embeddable":true,"href":"https:\/\/www.radiolimari.cl\/index.php?rest_route=%2Fwp%2Fv2%2Fcategories&post=3003"},{"taxonomy":"post_tag","embeddable":true,"href":"https:\/\/www.radiolimari.cl\/index.php?rest_route=%2Fwp%2Fv2%2Ftags&post=3003"}],"curies":[{"name":"wp","href":"https:\/\/api.w.org\/{rel}","templated":true}]}}