{"id":2993,"date":"2020-07-15T20:24:03","date_gmt":"2020-07-15T20:24:03","guid":{"rendered":"http:\/\/www.radiolimari.cl\/?p=2993"},"modified":"2020-07-15T20:24:03","modified_gmt":"2020-07-15T20:24:03","slug":"balance-covid_19-9-personas-fallecidas-y-98-casos-nuevos-se-registran-en-ultimo-reporte-regional","status":"publish","type":"post","link":"https:\/\/www.radiolimari.cl\/?p=2993","title":{"rendered":"Balance Covid_19:  9 personas fallecidas y 98 casos nuevos se registran en \u00faltimo reporte regional"},"content":{"rendered":"<p><a href=\"https:\/\/www.radiolimari.cl\/wp-content\/uploads\/2020\/07\/ULTIMA-HORA-corona-virus-RADIO-ok1.jpg\"><img fetchpriority=\"high\" decoding=\"async\" class=\"alignnone size-medium wp-image-2995\" src=\"https:\/\/www.radiolimari.cl\/wp-content\/uploads\/2020\/07\/ULTIMA-HORA-corona-virus-RADIO-ok1-300x204.jpg\" alt=\"ULTIMA HORA corona virus RADIO ok\" width=\"300\" height=\"204\" srcset=\"https:\/\/www.radiolimari.cl\/wp-content\/uploads\/2020\/07\/ULTIMA-HORA-corona-virus-RADIO-ok1-300x204.jpg 300w, https:\/\/www.radiolimari.cl\/wp-content\/uploads\/2020\/07\/ULTIMA-HORA-corona-virus-RADIO-ok1-1024x697.jpg 1024w\" sizes=\"(max-width: 300px) 100vw, 300px\" \/><\/a><\/p>\n<p>9 personas fallecidas y 98 casos nuevos de Covid_19 se registran en la regi\u00f3n de Coquimbo seg\u00fan el \u00faltimo reporte entregado por las autoridades del Ministerio de Salud<!--more--><\/p>\n<p>\u201cQueremos lamentar el fallecimiento de 9 personas a causa del Covid. Se trata de 3 personas de La Serena, 3 de Coquimbo, 1 de Monte Patria, 1 de Ovalle y 1 de Punitaqui. Como Gobierno queremos entregar las m\u00e1s sinceras condolencias a sus familiares y seres queridos\u201d, se\u00f1al\u00f3 el Seremi de Salud, Alejandro Garc\u00eda.<\/p>\n<p>La Autoridad Sanitaria inform\u00f3, adem\u00e1s, \u201c98 casos nuevos confirmados de la enfermedad, llegando de esta forma a los 4.277 casos acumulados, de los cuales 935 se encuentran activos.<\/p>\n<p>En cuanto al detalle por comuna, podemos se\u00f1alar que 46 corresponden a La Serena, 35 de Coquimbo, 2 de Andacollo, 3 de La Higuera, 7 de Vicu\u00f1a, 2 de Ovalle y 3 casos sin notificaci\u00f3n en el sistema Epivigila\u201d.<\/p>\n<p>&nbsp;<\/p>\n<p><strong>351 camas disponibles en la regi\u00f3n<\/strong><\/p>\n<p>Sobre el balance de la Red Asistencial, la Subdirectora de Gesti\u00f3n Asistencial (S) del Servicio de Salud Coquimbo, se\u00f1al\u00f3 que la regi\u00f3n cuenta con una dotaci\u00f3n de 1.179 camas, las que presentan una ocupaci\u00f3n del 67%. \u201cDe estas camas, 351 se encuentran disponibles y 25 pertenecen a la Unidad de Pacientes Cr\u00edticos: 10 de la Unidad de Cuidados Intensivos, que son aquellas que utilizan ventiladores mec\u00e1nicos, y 15 de la Unidad de Tratamiento Intermedio\u201d, explic\u00f3.<\/p>\n<p>En cuanto a los pacientes hospitalizados por Covid_19, la autoridad inform\u00f3 que hay 86 personas internadas, de las cuales 28 est\u00e1n graves y conectadas a ventilaci\u00f3n mec\u00e1nica. Adem\u00e1s, entreg\u00f3 el detalle del personal de salud afectado por Covid_19.<\/p>\n<p>\u201cHoy contamos con 30 trabajadores del Servicio de Salud y de los 10 hospitales contagiados con el virus, y 101 se encuentran en cuarentena preventiva, mientras que en la Atenci\u00f3n Primaria de Salud tenemos 21 funcionarios que han dado positivo al virus y 47 se encuentran en cuarentena\u201d.<\/p>\n<p><strong>BALANCE REGI\u00d3N DE COQUIMBO<\/strong><\/p>\n<p>Casos Nuevos: 98 \/ Casos Totales: 4.277 \/ Casos Activos: 935<\/p>\n<p>Detalle casos nuevos por comuna:<\/p>\n<ul>\n<li>46 de La Serena<\/li>\n<li>35 de Coquimbo<\/li>\n<li>02 Andacollo<\/li>\n<li>03 La Higuera<\/li>\n<li>07 Vicu\u00f1a<\/li>\n<li>02 Ovalle<\/li>\n<\/ul>\n<p>Adem\u00e1s, de 3 casos sin notificaci\u00f3n en el sistema Epivigila.<\/p>\n<p>Hospitalizados: 86 \/ 28 en ventilaci\u00f3n mec\u00e1nica.<\/p>\n<p>Fallecidos: 42<\/p>\n<p>Residencias Sanitarias: Ocupaci\u00f3n de un 60%, con 81 habitaciones disponibles.<\/p>\n","protected":false},"excerpt":{"rendered":"<p>9 personas fallecidas y 98 casos nuevos de Covid_19 se registran en la regi\u00f3n de Coquimbo seg\u00fan el \u00faltimo reporte entregado por las autoridades del Ministerio de Salud<\/p>\n","protected":false},"author":2,"featured_media":2995,"comment_status":"open","ping_status":"open","sticky":false,"template":"","format":"standard","meta":{"footnotes":""},"categories":[6],"tags":[],"class_list":["post-2993","post","type-post","status-publish","format-standard","has-post-thumbnail","hentry","category-regionales"],"_links":{"self":[{"href":"https:\/\/www.radiolimari.cl\/index.php?rest_route=\/wp\/v2\/posts\/2993","targetHints":{"allow":["GET"]}}],"collection":[{"href":"https:\/\/www.radiolimari.cl\/index.php?rest_route=\/wp\/v2\/posts"}],"about":[{"href":"https:\/\/www.radiolimari.cl\/index.php?rest_route=\/wp\/v2\/types\/post"}],"author":[{"embeddable":true,"href":"https:\/\/www.radiolimari.cl\/index.php?rest_route=\/wp\/v2\/users\/2"}],"replies":[{"embeddable":true,"href":"https:\/\/www.radiolimari.cl\/index.php?rest_route=%2Fwp%2Fv2%2Fcomments&post=2993"}],"version-history":[{"count":1,"href":"https:\/\/www.radiolimari.cl\/index.php?rest_route=\/wp\/v2\/posts\/2993\/revisions"}],"predecessor-version":[{"id":2996,"href":"https:\/\/www.radiolimari.cl\/index.php?rest_route=\/wp\/v2\/posts\/2993\/revisions\/2996"}],"wp:featuredmedia":[{"embeddable":true,"href":"https:\/\/www.radiolimari.cl\/index.php?rest_route=\/wp\/v2\/media\/2995"}],"wp:attachment":[{"href":"https:\/\/www.radiolimari.cl\/index.php?rest_route=%2Fwp%2Fv2%2Fmedia&parent=2993"}],"wp:term":[{"taxonomy":"category","embeddable":true,"href":"https:\/\/www.radiolimari.cl\/index.php?rest_route=%2Fwp%2Fv2%2Fcategories&post=2993"},{"taxonomy":"post_tag","embeddable":true,"href":"https:\/\/www.radiolimari.cl\/index.php?rest_route=%2Fwp%2Fv2%2Ftags&post=2993"}],"curies":[{"name":"wp","href":"https:\/\/api.w.org\/{rel}","templated":true}]}}