{"id":2982,"date":"2020-07-14T21:02:00","date_gmt":"2020-07-14T21:02:00","guid":{"rendered":"http:\/\/www.radiolimari.cl\/?p=2982"},"modified":"2020-07-14T21:14:24","modified_gmt":"2020-07-14T21:14:24","slug":"receso-pedagogico-para-establecimientos-educacionales-de-la-comuna-de-monte-patria","status":"publish","type":"post","link":"https:\/\/www.radiolimari.cl\/?p=2982","title":{"rendered":"Receso Pedag\u00f3gico para establecimientos educacionales de la comuna de Monte Patria"},"content":{"rendered":"<p><a href=\"https:\/\/www.radiolimari.cl\/wp-content\/uploads\/2020\/07\/14.07-monte.jpg\"><img fetchpriority=\"high\" decoding=\"async\" class=\"alignnone size-medium wp-image-2983\" src=\"https:\/\/www.radiolimari.cl\/wp-content\/uploads\/2020\/07\/14.07-monte-300x225.jpg\" alt=\"14.07 monte\" width=\"300\" height=\"225\" srcset=\"https:\/\/www.radiolimari.cl\/wp-content\/uploads\/2020\/07\/14.07-monte-300x225.jpg 300w, https:\/\/www.radiolimari.cl\/wp-content\/uploads\/2020\/07\/14.07-monte.jpg 717w\" sizes=\"(max-width: 300px) 100vw, 300px\" \/><\/a><\/p>\n<div dir=\"auto\">El receso de producir\u00e1 del 20 al 24 de julio en todos los establecimientos educacionales de la comuna de Monte Patria<\/div>\n<p><!--more--><\/p>\n<p>El Municipio de Monte Patria ha informado a los apoderados del acuerdo llevado a cabo por la Asociaci\u00f3n de Municipalidades de Chile, la Asociaci\u00f3n Chilena de Municipalidades, la Asociaci\u00f3n de Municipalidades Rurales y el Ministerio de Educaci\u00f3n, relacionado con temas del \u00e1mbito educativo, en el escenario de educaci\u00f3n remota en emergencia.<\/p>\n<p>Reconociendo la gran e importante labor que las distintas comunidades educativas han realizado en este complejo contexto de emergencia sanitaria y poniendo en valor el esfuerzo durante estos meses de aprendizaje remoto, se ha gestionado que los diferentes establecimientos de la comuna de Monte Patria entren en un proceso de receso en tareas de \u00edndole pedag\u00f3gicas, la semana comprendida entre lunes 20 y viernes 24 de julio.<\/p>\n<p>As\u00ed, se decidi\u00f3 establecer una semana de actividades de autocuidado y contenci\u00f3n socioemocional\u00a0 para los distintos equipos, Docentes y Asistentes de la Educaci\u00f3n, dada la naturaleza de la contingencia que nos aqueja y que pone en peligro la salud f\u00edsica y mental de los diferentes actores del Sistema Educativo comunal.<\/p>\n<p>Estas pausas pedag\u00f3gicas, podr\u00e1n ser complementadas con vacaciones durante la semana de fiestas Patrias, fechas que ser\u00e1n confirmadas posteriormente.<\/p>\n","protected":false},"excerpt":{"rendered":"<p>El receso de producir\u00e1 del 20 al 24 de julio en todos los establecimientos educacionales de la comuna de Monte Patria<\/p>\n","protected":false},"author":2,"featured_media":2983,"comment_status":"open","ping_status":"open","sticky":false,"template":"","format":"standard","meta":{"footnotes":""},"categories":[5],"tags":[],"class_list":["post-2982","post","type-post","status-publish","format-standard","has-post-thumbnail","hentry","category-actualidad-limarina"],"_links":{"self":[{"href":"https:\/\/www.radiolimari.cl\/index.php?rest_route=\/wp\/v2\/posts\/2982","targetHints":{"allow":["GET"]}}],"collection":[{"href":"https:\/\/www.radiolimari.cl\/index.php?rest_route=\/wp\/v2\/posts"}],"about":[{"href":"https:\/\/www.radiolimari.cl\/index.php?rest_route=\/wp\/v2\/types\/post"}],"author":[{"embeddable":true,"href":"https:\/\/www.radiolimari.cl\/index.php?rest_route=\/wp\/v2\/users\/2"}],"replies":[{"embeddable":true,"href":"https:\/\/www.radiolimari.cl\/index.php?rest_route=%2Fwp%2Fv2%2Fcomments&post=2982"}],"version-history":[{"count":6,"href":"https:\/\/www.radiolimari.cl\/index.php?rest_route=\/wp\/v2\/posts\/2982\/revisions"}],"predecessor-version":[{"id":2989,"href":"https:\/\/www.radiolimari.cl\/index.php?rest_route=\/wp\/v2\/posts\/2982\/revisions\/2989"}],"wp:featuredmedia":[{"embeddable":true,"href":"https:\/\/www.radiolimari.cl\/index.php?rest_route=\/wp\/v2\/media\/2983"}],"wp:attachment":[{"href":"https:\/\/www.radiolimari.cl\/index.php?rest_route=%2Fwp%2Fv2%2Fmedia&parent=2982"}],"wp:term":[{"taxonomy":"category","embeddable":true,"href":"https:\/\/www.radiolimari.cl\/index.php?rest_route=%2Fwp%2Fv2%2Fcategories&post=2982"},{"taxonomy":"post_tag","embeddable":true,"href":"https:\/\/www.radiolimari.cl\/index.php?rest_route=%2Fwp%2Fv2%2Ftags&post=2982"}],"curies":[{"name":"wp","href":"https:\/\/api.w.org\/{rel}","templated":true}]}}