{"id":2965,"date":"2020-07-14T01:48:36","date_gmt":"2020-07-14T01:48:36","guid":{"rendered":"http:\/\/www.radiolimari.cl\/?p=2965"},"modified":"2020-07-14T01:48:36","modified_gmt":"2020-07-14T01:48:36","slug":"abren-convocatoria-de-adquisicion-de-obras-de-artes-visuales-en-ovalle","status":"publish","type":"post","link":"https:\/\/www.radiolimari.cl\/?p=2965","title":{"rendered":"Abren convocatoria de Adquisici\u00f3n de Obras de Artes Visuales en Ovalle"},"content":{"rendered":"<p><a href=\"https:\/\/www.radiolimari.cl\/wp-content\/uploads\/2020\/07\/14.07-convocatoria-Adquisici\u00f3n-de-Artes-Visuales.jpg\"><img fetchpriority=\"high\" decoding=\"async\" class=\"alignnone size-medium wp-image-2966\" src=\"https:\/\/www.radiolimari.cl\/wp-content\/uploads\/2020\/07\/14.07-convocatoria-Adquisici\u00f3n-de-Artes-Visuales-300x199.jpg\" alt=\"14.07 convocatoria Adquisici\u00f3n de Artes Visuales\" width=\"300\" height=\"199\" srcset=\"https:\/\/www.radiolimari.cl\/wp-content\/uploads\/2020\/07\/14.07-convocatoria-Adquisici\u00f3n-de-Artes-Visuales-300x199.jpg 300w, https:\/\/www.radiolimari.cl\/wp-content\/uploads\/2020\/07\/14.07-convocatoria-Adquisici\u00f3n-de-Artes-Visuales-1024x682.jpg 1024w, https:\/\/www.radiolimari.cl\/wp-content\/uploads\/2020\/07\/14.07-convocatoria-Adquisici\u00f3n-de-Artes-Visuales.jpg 2048w\" sizes=\"(max-width: 300px) 100vw, 300px\" \/><\/a><\/p>\n<p><strong>La iniciativa puesta en marcha por la Corporaci\u00f3n Cultural Municipal de Ovalle, que permanecer\u00e1 abierta hasta el 02 de agosto, va en beneficio directo de los artistas de la comuna <\/strong><!--more--><\/p>\n<p>En estos 4 meses de confinamiento en nuestro pa\u00eds el sector art\u00edstico y cultural se ha visto fuertemente afectado. Pensando en ello y enmarcada en el desarrollo y ejecuci\u00f3n de las pol\u00edticas comunales a trav\u00e9s del PMC de la comuna de Ovalle, la Corporaci\u00f3n Cultural Municipal de Ovalle este lunes 13 de julio abri\u00f3 su convocatoria para la Adquisici\u00f3n de Obras de Artes Visuales de creadores y artistas locales, ya sean de origen y\/o residentes en la ciudad, la cual pretende obtener un total de 20 obras de artes visuales, incluyendo la disciplina fotogr\u00e1fica.<\/p>\n<p>Esta es una de las adaptaciones a la planificaci\u00f3n 2020 que ha desarrollado la corporaci\u00f3n cultural, a fin de ir en directo beneficio de los creadores y artistas en esta disciplina en tiempos de pandemia. \u201cEn estos \u00faltimos meses hemos modificado en un 100 por ciento lo planificado para este a\u00f1o, a fin no solo de poder seguir ofreciendo contenidos nuestros p\u00fablicos a trav\u00e9s de nuestras diversas plataformas digitales como ovalleculturaplay.cl y nuestras redes sociales sino tambi\u00e9n contribuir a que nuestros artistas y creadores puedan seguir trabajando. Lo hemos estado haciendo con los m\u00fasicos a trav\u00e9s de Ovalle Sesiones, con nuestros talleristas y diversos artistas con los Tele Talleres, en el caso de los Audiovisualistas forman parte de S\u00e1bado de Documentales y los actores semana a semana graban los diferentes cap\u00edtulos de Radio Teatro TMO; sin embargo nos sent\u00edamos en deuda con el \u00e1rea de las artes visuales \u2013a pesar de que mes a mes inauguramos una exposici\u00f3n- era necesario generar una convocatoria especial para los artistas visuales de nuestra comuna\u201d se\u00f1al\u00f3 el director ejecutivo de la Corporaci\u00f3n Cultural Municipal de Ovalle, Ifman Huerta.<\/p>\n<p>Cabe destacar que esta convocatoria posee dos categor\u00edas: una para artistas y creadores de 3 a 5 a\u00f1os de experiencia y otra para artistas y creadores de m\u00e1s de 5 a\u00f1os de experiencia. La idea es adquirir 10 obras de cada categor\u00eda, donde cada obra ser\u00e1 adquirida en\u00a0 por un valor de $200.000 (doscientos mil pesos) en el caso de los creadores y autores con 3 a 5 a\u00f1os de trayectoria y $350.000 (Trescientos cincuenta mil pesos) las que sean parte de la categor\u00eda de creadores y autores con m\u00e1s de 5 a\u00f1os de trayectoria.<\/p>\n<p>Las obras seleccionadas ser\u00e1n parte de la programaci\u00f3n en el mes de septiembre del a\u00f1o en curso de la Galer\u00eda Homero Mart\u00ednez Salas y posteriormente se entregar\u00e1n en comodato a la Ilustre Municipalidad de Ovalle para generar una exposici\u00f3n permanente en las diferentes oficinas de esta repartici\u00f3n p\u00fablica ejecutando el compromiso de ayuda conjunta seg\u00fan convenio establecido entre la Corporaci\u00f3n Cultural Municipal de Ovalle y la Ilustre Municipalidad de Ovalle.<\/p>\n<p>Los interesados en ser parte de esta convocatoria pueden conocer y descargar las bases en <a href=\"http:\/\/www.ovallecultura.cl\">www.ovallecultura.cl<\/a> y postular hasta el 02 de agosto del a\u00f1o en curso. As\u00ed mismo pueden obtener m\u00e1s informaci\u00f3n o escribir sus dudas o consultas a fgonzalez@ccmo.cl.<\/p>\n","protected":false},"excerpt":{"rendered":"<p>La iniciativa puesta en marcha por la Corporaci\u00f3n Cultural Municipal de Ovalle, que permanecer\u00e1 abierta hasta el 02 de agosto, va en beneficio directo de los artistas de la comuna<\/p>\n","protected":false},"author":2,"featured_media":2966,"comment_status":"open","ping_status":"open","sticky":false,"template":"","format":"standard","meta":{"footnotes":""},"categories":[5],"tags":[],"class_list":["post-2965","post","type-post","status-publish","format-standard","has-post-thumbnail","hentry","category-actualidad-limarina"],"_links":{"self":[{"href":"https:\/\/www.radiolimari.cl\/index.php?rest_route=\/wp\/v2\/posts\/2965","targetHints":{"allow":["GET"]}}],"collection":[{"href":"https:\/\/www.radiolimari.cl\/index.php?rest_route=\/wp\/v2\/posts"}],"about":[{"href":"https:\/\/www.radiolimari.cl\/index.php?rest_route=\/wp\/v2\/types\/post"}],"author":[{"embeddable":true,"href":"https:\/\/www.radiolimari.cl\/index.php?rest_route=\/wp\/v2\/users\/2"}],"replies":[{"embeddable":true,"href":"https:\/\/www.radiolimari.cl\/index.php?rest_route=%2Fwp%2Fv2%2Fcomments&post=2965"}],"version-history":[{"count":1,"href":"https:\/\/www.radiolimari.cl\/index.php?rest_route=\/wp\/v2\/posts\/2965\/revisions"}],"predecessor-version":[{"id":2967,"href":"https:\/\/www.radiolimari.cl\/index.php?rest_route=\/wp\/v2\/posts\/2965\/revisions\/2967"}],"wp:featuredmedia":[{"embeddable":true,"href":"https:\/\/www.radiolimari.cl\/index.php?rest_route=\/wp\/v2\/media\/2966"}],"wp:attachment":[{"href":"https:\/\/www.radiolimari.cl\/index.php?rest_route=%2Fwp%2Fv2%2Fmedia&parent=2965"}],"wp:term":[{"taxonomy":"category","embeddable":true,"href":"https:\/\/www.radiolimari.cl\/index.php?rest_route=%2Fwp%2Fv2%2Fcategories&post=2965"},{"taxonomy":"post_tag","embeddable":true,"href":"https:\/\/www.radiolimari.cl\/index.php?rest_route=%2Fwp%2Fv2%2Ftags&post=2965"}],"curies":[{"name":"wp","href":"https:\/\/api.w.org\/{rel}","templated":true}]}}