{"id":2962,"date":"2020-07-13T19:37:43","date_gmt":"2020-07-13T19:37:43","guid":{"rendered":"http:\/\/www.radiolimari.cl\/?p=2962"},"modified":"2020-07-13T19:37:43","modified_gmt":"2020-07-13T19:37:43","slug":"autoridades-verifican-el-cumplimiento-de-los-protocolos-sanitarios-en-cmp","status":"publish","type":"post","link":"https:\/\/www.radiolimari.cl\/?p=2962","title":{"rendered":"Autoridades verifican el cumplimiento de los protocolos sanitarios en CMP"},"content":{"rendered":"<p><a href=\"https:\/\/www.radiolimari.cl\/wp-content\/uploads\/2020\/07\/13.07-Foto-4-Operacional.jpg\"><img fetchpriority=\"high\" decoding=\"async\" class=\"alignnone size-medium wp-image-2963\" src=\"https:\/\/www.radiolimari.cl\/wp-content\/uploads\/2020\/07\/13.07-Foto-4-Operacional-300x168.jpg\" alt=\"13.07 Foto 4 Operacional\" width=\"300\" height=\"168\" srcset=\"https:\/\/www.radiolimari.cl\/wp-content\/uploads\/2020\/07\/13.07-Foto-4-Operacional-300x168.jpg 300w, https:\/\/www.radiolimari.cl\/wp-content\/uploads\/2020\/07\/13.07-Foto-4-Operacional-1024x576.jpg 1024w\" sizes=\"(max-width: 300px) 100vw, 300px\" \/><\/a><\/p>\n<p><em>El Seremi de Miner\u00eda, Roberto Vega junto al Seremi del Trabajo\u00a0y Previsi\u00f3n Social, Mat\u00edas Villalobos y al Director Regional del Sernageomin, Emilio Lazo, recorrieron la faena El Romeral de CMP. <\/em><!--more--><\/p>\n<p>Una nueva modalidad de trabajo se suma a las ya implementadas por la industria minera, y corresponde al modelo llevado a cabo por CMP Valle Elqui, en cual en faenas mantienen \u00e1reas segregadas y operando mediante el concepto de c\u00e9lula, lo que consiste en equipo de trabajo reducido con un m\u00e1ximo de 5 personas y toda la labor diaria se realiza solo entre los integrantes de la misma c\u00e9lula, incluyendo sus traslados con el objeto de minimizar la interacci\u00f3n y mantener la trazabilidad de los contagios.<\/p>\n<p>El Seremi de Miner\u00eda, Roberto Vega junto al Seremi del Trabajo\u00a0y Previsi\u00f3n Social, Mat\u00edas Villalobos, \u00a0el Director Regional del Sernageomin, Emilio Lazo, \u00a0recorrieron la faena El Romeral en compa\u00f1\u00eda del Subgerente de Operaciones de CMP Valle Elqui, quien dio cuenta en terreno de las medidas implementadas en sus operaciones. En la instancia, el Seremi de Miner\u00eda indic\u00f3 \u201ctal cual como lo se\u00f1al\u00f3 nuestro Ministro Baldo Prokurica la actividad es esencial para la econom\u00eda, el desarrollo y la movilidad social de Chile. No obstante a ello, el principal elemento que tiene la miner\u00eda son sus mineros y sus familias. Tal como lo hemos escuchado ac\u00e1 en la CMP ellos est\u00e1n m\u00e1s preocupados de la salud de todos sus mineros por sobre los estados de productividad\u201d.<\/p>\n<p>Por su parte, el Seremi del Trabajo y Previsi\u00f3n Social enfatiz\u00f3 sobre el rol que cumple el empleador de facilitar las condiciones necesarias para proteger a los trabajadores y agreg\u00f3 que \u201chemos estado recorriendo diferentes sectores productivos de la regi\u00f3n, verificando en terreno los protocolos que han adoptado los empleadores para minimizar los riesgos de contagio en el contexto laboral. Es importante recordar que es deber de cada empleador velar eficazmente por la salud y seguridad de los trabajadores, por lo que producto de esta pandemia estamos viendo que se cumplan con todas las recomendaciones e instrucciones\u201d<\/p>\n<p><strong>Rigurosos Protocolos de ingreso a faena<\/strong><\/p>\n<p>Toda persona que ingresa a faena deber\u00e1 completar el check list digital, rellenando un cuestionario autodiagn\u00f3stico, adem\u00e1s CMP estableci\u00f3 la obligatoriedad que tanto trabajadores como colaboradores deben utilizar solamente la mascarilla KN95-N95 y guantes quir\u00fargicos, los que son entregados en los kits de limpieza. Asimismo, al ingreso al turno de cada c\u00e9lula, se aplican test r\u00e1pidos para una detecci\u00f3n temprana de posibles casos asintom\u00e1ticos. Al momento del ingreso se solicitan la autorizaci\u00f3n del cuestionario, se hace toma de temperatura y proceden a sanitizar al interior y exterior del veh\u00edculo.<\/p>\n<p>\u201cGran parte de nuestras implementaciones tienen que ver con las \u00e1reas de trabajo y la cultura de la separaci\u00f3n social, las instalaciones nuestras est\u00e1n preparadas hoy en d\u00eda para que nuestros trabajadores desarrollen sus funciones en forma segura otorgando toda la implementaci\u00f3n de seguridad del Covid-19 que se requieren en estas circunstancias y fundamentalmente hoy d\u00eda en la campa\u00f1a que estamos haciendo es de entregar herramientas y elementos de concientizaci\u00f3n para que nuestros trabajadores se sigan cuidando en sus respectivos hogares\u201d destac\u00f3 Jorge Vidal Subgerente de CMP, Valle Elqui .<\/p>\n<p>La filial con distribuci\u00f3n en el Valle del Elqui, Huasco y Copiap\u00f3, mantienen prohibidas las reuniones f\u00edsicas. Adem\u00e1s de aumentar la frecuencia de las sanitizaciones, aplican cada semana test r\u00e1pidos de covid-19 al 30% de la dotaci\u00f3n en faena. El Director Regional del Sernageomin, reconoci\u00f3 las acciones comprometidas y detall\u00f3 la difusi\u00f3n del programa \u201c<strong>la miner\u00eda se cuida\u201d<\/strong> liderado por el organismo estatal. \u201cDestacar que aprovechamos la instancia para reforzar nuestra iniciativa <strong>\u201cla miner\u00eda se cuida\u201d <\/strong>donde buscamos que el liderazgo de los mineros permee y abarque su familia, su entorno cercano y por qu\u00e9 no la comunidad. La \u00fanica manera de combatir y ganarle a este virus es juntos\u201d, puntualiz\u00f3 Emilio Lazo.<\/p>\n","protected":false},"excerpt":{"rendered":"<p>El Seremi de Miner\u00eda, Roberto Vega junto al Seremi del Trabajo\u00a0y Previsi\u00f3n Social, Mat\u00edas Villalobos y al Director Regional del Sernageomin, Emilio Lazo, recorrieron la faena El Romeral de CMP.<\/p>\n","protected":false},"author":2,"featured_media":2963,"comment_status":"open","ping_status":"open","sticky":false,"template":"","format":"standard","meta":{"footnotes":""},"categories":[6],"tags":[],"class_list":["post-2962","post","type-post","status-publish","format-standard","has-post-thumbnail","hentry","category-regionales"],"_links":{"self":[{"href":"https:\/\/www.radiolimari.cl\/index.php?rest_route=\/wp\/v2\/posts\/2962","targetHints":{"allow":["GET"]}}],"collection":[{"href":"https:\/\/www.radiolimari.cl\/index.php?rest_route=\/wp\/v2\/posts"}],"about":[{"href":"https:\/\/www.radiolimari.cl\/index.php?rest_route=\/wp\/v2\/types\/post"}],"author":[{"embeddable":true,"href":"https:\/\/www.radiolimari.cl\/index.php?rest_route=\/wp\/v2\/users\/2"}],"replies":[{"embeddable":true,"href":"https:\/\/www.radiolimari.cl\/index.php?rest_route=%2Fwp%2Fv2%2Fcomments&post=2962"}],"version-history":[{"count":1,"href":"https:\/\/www.radiolimari.cl\/index.php?rest_route=\/wp\/v2\/posts\/2962\/revisions"}],"predecessor-version":[{"id":2964,"href":"https:\/\/www.radiolimari.cl\/index.php?rest_route=\/wp\/v2\/posts\/2962\/revisions\/2964"}],"wp:featuredmedia":[{"embeddable":true,"href":"https:\/\/www.radiolimari.cl\/index.php?rest_route=\/wp\/v2\/media\/2963"}],"wp:attachment":[{"href":"https:\/\/www.radiolimari.cl\/index.php?rest_route=%2Fwp%2Fv2%2Fmedia&parent=2962"}],"wp:term":[{"taxonomy":"category","embeddable":true,"href":"https:\/\/www.radiolimari.cl\/index.php?rest_route=%2Fwp%2Fv2%2Fcategories&post=2962"},{"taxonomy":"post_tag","embeddable":true,"href":"https:\/\/www.radiolimari.cl\/index.php?rest_route=%2Fwp%2Fv2%2Ftags&post=2962"}],"curies":[{"name":"wp","href":"https:\/\/api.w.org\/{rel}","templated":true}]}}