{"id":2959,"date":"2020-07-13T19:03:43","date_gmt":"2020-07-13T19:03:43","guid":{"rendered":"http:\/\/www.radiolimari.cl\/?p=2959"},"modified":"2020-07-13T19:03:43","modified_gmt":"2020-07-13T19:03:43","slug":"municipio-de-ovalle-busca-alternativas-para-establecer-a-comerciantes-ambulantes","status":"publish","type":"post","link":"https:\/\/www.radiolimari.cl\/?p=2959","title":{"rendered":"Municipio de Ovalle busca alternativas para establecer a comerciantes ambulantes"},"content":{"rendered":"<p><a href=\"https:\/\/www.radiolimari.cl\/wp-content\/uploads\/2020\/07\/13.07-Comercio-ambulante-alternativas-2.png\"><img fetchpriority=\"high\" decoding=\"async\" class=\"alignnone size-medium wp-image-2960\" src=\"https:\/\/www.radiolimari.cl\/wp-content\/uploads\/2020\/07\/13.07-Comercio-ambulante-alternativas-2-300x168.png\" alt=\"13.07 Comercio ambulante alternativas 2\" width=\"300\" height=\"168\" srcset=\"https:\/\/www.radiolimari.cl\/wp-content\/uploads\/2020\/07\/13.07-Comercio-ambulante-alternativas-2-300x168.png 300w, https:\/\/www.radiolimari.cl\/wp-content\/uploads\/2020\/07\/13.07-Comercio-ambulante-alternativas-2-1024x576.png 1024w, https:\/\/www.radiolimari.cl\/wp-content\/uploads\/2020\/07\/13.07-Comercio-ambulante-alternativas-2.png 1920w\" sizes=\"(max-width: 300px) 100vw, 300px\" \/><\/a><\/p>\n<p><strong><em>El alcalde Claudio Renter\u00eda se reuni\u00f3 con integrantes de los sindicatos de comerciantes ambulantes de Ovalle, quienes contaban con permisos provisorios, hasta el mes de marzo, y les plante\u00f3 la idea de buscar alternativas para establecerlos y formalizar su labor comercial<\/em><\/strong><!--more--><\/p>\n<p><strong><em>\u00a0<\/em><\/strong><\/p>\n<p>El municipio de Ovalle est\u00e1 trabajando en buscar alternativas de soluci\u00f3n para los comerciantes ambulantes que, hasta marzo de este a\u00f1o, contaban con una autorizaci\u00f3n provisoria para ejercer esta labor en las calles. Recordemos, que la actual administraci\u00f3n municipal hered\u00f3 130 permisos de periodos alcaldicios anteriores, los cuales respet\u00f3, pero desde diciembre de 2012 no se autoriz\u00f3 a ninguna persona a desarrollar estas labores comerciales informales, en la v\u00eda p\u00fablica.<\/p>\n<p>&nbsp;<\/p>\n<p>El alcalde Claudio Renter\u00eda se reuni\u00f3 con representantes de los sindicatos de comerciantes ambulantes, que contaban con autorizaci\u00f3n, para explicarles cu\u00e1les son las acciones que se realizar\u00e1n en este sentido y qu\u00e9 alternativas se barajan para eliminar el comercio de las calles. Una de ellas es acondicionar la Feria Modelo y disponer de espacios para que se integre este grupo de personas y puedan desarrollar su negocio, en el marco de la legalidad y con todo lo que aquello implica, como el pago de impuestos y patentes.<\/p>\n<p>&nbsp;<\/p>\n<p>Mientras se analizan estas medidas definitivas, el municipio local entregar\u00e1 un permiso, a estas 130 personas, el cual se renovar\u00e1 mensualmente hasta llegar a la soluci\u00f3n final.<\/p>\n<p>&nbsp;<\/p>\n<p>\u201cEstas alternativas deben estar dentro del marco legal y ser convenientes tanto para ellos, como para el municipio de Ovalle. Porque el comercio ambulante ha generado una situaci\u00f3n muy complicada y que ha afectado al comercio establecido, particularmente, a los locatarios de la Feria Modelo, quienes han visto muy da\u00f1ados sus ingresos, entonces estamos buscando los justos equilibrios para que la medida que tomemos sea la m\u00e1s adecuada para todos\u201d sostuvo el alcalde Claudio Renter\u00eda. La autoridad comunal fue enf\u00e1tico en indicar que \u201cmientras esta administraci\u00f3n municipal est\u00e9 en ejercicio no se van a entregar permisos para el comercio ambulante\u201d.<\/p>\n<p>&nbsp;<\/p>\n<p>Un grupo de comerciantes ambulantes solicitaron el apoyo del municipio y la autoridad comunal comprometi\u00f3 ayuda social. \u201cNosotros nos comprometimos a entregarle una caja de alimentos y un ticket v\u00e1lido por una recarga de gas y para eso les pedimos un listado con todos los antecedentes de las personas (Nombre y Rut) que ser\u00edan beneficiadas, pero, lamentablemente, no nos han entregado esa informaci\u00f3n y no hemos podido materializar este aporte hasta el momento\u201d afirm\u00f3 Renter\u00eda.<\/p>\n<p>&nbsp;<\/p>\n<p>La autoridad local se reunir\u00e1 en un mes m\u00e1s con los integrantes de los sindicatos de ambulantes para verificar los avances de estas alternativas y tambi\u00e9n conocer sus propuestas y si son viables o no. Recordemos, que la Ley de Tr\u00e1nsito proh\u00edbe las actividades comerciales en las calles, bermas o el comercio estacionado sin permiso municipal.<\/p>\n<p>&nbsp;<\/p>\n","protected":false},"excerpt":{"rendered":"<p>El alcalde Claudio Renter\u00eda se reuni\u00f3 con integrantes de los sindicatos de comerciantes ambulantes de Ovalle, quienes contaban con permisos provisorios, hasta el mes de marzo, y les plante\u00f3 la idea de buscar alternativas para establecerlos y formalizar su labor comercial<\/p>\n","protected":false},"author":2,"featured_media":2960,"comment_status":"open","ping_status":"open","sticky":false,"template":"","format":"standard","meta":{"footnotes":""},"categories":[5],"tags":[],"class_list":["post-2959","post","type-post","status-publish","format-standard","has-post-thumbnail","hentry","category-actualidad-limarina"],"_links":{"self":[{"href":"https:\/\/www.radiolimari.cl\/index.php?rest_route=\/wp\/v2\/posts\/2959","targetHints":{"allow":["GET"]}}],"collection":[{"href":"https:\/\/www.radiolimari.cl\/index.php?rest_route=\/wp\/v2\/posts"}],"about":[{"href":"https:\/\/www.radiolimari.cl\/index.php?rest_route=\/wp\/v2\/types\/post"}],"author":[{"embeddable":true,"href":"https:\/\/www.radiolimari.cl\/index.php?rest_route=\/wp\/v2\/users\/2"}],"replies":[{"embeddable":true,"href":"https:\/\/www.radiolimari.cl\/index.php?rest_route=%2Fwp%2Fv2%2Fcomments&post=2959"}],"version-history":[{"count":1,"href":"https:\/\/www.radiolimari.cl\/index.php?rest_route=\/wp\/v2\/posts\/2959\/revisions"}],"predecessor-version":[{"id":2961,"href":"https:\/\/www.radiolimari.cl\/index.php?rest_route=\/wp\/v2\/posts\/2959\/revisions\/2961"}],"wp:featuredmedia":[{"embeddable":true,"href":"https:\/\/www.radiolimari.cl\/index.php?rest_route=\/wp\/v2\/media\/2960"}],"wp:attachment":[{"href":"https:\/\/www.radiolimari.cl\/index.php?rest_route=%2Fwp%2Fv2%2Fmedia&parent=2959"}],"wp:term":[{"taxonomy":"category","embeddable":true,"href":"https:\/\/www.radiolimari.cl\/index.php?rest_route=%2Fwp%2Fv2%2Fcategories&post=2959"},{"taxonomy":"post_tag","embeddable":true,"href":"https:\/\/www.radiolimari.cl\/index.php?rest_route=%2Fwp%2Fv2%2Ftags&post=2959"}],"curies":[{"name":"wp","href":"https:\/\/api.w.org\/{rel}","templated":true}]}}