{"id":2956,"date":"2020-07-13T19:00:32","date_gmt":"2020-07-13T19:00:32","guid":{"rendered":"http:\/\/www.radiolimari.cl\/?p=2956"},"modified":"2020-07-13T19:00:32","modified_gmt":"2020-07-13T19:00:32","slug":"aumento-de-casos-de-violacion-en-la-region-preocupa-a-autoridades-y-generan-plan-de-accion","status":"publish","type":"post","link":"https:\/\/www.radiolimari.cl\/?p=2956","title":{"rendered":"Aumento de casos de violaci\u00f3n en la regi\u00f3n preocupa a autoridades y generan plan de acci\u00f3n"},"content":{"rendered":"<p><a href=\"https:\/\/www.radiolimari.cl\/wp-content\/uploads\/2020\/07\/13.07-sernameg.jpg\"><img fetchpriority=\"high\" decoding=\"async\" class=\"alignnone size-medium wp-image-2957\" src=\"https:\/\/www.radiolimari.cl\/wp-content\/uploads\/2020\/07\/13.07-sernameg-300x225.jpg\" alt=\"13.07 sernameg\" width=\"300\" height=\"225\" srcset=\"https:\/\/www.radiolimari.cl\/wp-content\/uploads\/2020\/07\/13.07-sernameg-300x225.jpg 300w, https:\/\/www.radiolimari.cl\/wp-content\/uploads\/2020\/07\/13.07-sernameg-1024x768.jpg 1024w\" sizes=\"(max-width: 300px) 100vw, 300px\" \/><\/a><\/p>\n<p>En un 24 por ciento han aumentado los casos de denuncias por violaci\u00f3n contra mujeres durante este a\u00f1o en Carabineros, eso sumado a que en el \u00faltimo tiempo en la regi\u00f3n de Coquimbo han salido a la palestra p\u00fablica diversas denuncias de delitos de car\u00e1cter sexual contra mujeres.<!--more--><\/p>\n<p>Casos como secuestros, abusos y un lamentable suicidio de una joven de Vicu\u00f1a han marcado la pauta medi\u00e1tica de estos d\u00edas.<\/p>\n<p>Ante este escenario, desde la Secretar\u00eda Regional Ministerial de la Mujer y la Equidad de G\u00e9nero mostraron su preocupaci\u00f3n y a trav\u00e9s de la seremi, Iv\u00f3n Guerra Aguilera se gener\u00f3 una reuni\u00f3n, de manera remota, con carabineros, PDI, encargado regional de Seguridad P\u00fablica y la Direcci\u00f3n Regional de SernamEG para analizar y abordar la metodolog\u00eda de trabajo de las polic\u00edas en estos casos y ver los nudos cr\u00edticos que podr\u00edan estar obstaculizando una mejor respuesta y atenci\u00f3n para las denunciantes.<\/p>\n<p>Respecto a los casos de denuncias por violaci\u00f3n la cifra entregada por la Coordinaci\u00f3n Regional de Seguridad P\u00fablica arroja que hasta la semana 25 de este 2020 existen 41 casos, en comparaci\u00f3n a la misma fecha del a\u00f1o pasado que alcanzaban 33 casos. Esto suma un aumento de 24 por ciento.<\/p>\n<p>La seremi de la Mujer, Iv\u00f3n Guerra se\u00f1al\u00f3 su preocupaci\u00f3n respecto a esta estad\u00edstica y tipos de delitos, <strong>\u201cSon cifras que nos intranquilizan y que debemos abordar con acciones concretas que ayuden a las mujeres victimas de este tipo de delitos. En la regi\u00f3n tenemos un caso que nos duele, que es el suicidio de una joven de Vicu\u00f1a. No queremos que su caso quede en la impunidad ni que ninguna mujer vuelva sentirse desprotegida por la red del Estado. Como Gobierno y Ministerio de la Mujer nos interesa salvaguardar la integridad de las mujeres y hay que actuar r\u00e1pido y de forma eficiente. Hago un llamado a las polic\u00edas y Fiscal\u00eda a seguir perfeccionando sus respuestas ante casos de denuncias de violencia intrafamiliar y de casos de connotaci\u00f3n sexual contra mujeres\u201d.<\/strong><\/p>\n<p>Por su parte, el Coordinador Regional de Seguridad P\u00fablica, Rolando Casanueva, agreg\u00f3 lo siguiente una vez finalizada la reuni\u00f3n,<strong> \u201c es una situaci\u00f3n preocupante y que va ser analizada tambi\u00e9n en la Mesa Red de Atenci\u00f3n a las Victimas (\u2026) esta reuni\u00f3n es \u00a0necesaria para analizar procesos de intervenci\u00f3n que se han realizado para tener una visi\u00f3n m\u00e1s amplia y as\u00ed poder mejorar la intervenci\u00f3n y ayudar con acciones concretas tanto a la familia como el entorno social donde reside una v\u00edctima de alg\u00fan tipo de delito o e abuso de car\u00e1cter sexual\u201d<\/strong><\/p>\n<p>En tanto, el SubPrefecto de la Brigada de Delitos Sexuales y Menores de la Polic\u00eda de Investigaciones, Eduardo Rojas manifest\u00f3 que respecto a las \u00faltimas denuncias de car\u00e1cter de delito sexual ocurrida en la regi\u00f3n no tienen relaci\u00f3n para calificarlas como una \u201cred\u201d,<strong> \u201cquiero llamar a la calma a la comunidad, si bien hemos tenidos denuncias de hechos de connotaci\u00f3n sexual no guarda relaci\u00f3n entre ellos. Se est\u00e1n investigando y pronto ya tendremos resultados. Finalmente hacemos un llamado a la comunidad\u201d, concluy\u00f3.<\/strong><\/p>\n<p>&nbsp;<\/p>\n","protected":false},"excerpt":{"rendered":"<p>En un 24 por ciento han aumentado los casos de denuncias por violaci\u00f3n contra mujeres durante este a\u00f1o en Carabineros, eso sumado a que en el \u00faltimo tiempo en la regi\u00f3n de Coquimbo han salido a la palestra p\u00fablica diversas denuncias de delitos de car\u00e1cter sexual contra mujeres.<\/p>\n","protected":false},"author":2,"featured_media":2957,"comment_status":"open","ping_status":"open","sticky":false,"template":"","format":"standard","meta":{"footnotes":""},"categories":[6],"tags":[],"class_list":["post-2956","post","type-post","status-publish","format-standard","has-post-thumbnail","hentry","category-regionales"],"_links":{"self":[{"href":"https:\/\/www.radiolimari.cl\/index.php?rest_route=\/wp\/v2\/posts\/2956","targetHints":{"allow":["GET"]}}],"collection":[{"href":"https:\/\/www.radiolimari.cl\/index.php?rest_route=\/wp\/v2\/posts"}],"about":[{"href":"https:\/\/www.radiolimari.cl\/index.php?rest_route=\/wp\/v2\/types\/post"}],"author":[{"embeddable":true,"href":"https:\/\/www.radiolimari.cl\/index.php?rest_route=\/wp\/v2\/users\/2"}],"replies":[{"embeddable":true,"href":"https:\/\/www.radiolimari.cl\/index.php?rest_route=%2Fwp%2Fv2%2Fcomments&post=2956"}],"version-history":[{"count":1,"href":"https:\/\/www.radiolimari.cl\/index.php?rest_route=\/wp\/v2\/posts\/2956\/revisions"}],"predecessor-version":[{"id":2958,"href":"https:\/\/www.radiolimari.cl\/index.php?rest_route=\/wp\/v2\/posts\/2956\/revisions\/2958"}],"wp:featuredmedia":[{"embeddable":true,"href":"https:\/\/www.radiolimari.cl\/index.php?rest_route=\/wp\/v2\/media\/2957"}],"wp:attachment":[{"href":"https:\/\/www.radiolimari.cl\/index.php?rest_route=%2Fwp%2Fv2%2Fmedia&parent=2956"}],"wp:term":[{"taxonomy":"category","embeddable":true,"href":"https:\/\/www.radiolimari.cl\/index.php?rest_route=%2Fwp%2Fv2%2Fcategories&post=2956"},{"taxonomy":"post_tag","embeddable":true,"href":"https:\/\/www.radiolimari.cl\/index.php?rest_route=%2Fwp%2Fv2%2Ftags&post=2956"}],"curies":[{"name":"wp","href":"https:\/\/api.w.org\/{rel}","templated":true}]}}