{"id":2848,"date":"2020-07-01T16:51:39","date_gmt":"2020-07-01T16:51:39","guid":{"rendered":"http:\/\/www.radiolimari.cl\/?p=2848"},"modified":"2020-07-01T16:51:39","modified_gmt":"2020-07-01T16:51:39","slug":"junji-lanza-serie-animada-upa-chalupa-junji-a-traves-de-tv-educa","status":"publish","type":"post","link":"https:\/\/www.radiolimari.cl\/?p=2848","title":{"rendered":"JUNJI Lanza serie animada \u00a1Upa Chalupa! JUNJI  a trav\u00e9s de TV Educa"},"content":{"rendered":"<p><a href=\"https:\/\/www.radiolimari.cl\/wp-content\/uploads\/2020\/07\/1-de-julio-junji-TODOS-LOS-PERSONAJES.jpeg\"><img fetchpriority=\"high\" decoding=\"async\" class=\"alignnone size-medium wp-image-2849\" src=\"https:\/\/www.radiolimari.cl\/wp-content\/uploads\/2020\/07\/1-de-julio-junji-TODOS-LOS-PERSONAJES-300x168.jpeg\" alt=\"1 de julio junji TODOS LOS PERSONAJES\" width=\"300\" height=\"168\" srcset=\"https:\/\/www.radiolimari.cl\/wp-content\/uploads\/2020\/07\/1-de-julio-junji-TODOS-LOS-PERSONAJES-300x168.jpeg 300w, https:\/\/www.radiolimari.cl\/wp-content\/uploads\/2020\/07\/1-de-julio-junji-TODOS-LOS-PERSONAJES-1024x575.jpeg 1024w, https:\/\/www.radiolimari.cl\/wp-content\/uploads\/2020\/07\/1-de-julio-junji-TODOS-LOS-PERSONAJES.jpeg 1280w\" sizes=\"(max-width: 300px) 100vw, 300px\" \/><\/a><\/p>\n<p><b style=\"color: #222222;\">Junto con acompa\u00f1ar a las familias durante la pandemia, la iniciativa buscar\u00e1 entretener y compartir actividades que se pueden hacer en casa, con personajes que relevar\u00e1n la inclusi\u00f3n y diversidad de nuestro pa\u00eds.<\/b><!--more--><\/p>\n<p><span style=\"color: #222222;\">Este martes (30) a las 9.50 horas, se estren\u00f3 por las pantallas de TV Educa la serie animada \u00a1Upa Chalupa! programa creado por la JUNJI, el cual a trav\u00e9s de c\u00e1psulas de 3 minutos de duraci\u00f3n, dan vida a personajes que se conectan a trav\u00e9s de un vaso con un cordel, para luego encender las turbinas de su imaginaci\u00f3n.<\/span><br style=\"color: #222222;\" \/><br style=\"color: #222222;\" \/><span style=\"color: #222222;\">Violeta, Mateo, Kran y Nina son los protagonistas. Provenientes de distintas ciudades de Chile, responden al llamado que les hace B\u00e1rbara, una educadora de p\u00e1rvulos que les propone descubrir un lugar nuevo o que hab\u00edan escuchado. Despu\u00e9s de conocer y divertirse, vuelven a sus casas a plasmar lo que aprendieron.<\/span><br style=\"color: #222222;\" \/><br style=\"color: #222222;\" \/><span style=\"color: #222222;\">Al igual que a sus protagonistas, \u00a1Upa Chalupa! es una invitaci\u00f3n para que todos los ni\u00f1os y ni\u00f1as menores de cuatro a\u00f1os, hagan este viaje desde sus casas. La idea es que al regreso y con materiales sencillos, puedan hacer desde su propia constelaci\u00f3n de estrella hasta un instrumento musical con materiales reciclados.<\/span><br style=\"color: #222222;\" \/><br style=\"color: #222222;\" \/><span style=\"color: #222222;\">Tras la elaboraci\u00f3n y desarrollo de cada una de las c\u00e1psulas (que cont\u00f3 con la producci\u00f3n de Argumental Films), hubo un trabajo muy minucioso para que el contenido fuera un real aporte educativo. Por eso, existi\u00f3 especial atenci\u00f3n en las caracter\u00edsticas de los personajes y las actividades que iban a desarrollar, tal como lo menciona Adriana Gaete, Vicepresidenta de la JUNJI: \u201cEntendiendo la diversidad que tenemos en los jardines infantiles, nos preocupamos de cada detalle para que en casa se encari\u00f1en, se sientan representados y sobretodo, quieran jugar y aprender. Por lo mismo, \u00a1es importante destacar que en Upa Chalupa! contamos con Mateo, un ni\u00f1o que en su s\u00faper nave (silla de ruedas) se entretiene a la par con sus amigos\u201d.<\/span><br style=\"color: #222222;\" \/><br style=\"color: #222222;\" \/><span style=\"color: #222222;\">Por su parte, en Tv Educa tambi\u00e9n resaltaron que se haya incluido un personaje con alg\u00fan grado de discapacidad, \u00a1lo cual hace tambi\u00e9n de Upa Chalupa! una serie \u00fanica. Adem\u00e1s, manifestaron estar muy felices por el material que van a exhibir, ya que fueron testigos y part\u00edcipes del proceso que termin\u00f3 d\u00e1ndole vida a estas c\u00e1psulas animadas. \u201cComo equipo editorial estamos muy orgullosos de incorporar este valioso contenido, que fue desarrollado para los ni\u00f1os m\u00e1s peque\u00f1os en etapa preescolar que est\u00e1n viviendo estos dif\u00edciles momentos, con un rol relevante en lo formativo, y un aporte para las familias, que adem\u00e1s incluye dentro de sus contenidos ni\u00f1os de diferentes realidades y contextos\u201d, se\u00f1ala Loreto Sanhueza, Secretaria Ejecutiva del Comit\u00e9 Editorial de TV Educa Chile.<\/span><br style=\"color: #222222;\" \/><span style=\"color: #222222;\">Si quieren que sus hijos e hijas aprendan a hacer yoga con posiciones de animales, o que hagan sus propias obras de artes sin ocupar pinceles, \u00a1d\u00e9jenlos viajar junto a Upa Chalupa!, todos los martes y jueves a las 9.50 horas (con repetici\u00f3n los mismos d\u00edas a las 15.50 horas).<\/span><span style=\"color: #888888;\"><\/p>\n<p><\/span><\/p>\n","protected":false},"excerpt":{"rendered":"<p>Junto con acompa\u00f1ar a las familias durante la pandemia, la iniciativa buscar\u00e1 entretener y compartir actividades que se pueden hacer en casa, con personajes que relevar\u00e1n la inclusi\u00f3n y diversidad de nuestro pa\u00eds.<\/p>\n","protected":false},"author":2,"featured_media":2849,"comment_status":"open","ping_status":"open","sticky":false,"template":"","format":"standard","meta":{"footnotes":""},"categories":[3],"tags":[],"class_list":["post-2848","post","type-post","status-publish","format-standard","has-post-thumbnail","hentry","category-actualidad"],"_links":{"self":[{"href":"https:\/\/www.radiolimari.cl\/index.php?rest_route=\/wp\/v2\/posts\/2848","targetHints":{"allow":["GET"]}}],"collection":[{"href":"https:\/\/www.radiolimari.cl\/index.php?rest_route=\/wp\/v2\/posts"}],"about":[{"href":"https:\/\/www.radiolimari.cl\/index.php?rest_route=\/wp\/v2\/types\/post"}],"author":[{"embeddable":true,"href":"https:\/\/www.radiolimari.cl\/index.php?rest_route=\/wp\/v2\/users\/2"}],"replies":[{"embeddable":true,"href":"https:\/\/www.radiolimari.cl\/index.php?rest_route=%2Fwp%2Fv2%2Fcomments&post=2848"}],"version-history":[{"count":1,"href":"https:\/\/www.radiolimari.cl\/index.php?rest_route=\/wp\/v2\/posts\/2848\/revisions"}],"predecessor-version":[{"id":2850,"href":"https:\/\/www.radiolimari.cl\/index.php?rest_route=\/wp\/v2\/posts\/2848\/revisions\/2850"}],"wp:featuredmedia":[{"embeddable":true,"href":"https:\/\/www.radiolimari.cl\/index.php?rest_route=\/wp\/v2\/media\/2849"}],"wp:attachment":[{"href":"https:\/\/www.radiolimari.cl\/index.php?rest_route=%2Fwp%2Fv2%2Fmedia&parent=2848"}],"wp:term":[{"taxonomy":"category","embeddable":true,"href":"https:\/\/www.radiolimari.cl\/index.php?rest_route=%2Fwp%2Fv2%2Fcategories&post=2848"},{"taxonomy":"post_tag","embeddable":true,"href":"https:\/\/www.radiolimari.cl\/index.php?rest_route=%2Fwp%2Fv2%2Ftags&post=2848"}],"curies":[{"name":"wp","href":"https:\/\/api.w.org\/{rel}","templated":true}]}}