{"id":2845,"date":"2020-06-30T14:39:59","date_gmt":"2020-06-30T14:39:59","guid":{"rendered":"http:\/\/www.radiolimari.cl\/?p=2845"},"modified":"2020-06-30T14:39:59","modified_gmt":"2020-06-30T14:39:59","slug":"establecimientos-de-ovalle-y-coquimbo-destacaron-con-sus-investigaciones-en-encuentro-cientifico-regional","status":"publish","type":"post","link":"https:\/\/www.radiolimari.cl\/?p=2845","title":{"rendered":"Establecimientos de Ovalle y Coquimbo destacaron con sus investigaciones en encuentro cient\u00edfico regional"},"content":{"rendered":"<p><a href=\"https:\/\/www.radiolimari.cl\/wp-content\/uploads\/2020\/06\/30.06-Liceo-Polit\u00e9cnico-Ovalle.jpg\"><img fetchpriority=\"high\" decoding=\"async\" class=\"alignnone size-medium wp-image-2846\" src=\"https:\/\/www.radiolimari.cl\/wp-content\/uploads\/2020\/06\/30.06-Liceo-Polit\u00e9cnico-Ovalle-300x200.jpg\" alt=\"30.06 Liceo Polit\u00e9cnico Ovalle\" width=\"300\" height=\"200\" srcset=\"https:\/\/www.radiolimari.cl\/wp-content\/uploads\/2020\/06\/30.06-Liceo-Polit\u00e9cnico-Ovalle-300x200.jpg 300w, https:\/\/www.radiolimari.cl\/wp-content\/uploads\/2020\/06\/30.06-Liceo-Polit\u00e9cnico-Ovalle-1024x682.jpg 1024w, https:\/\/www.radiolimari.cl\/wp-content\/uploads\/2020\/06\/30.06-Liceo-Polit\u00e9cnico-Ovalle.jpg 1500w\" sizes=\"(max-width: 300px) 100vw, 300px\" \/><\/a><\/p>\n<p><strong>Iniciativa asociada al Congreso Escolar de la Ciencia y la Tecnolog\u00eda, reconoci\u00f3 a los proyectos locales mejores calificados por su rigor cient\u00edfico y habilidades comunicacionales. <\/strong><!--more--><\/p>\n<p>Equipos representados por estudiantes del Liceo Polit\u00e9cnico de Ovalle, adem\u00e1s del Colegio Francis School y Leonardo da Vinci de la comuna de Coquimbo, fueron los proyectos mejor calificados en el XVII Congreso Regional Escolar de la Ciencia y la Tecnolog\u00eda, iniciativa que busc\u00f3 dar a conocer las indagaciones cient\u00edficas que se desarrollan en la zona y los resultados que se obtienen con estos trabajos.<\/p>\n<p>Cabe destacar que la \u00faltima edici\u00f3n de este evento organizado por el PAR Explora Coquimbo, del Ministerio de Ciencia, Tecnolog\u00eda, Conocimiento e Innovaci\u00f3n y ejecutado por la Universidad Cat\u00f3lica del Norte, se realiz\u00f3 en dos versiones; tanto en formato presencial a fines del 2019, como virtual el a\u00f1o 2020. En estas modalidades, los grupos de trabajo pudieron presentar ante un panel de expertos toda la investigaci\u00f3n realizada, adem\u00e1s de ser calificados por sus informes escritos.<\/p>\n<p>Daphne Cort\u00e9s, estudiante del Liceo Polit\u00e9cnico de la capital del Limar\u00ed y quienes obtuvieron el primer lugar en el ranking final por su investigaci\u00f3n sobre la calidad de agua de los filtros de aguas grises, valor\u00f3 la posibilidad de participar en esta iniciativa, afirmando que \u201cla experiencia fue bonita al conocer compa\u00f1eros nuevos. Y aparte de eso, nunca lo vimos como una competencia sino como una oportunidad de crecer como personas, que nos da la oportunidad de sacar nuestra personalidad y ayuda a fomentar nuestro trabajo\u201d.<\/p>\n<p>La oportunidad de realizar investigaci\u00f3n escolar no s\u00f3lo permite lograr descubrimientos y fortalecer el pensamiento cr\u00edtico de los estudiantes, tambi\u00e9n entrega la posibilidad de reforzar diversas habilidades blandas que trascienden en el tiempo, aportando a todas las \u00e1reas de desarrollo acad\u00e9mico y personal.<\/p>\n<p>As\u00ed lo manifiesta el docente Ram\u00f3n Olivares del colegio Francis School de la comuna puerto, al se\u00f1alar que \u201ccomo profesor, m\u00e1s all\u00e1 del tema cient\u00edfico que trabajaron las estudiantes, yo valoro mucho la disciplina que forma el trabajo cient\u00edfico, que las ni\u00f1as fueron capaces de ir d\u00edas s\u00e1bados o domingos, trabajar en las noches. La verdad es que respondieron s\u00faper bien y la motivaci\u00f3n fue en aumento\u201d.<\/p>\n<p>Los congresos regionales son encuentros anuales en donde se re\u00fanen las principales investigaciones escolares que se desarrollan en la zona, y tambi\u00e9n van asociadas a nuevas visiones que se buscan cultivar en los participantes, \u201cel Programa Explora, si bien es un Programa que busca incentivar la divulgaci\u00f3n y educaci\u00f3n en ciencias, no necesariamente quiere decir que todos los que participen sean futuros cient\u00edficos. Porque en realidad, lo que necesitamos es una cultura cient\u00edfica en las personas, para que la ciencia pueda cumplir el rol social que tiene y as\u00ed ayudar a la gente\u201d, reflexion\u00f3 Iver N\u00fa\u00f1ez, Coordinador Ejecutivo del PAR Explora Coquimbo, en la ceremonia virtual que reconoci\u00f3 a estas destacadas indagaciones.<\/p>\n<p>Debido a la contingencia por la pandemia de COVID-19 que existe en Chile, a\u00fan se encuentra en evaluaci\u00f3n la instancia y formato de encuentro nacional, instancia donde normalmente se re\u00fanen todos los establecimientos que destacaron en las diversas regiones del pa\u00eds, para compartir los resultados obtenidos.<\/p>\n","protected":false},"excerpt":{"rendered":"<p>Iniciativa asociada al Congreso Escolar de la Ciencia y la Tecnolog\u00eda, reconoci\u00f3 a los proyectos locales mejores calificados por su rigor cient\u00edfico y habilidades comunicacionales.<\/p>\n","protected":false},"author":2,"featured_media":2846,"comment_status":"open","ping_status":"open","sticky":false,"template":"","format":"standard","meta":{"footnotes":""},"categories":[6],"tags":[],"class_list":["post-2845","post","type-post","status-publish","format-standard","has-post-thumbnail","hentry","category-regionales"],"_links":{"self":[{"href":"https:\/\/www.radiolimari.cl\/index.php?rest_route=\/wp\/v2\/posts\/2845","targetHints":{"allow":["GET"]}}],"collection":[{"href":"https:\/\/www.radiolimari.cl\/index.php?rest_route=\/wp\/v2\/posts"}],"about":[{"href":"https:\/\/www.radiolimari.cl\/index.php?rest_route=\/wp\/v2\/types\/post"}],"author":[{"embeddable":true,"href":"https:\/\/www.radiolimari.cl\/index.php?rest_route=\/wp\/v2\/users\/2"}],"replies":[{"embeddable":true,"href":"https:\/\/www.radiolimari.cl\/index.php?rest_route=%2Fwp%2Fv2%2Fcomments&post=2845"}],"version-history":[{"count":1,"href":"https:\/\/www.radiolimari.cl\/index.php?rest_route=\/wp\/v2\/posts\/2845\/revisions"}],"predecessor-version":[{"id":2847,"href":"https:\/\/www.radiolimari.cl\/index.php?rest_route=\/wp\/v2\/posts\/2845\/revisions\/2847"}],"wp:featuredmedia":[{"embeddable":true,"href":"https:\/\/www.radiolimari.cl\/index.php?rest_route=\/wp\/v2\/media\/2846"}],"wp:attachment":[{"href":"https:\/\/www.radiolimari.cl\/index.php?rest_route=%2Fwp%2Fv2%2Fmedia&parent=2845"}],"wp:term":[{"taxonomy":"category","embeddable":true,"href":"https:\/\/www.radiolimari.cl\/index.php?rest_route=%2Fwp%2Fv2%2Fcategories&post=2845"},{"taxonomy":"post_tag","embeddable":true,"href":"https:\/\/www.radiolimari.cl\/index.php?rest_route=%2Fwp%2Fv2%2Ftags&post=2845"}],"curies":[{"name":"wp","href":"https:\/\/api.w.org\/{rel}","templated":true}]}}