{"id":2819,"date":"2020-06-23T13:48:58","date_gmt":"2020-06-23T13:48:58","guid":{"rendered":"http:\/\/www.radiolimari.cl\/?p=2819"},"modified":"2020-06-23T13:48:58","modified_gmt":"2020-06-23T13:48:58","slug":"diputado-matias-walker-y-profesionales-de-la-salud-insisten-en-cuarentena-para-comunas-de-la-region-de-coquimbo","status":"publish","type":"post","link":"https:\/\/www.radiolimari.cl\/?p=2819","title":{"rendered":"Diputado Mat\u00edas Walker y profesionales de la salud insisten en cuarentena para comunas de la regi\u00f3n de Coquimbo"},"content":{"rendered":"<p><a href=\"https:\/\/www.radiolimari.cl\/wp-content\/uploads\/2020\/06\/23.06-Walker-fenpruss.jpeg\"><img fetchpriority=\"high\" decoding=\"async\" class=\"alignnone size-medium wp-image-2820\" src=\"https:\/\/www.radiolimari.cl\/wp-content\/uploads\/2020\/06\/23.06-Walker-fenpruss-300x225.jpeg\" alt=\"23.06 Walker fenpruss\" width=\"300\" height=\"225\" srcset=\"https:\/\/www.radiolimari.cl\/wp-content\/uploads\/2020\/06\/23.06-Walker-fenpruss-300x225.jpeg 300w, https:\/\/www.radiolimari.cl\/wp-content\/uploads\/2020\/06\/23.06-Walker-fenpruss.jpeg 1024w\" sizes=\"(max-width: 300px) 100vw, 300px\" \/><\/a><\/p>\n<p><i style=\"color: #000000;\">\u00a0En encuentro de trabajo v\u00eda\u00a0video conferencia se acord\u00f3 insistir en la necesidad de cuarentena en comunas con mayor incidencia de casos y mayor preocupaci\u00f3n por la salud de quienes deben asegurar la atenci\u00f3n de salud en la regi\u00f3n.<\/i><!--more--><\/p>\n<div style=\"color: #222222;\">\n<p style=\"color: #000000;\">\u201cHemos coincidido en la necesidad urgente de que se decrete, al menos, cuarentena para Coquimbo, La Serena, Ovalle y Monte Patria\u201d As\u00ed lo se\u00f1al\u00f3 el diputado Mat\u00edas Walker tras una reuni\u00f3n de trabajo v\u00eda zoom con representantes de los profesionales universitarios del servicio de salud en la regi\u00f3n.<\/p>\n<p style=\"color: #000000;\">\n<p style=\"color: #000000;\">Se\u00f1al\u00f3 el parlamentario DC por la regi\u00f3n de Coquimbo que \u201cha sido una muy positiva reuni\u00f3n de trabajo con los profesionales de la salud de la regi\u00f3n de Coquimbo, y hemos coincidido en la necesidad urgente de qu\u00e9 se decrete, al menos cuarentena para Coquimbo, La Serena, Ovalle y Montepatria, que son las comunas que han experimentado un n\u00famero de contagios muy preocupante en las \u00faltimas semanas\u201d.<\/p>\n<p style=\"color: #000000;\">\n<p style=\"color: #000000;\">Agreg\u00f3 el diputado Walker que tambi\u00e9n hay coincidencia en la necesidad de preocuparse del factor humano, en este caso los trabajadores y profesionales de la salud. \u201cPara eso es fundamental -y hemos insistido- mejorar la interlocuci\u00f3n con la direcci\u00f3n del servicio, que se cuente con los elementos de protecci\u00f3n personal, que tengan acceso a los ex\u00e1menes PCR, porque lo que no podemos perder en esta semanas tan valiosas es la disponibilidad completa de los profesionales y trabajadores de la salud. Muchos est\u00e1n con licencia y debemos cuidarlos para que puedan cumplir con sus labores, asegurando la continuidad del servicio y la atenci\u00f3n de los usuarios\u201d.<\/p>\n<p style=\"color: #000000;\">\n<p style=\"color: #000000;\">En representaci\u00f3n de los profesionales de la salud, Rodrigo Rocha, manifest\u00f3 la satisfacci\u00f3n de la coordinaci\u00f3n regional de Fenpruss de poder dialogar sobre la visi\u00f3n que tienen respecto de la gesti\u00f3n de la crisis sanitaria en la regi\u00f3n. \u201cEstamos satisfechos de poder ser escuchados por el diputado en nuestra solicitud de cuarentena total para la regi\u00f3n de Coquimbo, porque creemos que es la medida pertinente para poder cortar de manera efectiva los contagios comunitarios que est\u00e1n afectando a las comunas, tanto en Ovalle, Montepatria, Coquimbo y la ciudad de La Serena, de manera importante. En ese sentido creemos que las autoridades pol\u00edticas, de gobierno y parlamentarios, tienen que converger en instalar medidas no s\u00f3lo desde el punto de vista asistencial, sino tambi\u00e9n con una perspectiva basada en los pilares o las determinantes de la salud\u201d.<\/p>\n<p style=\"color: #000000;\">\n<p style=\"color: #000000;\">Rodrigo Rocha, adem\u00e1s, valor\u00f3 el compromiso del parlamentario respecto a \u201ctomar los puntos que le hemos planteado, para poder generar acciones, ya sea a trav\u00e9s de mociones en el parlamento o a trav\u00e9s de la solicitud de informaci\u00f3n en los organismos pertinentes,\u00a0como por ejemplo pedir a las mutualidades el entregar los protocolos de acci\u00f3n respecto a la salud de las y los trabajadores. Eso nos da a nosotros, tambi\u00e9n, la esperanza de tener certezas para poder dar tranquilidad a nuestros socios y socias\u201d.<\/p>\n<\/div>\n<p><span style=\"color: #888888;\">\u00a0<\/span><\/p>\n","protected":false},"excerpt":{"rendered":"<p>\u00a0En encuentro de trabajo v\u00eda\u00a0video conferencia se acord\u00f3 insistir en la necesidad de cuarentena en comunas con mayor incidencia de casos y mayor preocupaci\u00f3n por la salud de quienes deben asegurar la atenci\u00f3n de salud en la regi\u00f3n.<\/p>\n","protected":false},"author":2,"featured_media":2820,"comment_status":"open","ping_status":"open","sticky":false,"template":"","format":"standard","meta":{"footnotes":""},"categories":[3],"tags":[],"class_list":["post-2819","post","type-post","status-publish","format-standard","has-post-thumbnail","hentry","category-actualidad"],"_links":{"self":[{"href":"https:\/\/www.radiolimari.cl\/index.php?rest_route=\/wp\/v2\/posts\/2819","targetHints":{"allow":["GET"]}}],"collection":[{"href":"https:\/\/www.radiolimari.cl\/index.php?rest_route=\/wp\/v2\/posts"}],"about":[{"href":"https:\/\/www.radiolimari.cl\/index.php?rest_route=\/wp\/v2\/types\/post"}],"author":[{"embeddable":true,"href":"https:\/\/www.radiolimari.cl\/index.php?rest_route=\/wp\/v2\/users\/2"}],"replies":[{"embeddable":true,"href":"https:\/\/www.radiolimari.cl\/index.php?rest_route=%2Fwp%2Fv2%2Fcomments&post=2819"}],"version-history":[{"count":1,"href":"https:\/\/www.radiolimari.cl\/index.php?rest_route=\/wp\/v2\/posts\/2819\/revisions"}],"predecessor-version":[{"id":2821,"href":"https:\/\/www.radiolimari.cl\/index.php?rest_route=\/wp\/v2\/posts\/2819\/revisions\/2821"}],"wp:featuredmedia":[{"embeddable":true,"href":"https:\/\/www.radiolimari.cl\/index.php?rest_route=\/wp\/v2\/media\/2820"}],"wp:attachment":[{"href":"https:\/\/www.radiolimari.cl\/index.php?rest_route=%2Fwp%2Fv2%2Fmedia&parent=2819"}],"wp:term":[{"taxonomy":"category","embeddable":true,"href":"https:\/\/www.radiolimari.cl\/index.php?rest_route=%2Fwp%2Fv2%2Fcategories&post=2819"},{"taxonomy":"post_tag","embeddable":true,"href":"https:\/\/www.radiolimari.cl\/index.php?rest_route=%2Fwp%2Fv2%2Ftags&post=2819"}],"curies":[{"name":"wp","href":"https:\/\/api.w.org\/{rel}","templated":true}]}}