{"id":2790,"date":"2020-06-15T19:22:50","date_gmt":"2020-06-15T19:22:50","guid":{"rendered":"http:\/\/www.radiolimari.cl\/?p=2790"},"modified":"2020-06-15T19:23:12","modified_gmt":"2020-06-15T19:23:12","slug":"en-ovalle-mas-de-5-mil-canastas-de-alimentos-han-sido-distribuidas-durante-los-primeros-cuatro-dias-de-entrega","status":"publish","type":"post","link":"https:\/\/www.radiolimari.cl\/?p=2790","title":{"rendered":"En Ovalle, M\u00e1s de 5 mil canastas de alimentos han sido distribuidas durante los primeros cuatro d\u00edas de entrega."},"content":{"rendered":"<p><a href=\"https:\/\/www.radiolimari.cl\/wp-content\/uploads\/2020\/06\/15.06-ovalle-canastas.jpg\"><img fetchpriority=\"high\" decoding=\"async\" class=\"alignnone size-medium wp-image-2791\" src=\"https:\/\/www.radiolimari.cl\/wp-content\/uploads\/2020\/06\/15.06-ovalle-canastas-300x225.jpg\" alt=\"15.06 ovalle canastas\" width=\"300\" height=\"225\" srcset=\"https:\/\/www.radiolimari.cl\/wp-content\/uploads\/2020\/06\/15.06-ovalle-canastas-300x225.jpg 300w, https:\/\/www.radiolimari.cl\/wp-content\/uploads\/2020\/06\/15.06-ovalle-canastas-1024x768.jpg 1024w, https:\/\/www.radiolimari.cl\/wp-content\/uploads\/2020\/06\/15.06-ovalle-canastas.jpg 1280w\" sizes=\"(max-width: 300px) 100vw, 300px\" \/><\/a><\/p>\n<p><strong><em>Esto representa un 89% del total de la ayuda recepcionada hasta la fecha en la comuna, correspondiente a 5.620 cajas de v\u00edveres.<\/em><\/strong><!--more--><\/p>\n<p>El pasado mi\u00e9rcoles 10 de junio, Ovalle inici\u00f3 la distribuci\u00f3n de canastas familiares correspondientes al plan \u201cAlimentos para Chile\u201d. Hoy ya son m\u00e1s de cinco mil las familias ovallinas que han recibido esta ayuda de Gobierno en sus hogares, gracias al trabajo de los funcionarios municipales, y al apoyo del personal de fuerzas armadas, de orden y seguridad.<\/p>\n<p>Desde el municipio de Ovalle se ha informado que el criterio de entrega de las canastas familiares en la comuna est\u00e1 orientado a llegar con este beneficio a la poblaci\u00f3n de adultos mayores, particularmente de aqu\u00e9llos sobre 65 a\u00f1os que se atienden en los recintos de salud primaria, es decir, Cesfam y Cecosf. Adicionalmente a ello, las juntas de vecinos, en coordinaci\u00f3n con la municipalidad, han elaborado listados con situaciones y casos de familias que requieren apoyo social, los que se han recepcionado por parte del municipio, para ser abordados durante este proceso de entrega de alimentos.<\/p>\n<p>El secretario de planificaci\u00f3n comunal, H\u00e9ctor Vega Campusano, quien es tambi\u00e9n el coordinador de la entrega \u201cAlimentos para Chile\u201d en Ovalle, indic\u00f3 el listado comunal de beneficiados, \u201cfue trabajado conjuntamente con las bases de datos e informaci\u00f3n de la Oficina del Adulto Mayor, as\u00ed como tambi\u00e9n del Departamento de Salud y Desarrollo Comunitario, con el objetivo de garantizar que la ayuda llegue a las familias que requieren urgentemente de este apoyo\u201d.<\/p>\n<p>De este modo se ha desplegado un amplio operativo territorial para llegar a diversos sectores de la comuna, lo que ha permitido distribuir el 89% de las canastas familiares que ha recepcionado el municipio hasta la fecha, correspondientes a 5.620 cajas, tanto en la zona urbana como rural.<\/p>\n<p>El municipio, a trav\u00e9s del Departamento Social tambi\u00e9n contin\u00faa ateniendo a la comunidad, entregando diversas ayudas asistenciales. \u201cHay familias con las que venimos trabajando desde antes de la pandemia, a quienes se les entrega apoyo y acompa\u00f1amiento a trav\u00e9s de diversos programas de intervenci\u00f3n, pero tambi\u00e9n hay muchas familias que producto de esta emergencia sanitaria han perdido su trabajo o fuentes de ingreso, y su situaci\u00f3n socio econ\u00f3mica ha cambiado, por lo que han recurrido al Departamento Social en busca de ayuda, y se la hemos entregado\u201d, explic\u00f3 el alcalde de Ovalle, Claudio Renter\u00eda.<\/p>\n<p>Es importante se\u00f1alar que el Departamento Social cuenta con n\u00fameros de atenci\u00f3n a los que la comunidad puede llamar para recibir orientaci\u00f3n y responder a las m\u00faltiples consultas e inquietudes. El objetivo es evitar que las personas acudan presencialmente, para evitar aglomeraciones y eventuales contagios. Los n\u00fameros de atenci\u00f3n son: 532623392, 532632860 y 532635383.<\/p>\n<p>&nbsp;<\/p>\n<p><strong>RECARGA DE GAS<\/strong><\/p>\n<p>En Ovalle, junto a la caja de v\u00edveres, cada beneficiario recibe un ticket v\u00e1lido por una recarga de gas de 15 kg, \u201cuna ayuda complementaria que estamos entregando en nuestra comuna, la que ha sido muy bien recibida por la comunidad\u201d, sostuvo el alcalde.<\/p>\n<p>Respecto al proceso de log\u00edstica y entrega de las canastas, la autoridad agreg\u00f3 que \u201ceste se ha desarrollado de forma ordenada, sin inconvenientes, y con la energ\u00eda de muchos voluntarios que est\u00e1n contribuyendo con esta valiosa tarea, que permite llevar, directamente a los hogares, diversos productos que significan un apoyo para muchas familias\u201d.<\/p>\n<p>Las cajas familiares continuar\u00e1n siendo distribuidas en la comuna durante los pr\u00f3ximos d\u00edas, para llegar prontamente a los hogares de las 11.946 familias que acceder\u00e1n a este beneficio.<\/p>\n","protected":false},"excerpt":{"rendered":"<p>Esto representa un 89% del total de la ayuda recepcionada hasta la fecha en la comuna, correspondiente a 5.620 cajas de v\u00edveres.<\/p>\n","protected":false},"author":2,"featured_media":2791,"comment_status":"open","ping_status":"open","sticky":false,"template":"","format":"standard","meta":{"footnotes":""},"categories":[6],"tags":[],"class_list":["post-2790","post","type-post","status-publish","format-standard","has-post-thumbnail","hentry","category-regionales"],"_links":{"self":[{"href":"https:\/\/www.radiolimari.cl\/index.php?rest_route=\/wp\/v2\/posts\/2790","targetHints":{"allow":["GET"]}}],"collection":[{"href":"https:\/\/www.radiolimari.cl\/index.php?rest_route=\/wp\/v2\/posts"}],"about":[{"href":"https:\/\/www.radiolimari.cl\/index.php?rest_route=\/wp\/v2\/types\/post"}],"author":[{"embeddable":true,"href":"https:\/\/www.radiolimari.cl\/index.php?rest_route=\/wp\/v2\/users\/2"}],"replies":[{"embeddable":true,"href":"https:\/\/www.radiolimari.cl\/index.php?rest_route=%2Fwp%2Fv2%2Fcomments&post=2790"}],"version-history":[{"count":1,"href":"https:\/\/www.radiolimari.cl\/index.php?rest_route=\/wp\/v2\/posts\/2790\/revisions"}],"predecessor-version":[{"id":2792,"href":"https:\/\/www.radiolimari.cl\/index.php?rest_route=\/wp\/v2\/posts\/2790\/revisions\/2792"}],"wp:featuredmedia":[{"embeddable":true,"href":"https:\/\/www.radiolimari.cl\/index.php?rest_route=\/wp\/v2\/media\/2791"}],"wp:attachment":[{"href":"https:\/\/www.radiolimari.cl\/index.php?rest_route=%2Fwp%2Fv2%2Fmedia&parent=2790"}],"wp:term":[{"taxonomy":"category","embeddable":true,"href":"https:\/\/www.radiolimari.cl\/index.php?rest_route=%2Fwp%2Fv2%2Fcategories&post=2790"},{"taxonomy":"post_tag","embeddable":true,"href":"https:\/\/www.radiolimari.cl\/index.php?rest_route=%2Fwp%2Fv2%2Ftags&post=2790"}],"curies":[{"name":"wp","href":"https:\/\/api.w.org\/{rel}","templated":true}]}}