{"id":2776,"date":"2020-06-11T15:05:35","date_gmt":"2020-06-11T15:05:35","guid":{"rendered":"http:\/\/www.radiolimari.cl\/?p=2776"},"modified":"2020-06-11T15:05:35","modified_gmt":"2020-06-11T15:05:35","slug":"programa-pro-empleo-apoyara-a-795-personas-de-la-region","status":"publish","type":"post","link":"https:\/\/www.radiolimari.cl\/?p=2776","title":{"rendered":"Programa Pro Empleo apoyar\u00e1 a 795 personas de la regi\u00f3n"},"content":{"rendered":"<p><a href=\"https:\/\/www.radiolimari.cl\/wp-content\/uploads\/2020\/06\/11.06-empleo-regional.jpg\"><img fetchpriority=\"high\" decoding=\"async\" class=\"alignnone size-medium wp-image-2777\" src=\"https:\/\/www.radiolimari.cl\/wp-content\/uploads\/2020\/06\/11.06-empleo-regional-300x200.jpg\" alt=\"11.06 empleo regional\" width=\"300\" height=\"200\" srcset=\"https:\/\/www.radiolimari.cl\/wp-content\/uploads\/2020\/06\/11.06-empleo-regional-300x200.jpg 300w, https:\/\/www.radiolimari.cl\/wp-content\/uploads\/2020\/06\/11.06-empleo-regional.jpg 1024w\" sizes=\"(max-width: 300px) 100vw, 300px\" \/><\/a><\/p>\n<p><strong>La propuesta presentada por la Intendenta Luc\u00eda Pinto y aprobada durante la \u00faltima sesi\u00f3n del Consejo Regional, ser\u00e1 financiada con recursos regionales y tiene como foco paliar los efectos de la sequ\u00eda y el COVID-19, extendi\u00e9ndose por 6 meses<\/strong><!--more--><\/p>\n<p>Como una nueva forma de enfrentar las consecuencias de la pandemia de Coronavirus y la escasez h\u00eddrica en la Regi\u00f3n de Coquimbo, esta semana se aprob\u00f3 la generaci\u00f3n de 795 cupos de trabajo de media jornada por una extensi\u00f3n de 6 meses. Se trata del Plan Pro Empleo 2020, financiado por el Gobierno regional con una inversi\u00f3n de $999.967.310.<\/p>\n<p>Una iniciativa presentada por la Intendenta, quien se\u00f1al\u00f3 que \u201c<strong>nuestra regi\u00f3n est\u00e1 enfrentando dos crisis al mismo tiempo, como son la pandemia de COVID-19 y la sequ\u00eda, y como Gobierno Regional estamos trabajando para hacer frente a este escenario y contener los efectos econ\u00f3micos, que afectan directamente al bolsillo y bienestar de nuestras familias, a trav\u00e9s del temido desempleo. Por eso presentamos este programa pro empleo que se extender\u00e1 por 6 meses y tendr\u00e1 foco principalmente en las zonas rurales, con empleos de media jornada y una inversi\u00f3n total cercana a los mil millones de pesos\u201d.<\/strong><\/p>\n<p>Justamente, la distribuci\u00f3n estos cupos de trabajo se basa en criterios como los \u00edndices de pobreza, desocupaci\u00f3n, ruralidad, Fondo Com\u00fan Municipal, y poblaci\u00f3n. De esta forma, 40 cupos quedar\u00e1n en Andacollo; 53 en La Higuera; 40 en Paihuano; 50 en Vicu\u00f1a; 68 en Combarbal\u00e1, 87 en Monte Patria; 109 en Ovalle; 65 en Punitaqui; 30 en R\u00edo Hurtado; 52 en Canela; 76 en Illapel; 57 en Los Vilos; y 68 en Salamanca.<\/p>\n<p>Sobre el impacto de esta medida, la Presidenta del Consejo regional, Adriana Pe\u00f1afiel, dijo que <strong>\u201ceste es un programa que busca ser, en alguna medida, un atenuante para los flagelos que estamos vivienda, especialmente en la poblaci\u00f3n rural, producto de la escasez h\u00eddrica a la que se suma la pandemia de COVID-19, que ha dejado a muchas familias afectadas y sin sus fuentes laborales, por lo que aprobamos la iniciativa en el Consejo Regional\u201d.<\/strong><\/p>\n<p><strong>\u00a0<\/strong>Un programa que cubre las 3 provincias y que llega a 13 de las 15 comunas de la regi\u00f3n, quedando un 45% de los recursos en Limar\u00ed, 31.8% en Choapa y 23% en Elqui. Los recursos son transferidos a las municipalidades a trav\u00e9s de convenios a partir de los que se ejecuta el programa en cada comuna.<\/p>\n<p>&nbsp;<\/p>\n","protected":false},"excerpt":{"rendered":"<p>La propuesta presentada por la Intendenta Luc\u00eda Pinto y aprobada durante la \u00faltima sesi\u00f3n del Consejo Regional, ser\u00e1 financiada con recursos regionales y tiene como foco paliar los efectos de la sequ\u00eda y el COVID-19, extendi\u00e9ndose por 6 meses<\/p>\n","protected":false},"author":2,"featured_media":2777,"comment_status":"open","ping_status":"open","sticky":false,"template":"","format":"standard","meta":{"footnotes":""},"categories":[6],"tags":[],"class_list":["post-2776","post","type-post","status-publish","format-standard","has-post-thumbnail","hentry","category-regionales"],"_links":{"self":[{"href":"https:\/\/www.radiolimari.cl\/index.php?rest_route=\/wp\/v2\/posts\/2776","targetHints":{"allow":["GET"]}}],"collection":[{"href":"https:\/\/www.radiolimari.cl\/index.php?rest_route=\/wp\/v2\/posts"}],"about":[{"href":"https:\/\/www.radiolimari.cl\/index.php?rest_route=\/wp\/v2\/types\/post"}],"author":[{"embeddable":true,"href":"https:\/\/www.radiolimari.cl\/index.php?rest_route=\/wp\/v2\/users\/2"}],"replies":[{"embeddable":true,"href":"https:\/\/www.radiolimari.cl\/index.php?rest_route=%2Fwp%2Fv2%2Fcomments&post=2776"}],"version-history":[{"count":1,"href":"https:\/\/www.radiolimari.cl\/index.php?rest_route=\/wp\/v2\/posts\/2776\/revisions"}],"predecessor-version":[{"id":2778,"href":"https:\/\/www.radiolimari.cl\/index.php?rest_route=\/wp\/v2\/posts\/2776\/revisions\/2778"}],"wp:featuredmedia":[{"embeddable":true,"href":"https:\/\/www.radiolimari.cl\/index.php?rest_route=\/wp\/v2\/media\/2777"}],"wp:attachment":[{"href":"https:\/\/www.radiolimari.cl\/index.php?rest_route=%2Fwp%2Fv2%2Fmedia&parent=2776"}],"wp:term":[{"taxonomy":"category","embeddable":true,"href":"https:\/\/www.radiolimari.cl\/index.php?rest_route=%2Fwp%2Fv2%2Fcategories&post=2776"},{"taxonomy":"post_tag","embeddable":true,"href":"https:\/\/www.radiolimari.cl\/index.php?rest_route=%2Fwp%2Fv2%2Ftags&post=2776"}],"curies":[{"name":"wp","href":"https:\/\/api.w.org\/{rel}","templated":true}]}}