{"id":2769,"date":"2020-06-09T19:06:35","date_gmt":"2020-06-09T19:06:35","guid":{"rendered":"http:\/\/www.radiolimari.cl\/?p=2769"},"modified":"2020-06-09T19:06:35","modified_gmt":"2020-06-09T19:06:35","slug":"municipio-de-ovalle-entregara-una-recarga-de-gas-que-complementara-las-canastas-familiares-del-gobierno","status":"publish","type":"post","link":"https:\/\/www.radiolimari.cl\/?p=2769","title":{"rendered":"Municipio de Ovalle entregar\u00e1 una recarga de gas que complementar\u00e1 las canastas familiares del Gobierno"},"content":{"rendered":"<p><a href=\"https:\/\/www.radiolimari.cl\/wp-content\/uploads\/2020\/06\/9.06-ovalle-alimentos.jpg\"><img fetchpriority=\"high\" decoding=\"async\" class=\"alignnone size-medium wp-image-2770\" src=\"https:\/\/www.radiolimari.cl\/wp-content\/uploads\/2020\/06\/9.06-ovalle-alimentos-300x225.jpg\" alt=\"9.06 ovalle alimentos\" width=\"300\" height=\"225\" srcset=\"https:\/\/www.radiolimari.cl\/wp-content\/uploads\/2020\/06\/9.06-ovalle-alimentos-300x225.jpg 300w, https:\/\/www.radiolimari.cl\/wp-content\/uploads\/2020\/06\/9.06-ovalle-alimentos-1024x768.jpg 1024w, https:\/\/www.radiolimari.cl\/wp-content\/uploads\/2020\/06\/9.06-ovalle-alimentos.jpg 1280w\" sizes=\"(max-width: 300px) 100vw, 300px\" \/><\/a><\/p>\n<p><strong><em>Adem\u00e1s de la caja de v\u00edveres, que comienza a distribuirse desde este mi\u00e9rcoles en la comuna, el municipio sumar\u00e1 una recarga de gas de 15 kg a los beneficiarios.<\/em><\/strong><!--more--><\/p>\n<p>Un completo operativo ha desplegado el municipio de Ovalle para ir en ayuda de las familias que m\u00e1s lo necesitan, en el contexto de esta pandemia sanitaria. Es por ello, que desde este mi\u00e9rcoles 10 de junio, a partir de las 08:30 horas, se iniciar\u00e1 la entrega de las canastas familiares correspondientes al plan de Gobierno \u201cAlimentos para Chile\u201d, la que en el caso de la capital limarina se llevar\u00e1 a cabo con apoyo de los funcionarios municipales, quienes llegar\u00e1n debidamente identificados a los domicilios, para hacer entrega de este beneficio.<\/p>\n<p>Tal como ha informado el municipio de Ovalle, el criterio de entrega de las canastas familiares en la comuna est\u00e1 orientado a llegar con este beneficio a la poblaci\u00f3n de adultos mayores, particularmente de aqu\u00e9llos sobre 65 a\u00f1os que se atienden en los recintos de salud primaria, es decir, Cesfam y Cecosf.<\/p>\n<p>As\u00ed lo indic\u00f3 el secretario de planificaci\u00f3n comunal, H\u00e9ctor Vega Campusano, quien es tambi\u00e9n el coordinador de la entrega \u201cAlimentos para Chile\u201d en Ovalle, agregando que \u201ctoda la informaci\u00f3n sobre los beneficiarios se trabaj\u00f3 de forma conjunta con la Oficina del Adulto Mayor y tambi\u00e9n con los departamentos de Salud y Desarrollo Comunitario, con el objetivo de garantizar que la ayuda llegue a las familias que requieren urgentemente de este apoyo\u201d.<\/p>\n<p>El Municipio, adicionalmente, ha sumado una ayuda complementaria a la canasta familiar, correspondiente a una recarga de gas de 15 kg, iniciativa presentada por el alcalde Claudio Renter\u00eda, y que cont\u00f3 con la aprobaci\u00f3n un\u00e1nime de los integrantes del Concejo Municipal de Ovalle. \u201cGracias a los recursos extraordinarios que hemos recibido para enfrentar la emergencia, entregaremos un vale equivalente a una recarga de gas de 15 kg, ya que sabemos que las necesidades de las familias son m\u00faltiples. Esperamos les sea de utilidad, tanto para cocinar estos alimentos como tambi\u00e9n para calefaccionar sus hogares\u201d, sostuvo el alcalde de Ovalle.<\/p>\n<p>Para llevar a cabo esta importante distribuci\u00f3n de alimentos, se trabajar\u00e1 de forma conjunta con el Sindicato N\u00b01 de Transporte Escolar de la Provincia de Limar\u00ed, quienes ser\u00e1n los responsables del traslado de las canastas familiares en 38 furgones que llegar\u00e1n hasta los domicilios de los beneficiarios, tarea liderada por los funcionarios municipales.<\/p>\n<p>Respecto al contenido de las canastas, es importante se\u00f1alar que todas contienen el listado de los productos que recibir\u00e1n los adultos mayores, lo que les permitir\u00e1 corroborar que cada uno de ellos est\u00e9 contenido en la respectiva caja familiar que llegar\u00e1 hasta su hogar.<\/p>\n","protected":false},"excerpt":{"rendered":"<p>Adem\u00e1s de la caja de v\u00edveres, que comienza a distribuirse desde este mi\u00e9rcoles en la comuna, el municipio sumar\u00e1 una recarga de gas de 15 kg a los beneficiarios.<\/p>\n","protected":false},"author":2,"featured_media":2770,"comment_status":"open","ping_status":"open","sticky":false,"template":"","format":"standard","meta":{"footnotes":""},"categories":[3],"tags":[],"class_list":["post-2769","post","type-post","status-publish","format-standard","has-post-thumbnail","hentry","category-actualidad"],"_links":{"self":[{"href":"https:\/\/www.radiolimari.cl\/index.php?rest_route=\/wp\/v2\/posts\/2769","targetHints":{"allow":["GET"]}}],"collection":[{"href":"https:\/\/www.radiolimari.cl\/index.php?rest_route=\/wp\/v2\/posts"}],"about":[{"href":"https:\/\/www.radiolimari.cl\/index.php?rest_route=\/wp\/v2\/types\/post"}],"author":[{"embeddable":true,"href":"https:\/\/www.radiolimari.cl\/index.php?rest_route=\/wp\/v2\/users\/2"}],"replies":[{"embeddable":true,"href":"https:\/\/www.radiolimari.cl\/index.php?rest_route=%2Fwp%2Fv2%2Fcomments&post=2769"}],"version-history":[{"count":1,"href":"https:\/\/www.radiolimari.cl\/index.php?rest_route=\/wp\/v2\/posts\/2769\/revisions"}],"predecessor-version":[{"id":2771,"href":"https:\/\/www.radiolimari.cl\/index.php?rest_route=\/wp\/v2\/posts\/2769\/revisions\/2771"}],"wp:featuredmedia":[{"embeddable":true,"href":"https:\/\/www.radiolimari.cl\/index.php?rest_route=\/wp\/v2\/media\/2770"}],"wp:attachment":[{"href":"https:\/\/www.radiolimari.cl\/index.php?rest_route=%2Fwp%2Fv2%2Fmedia&parent=2769"}],"wp:term":[{"taxonomy":"category","embeddable":true,"href":"https:\/\/www.radiolimari.cl\/index.php?rest_route=%2Fwp%2Fv2%2Fcategories&post=2769"},{"taxonomy":"post_tag","embeddable":true,"href":"https:\/\/www.radiolimari.cl\/index.php?rest_route=%2Fwp%2Fv2%2Ftags&post=2769"}],"curies":[{"name":"wp","href":"https:\/\/api.w.org\/{rel}","templated":true}]}}