{"id":2740,"date":"2020-06-01T17:24:06","date_gmt":"2020-06-01T17:24:06","guid":{"rendered":"http:\/\/www.radiolimari.cl\/?p=2740"},"modified":"2020-06-01T17:24:06","modified_gmt":"2020-06-01T17:24:06","slug":"en-salamanca-e-illapel-farmacias-independientes-se-suman-a-campana-mascarilla-19","status":"publish","type":"post","link":"https:\/\/www.radiolimari.cl\/?p=2740","title":{"rendered":"En Salamanca e Illapel farmacias independientes se suman a Campa\u00f1a \u201cMascarilla 19\u201d"},"content":{"rendered":"<p><a href=\"https:\/\/www.radiolimari.cl\/wp-content\/uploads\/2020\/06\/1.06-sernam.jpg\"><img fetchpriority=\"high\" decoding=\"async\" class=\"alignnone size-medium wp-image-2741\" src=\"https:\/\/www.radiolimari.cl\/wp-content\/uploads\/2020\/06\/1.06-sernam-300x225.jpg\" alt=\"1.06 sernam\" width=\"300\" height=\"225\" srcset=\"https:\/\/www.radiolimari.cl\/wp-content\/uploads\/2020\/06\/1.06-sernam-300x225.jpg 300w, https:\/\/www.radiolimari.cl\/wp-content\/uploads\/2020\/06\/1.06-sernam-1024x768.jpg 1024w\" sizes=\"(max-width: 300px) 100vw, 300px\" \/><\/a><\/p>\n<ul>\n<li><strong>A la fecha, 30 mujeres en todo el pa\u00eds utilizaron la palabra clave, pero 11 lo hicieron para pedir ayuda espec\u00edfica en temas de violencia intrafamiliar. En Ovalle una mujer utiliz\u00f3 palabra clave fue derivada al Centro de la Mujer.<\/strong><\/li>\n<\/ul>\n<p><!--more--><\/p>\n<p>A un poco m\u00e1s de un mes del lanzamiento de la campa\u00f1a Mascarilla 19, la seremi de la Mujer y la Equidad de G\u00e9nero, Iv\u00f3n Guerra se traslad\u00f3 hasta la provincia de Choapa donde verific\u00f3 en terreno el funcionamiento de esta iniciativa y adscribi\u00f3 a nuevas farmacias independientes de Salamanca e Illapel a esta campa\u00f1a.<\/p>\n<p>Hay que recordar, que \u201cMascarilla 19\u201d, es el concepto que tiene por objetivo que las mujeres que se encuentren en una situaci\u00f3n de riesgo o de peligro para su integridad f\u00edsica, psicol\u00f3gica y\/o sexual, puedan acercarse a su Farmacia m\u00e1s cercana y a trav\u00e9s de la palabra clave \u201cMascarilla 19\u201d, ser\u00e1n contactadas al Fono de orientaci\u00f3n 1455 y en los casos m\u00e1s graves, a Carabineros de Chile. Hay que destacar que las grandes cadenas de farmacias y Doctor Simi son parte de esta campa\u00f1a.<\/p>\n<p>Hasta fines de mayo, a nivel pa\u00eds 30 mujeres se han acercado a farmacias de todo el pa\u00eds para decir la palabra clave \u201cMascarilla 19\u201d. De ellas, 11 lo han hecho para pedir ayuda espec\u00edfica por violencia intrafamiliar: 5 mujeres recibieron orientaci\u00f3n directa del n\u00famero de emergencia 1455, 4 fueron derivadas a un centro de la mujer para recibir ayuda sicol\u00f3gica y legal, una fue derivada al centro de Violencia Sexual de su regi\u00f3n y finalmente en un caso fue pertinente el apoyo de carabineros. En la regi\u00f3n de Coquimbo, este concepto se ha utilizado una vez.<\/p>\n<p>Desde el Gobierno y el Ministerio de la Mujer y la Equidad de G\u00e9nero est\u00e1n reforzando esta campa\u00f1a, por lo mismo, la seremi de la cartera en la regi\u00f3n de Coquimbo, Iv\u00f3n Guerra lleg\u00f3 hasta Salamanca e Illapel d\u00f3nde, acompa\u00f1ada de autoridades locales y las polic\u00edas, vincul\u00f3 a nuevas farmacias independientes a esta iniciativa<\/p>\n<p><strong>\u201cEsta es una palabra clave que le puede salvar la vida a una mujer. Como Gobierno y Ministerio estamos reforzando esta campa\u00f1a e invitando a nuevas farmacias a ser parte de esta iniciativa. La provincia de Choapa no es la excepci\u00f3n. Agradezco el compromiso de los locatarios de farmacias independientes que se han sumado a Mascarilla 19. Vamos a seguir trabajando por el bienestar y cuidado de las mujeres, sobre todo en este tiempo de emergencia sanitaria, donde el confinamiento es mayor. Reiteramos los llamados a denunciar todo acto de violencia que vulnere la integridad de las mujeres\u201d,<\/strong> explic\u00f3, Iv\u00f3n Guerra<\/p>\n<p>En Salamanca se sumaron a Mascarilla19, las Farmacias San Juan, Salamanca y Jarufe. Mientras que, en Illapel, fueron Farmacia Don Jos\u00e9, Doctor Simi y Eco-Nat<\/p>\n<p>&nbsp;<\/p>\n<p><strong>En Ovalle se utiliz\u00f3 palabra clave<\/strong><\/p>\n<p>&nbsp;<\/p>\n<p>Mascarilla 19 ya fue utilizada en la regi\u00f3n de Coquimbo. Fue en la capital de la provincia de Limar\u00ed donde una mujer de 35 a\u00f1os acudi\u00f3 a la farmacia producto de una historia de maltrato con su esposo y fue derivada a un centro de la Mujer donde actualmente est\u00e1 recibiendo apoyo legal y sicol\u00f3gico.<\/p>\n<p>La seremi, Ivon Guerra al respecto manifest\u00f3, \u201c<strong>tal como lo dijo nuestra Ministra Santelices, esta pandemia ha dejado uno de los flagelos m\u00e1s grandes que es el aumento de la violencia contra la mujer. El agresor est\u00e1 al interior del hogar y hay mujeres que tienen miedo a denunciar.\u00a0 Mascarilla 19\u201d es un canal de ayuda m\u00e1s, pero no es la \u00fanica iniciativa que hoy apoya a una mujer que sufre violencia: hace un mes lanzamos Whatsapp Mujer +569 97007000, est\u00e1 el 1455, est\u00e1 el trabajo que estamos haciendo con Carabineros al reforzar el n\u00famero 149, nos hemos trasladado a regiones ya que hemos sido testigos de mujeres que han sufrido femicidio frustrado y hab\u00edan denunciado previamente, algo que no puede volver a ocurrir\u201d, <\/strong>concluy\u00f3 Guerra<\/p>\n<p>&nbsp;<\/p>\n","protected":false},"excerpt":{"rendered":"<p>A la fecha, 30 mujeres en todo el pa\u00eds utilizaron la palabra clave, pero 11 lo hicieron para pedir ayuda espec\u00edfica en temas de violencia intrafamiliar. En Ovalle una mujer utiliz\u00f3 palabra clave fue derivada al Centro de la Mujer.<\/p>\n","protected":false},"author":2,"featured_media":2741,"comment_status":"open","ping_status":"open","sticky":false,"template":"","format":"standard","meta":{"footnotes":""},"categories":[6],"tags":[],"class_list":["post-2740","post","type-post","status-publish","format-standard","has-post-thumbnail","hentry","category-regionales"],"_links":{"self":[{"href":"https:\/\/www.radiolimari.cl\/index.php?rest_route=\/wp\/v2\/posts\/2740","targetHints":{"allow":["GET"]}}],"collection":[{"href":"https:\/\/www.radiolimari.cl\/index.php?rest_route=\/wp\/v2\/posts"}],"about":[{"href":"https:\/\/www.radiolimari.cl\/index.php?rest_route=\/wp\/v2\/types\/post"}],"author":[{"embeddable":true,"href":"https:\/\/www.radiolimari.cl\/index.php?rest_route=\/wp\/v2\/users\/2"}],"replies":[{"embeddable":true,"href":"https:\/\/www.radiolimari.cl\/index.php?rest_route=%2Fwp%2Fv2%2Fcomments&post=2740"}],"version-history":[{"count":1,"href":"https:\/\/www.radiolimari.cl\/index.php?rest_route=\/wp\/v2\/posts\/2740\/revisions"}],"predecessor-version":[{"id":2742,"href":"https:\/\/www.radiolimari.cl\/index.php?rest_route=\/wp\/v2\/posts\/2740\/revisions\/2742"}],"wp:featuredmedia":[{"embeddable":true,"href":"https:\/\/www.radiolimari.cl\/index.php?rest_route=\/wp\/v2\/media\/2741"}],"wp:attachment":[{"href":"https:\/\/www.radiolimari.cl\/index.php?rest_route=%2Fwp%2Fv2%2Fmedia&parent=2740"}],"wp:term":[{"taxonomy":"category","embeddable":true,"href":"https:\/\/www.radiolimari.cl\/index.php?rest_route=%2Fwp%2Fv2%2Fcategories&post=2740"},{"taxonomy":"post_tag","embeddable":true,"href":"https:\/\/www.radiolimari.cl\/index.php?rest_route=%2Fwp%2Fv2%2Ftags&post=2740"}],"curies":[{"name":"wp","href":"https:\/\/api.w.org\/{rel}","templated":true}]}}