{"id":2653,"date":"2020-05-12T16:03:54","date_gmt":"2020-05-12T16:03:54","guid":{"rendered":"http:\/\/www.radiolimari.cl\/?p=2653"},"modified":"2020-05-12T16:03:54","modified_gmt":"2020-05-12T16:03:54","slug":"teatro-municipal-de-ovalle-ofrece-atractiva-programacion-en-el-marco-del-dia-nacional-del-teatro","status":"publish","type":"post","link":"https:\/\/www.radiolimari.cl\/?p=2653","title":{"rendered":"Teatro Municipal de Ovalle, ofrece atractiva programaci\u00f3n en el marco del D\u00eda Nacional del Teatro"},"content":{"rendered":"<p><a href=\"https:\/\/www.radiolimari.cl\/wp-content\/uploads\/2020\/05\/12.05-teatro-ovalle.jpg\"><img fetchpriority=\"high\" decoding=\"async\" class=\"alignnone size-medium wp-image-2654\" src=\"https:\/\/www.radiolimari.cl\/wp-content\/uploads\/2020\/05\/12.05-teatro-ovalle-300x168.jpg\" alt=\"12.05 teatro ovalle\" width=\"300\" height=\"168\" srcset=\"https:\/\/www.radiolimari.cl\/wp-content\/uploads\/2020\/05\/12.05-teatro-ovalle-300x168.jpg 300w, https:\/\/www.radiolimari.cl\/wp-content\/uploads\/2020\/05\/12.05-teatro-ovalle.jpg 512w\" sizes=\"(max-width: 300px) 100vw, 300px\" \/><\/a><\/p>\n<p><strong>A trav\u00e9s de las plataformas digitales Youtube, Spotify y Facebook Ovalle Cultura, as\u00ed como el Instagram Ovalle_Cultura, el p\u00fablico podr\u00e1 acceder de forma gratuita estos contenidos<\/strong><!--more--><\/p>\n<p>Este lunes 11 de mayo fue el D\u00eda Nacional del Teatro, en honor al destacado y recordado director Andr\u00e9s P\u00e9rez. Cada a\u00f1o, m\u00faltiples celebraciones se realizan en torno a este d\u00eda. Si bien, este a\u00f1o las salas de teatro se encuentran cerradas,\u00a0 diversos espacios, compa\u00f1\u00edas, directores,\u00a0 actores, t\u00e9cnicos y quienes hacen vida de este hermoso arte han preparado una programaci\u00f3n para recordar esta importante fecha.<\/p>\n<p>Tal es el caso del Teatro Municipal de Ovalle, que desde inicios de la pandemia ha reinventado la forma de encontrarse con sus p\u00fablicos y para esta semana tiene preparada una interesante parrilla program\u00e1tica.<\/p>\n<p>Para hoy martes, a las 20:00 horas, el romanticismo del Radio Teatro se har\u00e1 presente por Spotify Ovalle Cultura\u00a0 con la segunda y \u00faltima parte de \u201cEsta puede ser tu historia\u201d del escritor argentino, Daniel \u00c1ngel Pili, bajo la direcci\u00f3n de Marcelo Saavedra y la interpretaci\u00f3n de un grupo de actores locales.<\/p>\n<p>Una nueva entrega de talleres infantiles se hace presente esta semana, esta vez con una clase de teatro Kamishibay, el d\u00eda mi\u00e9rcoles a las 17:00 horas, en el cual los participantes podr\u00e1n confeccionar su propio teatro de animaci\u00f3n con la realizaci\u00f3n de las ilustraciones que ser\u00e1n las encargadas de contar la historia. Ese mismo d\u00eda \u00a0a las 22:00 horas a Modo Live, que ser\u00e1 transmitido por el Instagram Ovalle_Cultura la actriz de teatro, cine y televisi\u00f3n, reconocida y querida por sus diversas participaciones en teleseries como Aquelarre, Tic Tac y El circo de las Montini, adem\u00e1s de su destacado trabajo en diversas obras de teatro a lo largo de su carrera.<\/p>\n<p>&nbsp;<\/p>\n<p><strong>ALIANZAS CON MATUCANA100 Y ESCENIX<\/strong><\/p>\n<p>Como parte de las alianzas estrat\u00e9gicas que se han generado entre la Corporaci\u00f3n Cultural de Ovalle y el Centro Cultural Matucana 100, bajo una firma de convenio en el a\u00f1o 2020, dialogar\u00e1n los contenidos de ambas instituciones, en el marco de la semana del teatro.<\/p>\n<p>Esta alianza contempla la\u00a0exhibici\u00f3n de Arpeggione, una de las obras m\u00e1s exitosas de las\u00a0 producciones de M100,\u00a0de\u00a0Luis Alberto Heiremans y\u00a0dirigida\u00a0por el destacado director, Jes\u00fas Urqueta,\u00a0dentro de\u00a0\u00a0la plataforma de artes esc\u00e9nicas Escenix.cl el d\u00eda viernes 15 de mayo a las 20:00 horas.<\/p>\n<p>El director ejecutivo de la Corporaci\u00f3n Cultural Municipal d Ovalle, Ifman Huerta Saavedra, destac\u00f3 que \u201ctodas las actividades son con acceso liberado, y lo que buscamos con estas alianzas, tanto con Matucana 100 como con la plataforma Escenix, es poder ofrecer m\u00e1s contenidos para nuestros p\u00fablicos y generar un trabajo colaborativo en beneficio de nuestros creadores y de nuestras audiencias\u201d.<\/p>\n","protected":false},"excerpt":{"rendered":"<p>A trav\u00e9s de las plataformas digitales Youtube, Spotify y Facebook Ovalle Cultura, as\u00ed como el Instagram Ovalle_Cultura, el p\u00fablico podr\u00e1 acceder de forma gratuita estos contenidos<\/p>\n","protected":false},"author":2,"featured_media":2654,"comment_status":"open","ping_status":"open","sticky":false,"template":"","format":"standard","meta":{"footnotes":""},"categories":[5],"tags":[],"class_list":["post-2653","post","type-post","status-publish","format-standard","has-post-thumbnail","hentry","category-actualidad-limarina"],"_links":{"self":[{"href":"https:\/\/www.radiolimari.cl\/index.php?rest_route=\/wp\/v2\/posts\/2653","targetHints":{"allow":["GET"]}}],"collection":[{"href":"https:\/\/www.radiolimari.cl\/index.php?rest_route=\/wp\/v2\/posts"}],"about":[{"href":"https:\/\/www.radiolimari.cl\/index.php?rest_route=\/wp\/v2\/types\/post"}],"author":[{"embeddable":true,"href":"https:\/\/www.radiolimari.cl\/index.php?rest_route=\/wp\/v2\/users\/2"}],"replies":[{"embeddable":true,"href":"https:\/\/www.radiolimari.cl\/index.php?rest_route=%2Fwp%2Fv2%2Fcomments&post=2653"}],"version-history":[{"count":1,"href":"https:\/\/www.radiolimari.cl\/index.php?rest_route=\/wp\/v2\/posts\/2653\/revisions"}],"predecessor-version":[{"id":2655,"href":"https:\/\/www.radiolimari.cl\/index.php?rest_route=\/wp\/v2\/posts\/2653\/revisions\/2655"}],"wp:featuredmedia":[{"embeddable":true,"href":"https:\/\/www.radiolimari.cl\/index.php?rest_route=\/wp\/v2\/media\/2654"}],"wp:attachment":[{"href":"https:\/\/www.radiolimari.cl\/index.php?rest_route=%2Fwp%2Fv2%2Fmedia&parent=2653"}],"wp:term":[{"taxonomy":"category","embeddable":true,"href":"https:\/\/www.radiolimari.cl\/index.php?rest_route=%2Fwp%2Fv2%2Fcategories&post=2653"},{"taxonomy":"post_tag","embeddable":true,"href":"https:\/\/www.radiolimari.cl\/index.php?rest_route=%2Fwp%2Fv2%2Ftags&post=2653"}],"curies":[{"name":"wp","href":"https:\/\/api.w.org\/{rel}","templated":true}]}}