{"id":2517,"date":"2019-07-12T13:57:16","date_gmt":"2019-07-12T13:57:16","guid":{"rendered":"http:\/\/www.radiolimari.cl\/?p=2517"},"modified":"2019-07-12T13:57:16","modified_gmt":"2019-07-12T13:57:16","slug":"primera-dama-cecilia-morel-estuvo-en-la-region","status":"publish","type":"post","link":"https:\/\/www.radiolimari.cl\/?p=2517","title":{"rendered":"Primera Dama Cecilia Morel estuvo en la regi\u00f3n"},"content":{"rendered":"<p><a href=\"https:\/\/www.radiolimari.cl\/wp-content\/uploads\/2019\/07\/12.07-primera-dama.jpeg\"><img fetchpriority=\"high\" decoding=\"async\" class=\"alignnone size-medium wp-image-2518\" src=\"https:\/\/www.radiolimari.cl\/wp-content\/uploads\/2019\/07\/12.07-primera-dama-300x199.jpeg\" alt=\"12.07 primera dama\" width=\"300\" height=\"199\" srcset=\"https:\/\/www.radiolimari.cl\/wp-content\/uploads\/2019\/07\/12.07-primera-dama-300x199.jpeg 300w, https:\/\/www.radiolimari.cl\/wp-content\/uploads\/2019\/07\/12.07-primera-dama.jpeg 1024w\" sizes=\"(max-width: 300px) 100vw, 300px\" \/><\/a><\/p>\n<p><strong>Primera Dama Cecilia Morel: \u201cEs urgente adaptar espacios para que la tercera edad tenga una mejor calidad de vida\u201d<\/strong><!--more--><\/p>\n<p>En el marco de su gira a la regi\u00f3n de Coquimbo donde ha tenido una serie de actividades relacionadas a su trabajo encabezando el programa \u201cAdulto Mejor\u201d y de las Fundaciones de la Presidencia, la primera dama, Cecilia Morel, lider\u00f3 la ceremonia de firma de compromiso de las comunas de la regi\u00f3n por trabajar en ciudades amigables para nuestros adultos mayores en el Coliseo Monumental de La Serena.<\/p>\n<p>&nbsp;<\/p>\n<p><strong>\u201cEs urgente que nuestras ciudades y comunidades se adapten a las necesidades de los adultos mayores. Y ya son cerca de 180 las municipalidades que han mostrado su inter\u00e9s en trabajar por esta verdadera cruzada que comenzamos en noviembre del a\u00f1o pasado. Necesitamos que todas las comunas de Chile se conviertan en entornos amables para la tercera edad y as\u00ed mejorar su calidad de vida\u201d<\/strong>, se\u00f1al\u00f3 la primera dama Cecilia Morel en la actividad.<\/p>\n<p>&nbsp;<\/p>\n<p>En esta ceremonia marca el inicio para que todas las comunas de la regi\u00f3n se sumen a la iniciativa de la Organizaci\u00f3n Mundial de la Salud para pertenecer a la red mundial de ciudades amigables con las personas mayores. Luego, el municipio debe trabajar en distintas acciones como es la realizaci\u00f3n de un diagn\u00f3stico local participativo y la presentaci\u00f3n de un plan de acci\u00f3n elaborado con la misma comunidad y luego implementar proyectos que respondan a ese plan de acci\u00f3n.<\/p>\n<p>&nbsp;<\/p>\n<p>De acuerdo a la Organizaci\u00f3n Mundial de la Salud, una <strong>\u201cciudad amigable con los mayores alienta el envejecimiento activo mediante la optimizaci\u00f3n de las oportunidades de salud, participaci\u00f3n y seguridad, a fin de impulsar y mejorar la calidad de vida de las personas a medida que envejecen\u201d<\/strong>.<\/p>\n<p>&nbsp;<\/p>\n<p><strong>\u201cEste compromiso apunta a construir el futuro de todos y entre todos, pues una ciudad o comuna amigable con los mayores, es amigable con todos los ciudadanos, y nos brinda oportunidades de desarrollo a cada uno de los miembros de una comunidad\u201d<\/strong>, precis\u00f3 Octavio Vergara, director nacional del SENAMA.<\/p>\n<p>&nbsp;<\/p>\n<p>A la fecha ya son cerca de 180 los municipios que han mostrado inter\u00e9s en participar de la iniciativa, de los cuales 119 ya han oficializado su compromiso a trav\u00e9s de una carta formal firmada por el alcalde y su concejo municipal.<\/p>\n<p>&nbsp;<\/p>\n<p><strong>\u201cEs el momento de visibilizar los problemas de nuestros adultos mayores, darles soluci\u00f3n y un trato digno. Queremos que nuestras ciudades sean m\u00e1s inclusivas y amigables, para que las personas con 60 a\u00f1os y m\u00e1s puedan desarrollarse en un ambiente seguro, con condiciones para una integraci\u00f3n plena y participaci\u00f3n social\u201d<\/strong>, subray\u00f3 la Intendenta Luc\u00eda Pinto.<\/p>\n<p>&nbsp;<\/p>\n<p>Es importante destacar que nuestro pa\u00eds se encuentra entre los pa\u00edses m\u00e1s envejecidos de Am\u00e9rica Latina, con una esperanza de vida de m\u00e1s de 80 a\u00f1os y un 19,3% de su poblaci\u00f3n de 60 a\u00f1os y m\u00e1s. Este proceso de envejecimiento acelerado \u2013 en 2050 los mayores de 60 a\u00f1os representar\u00e1 un 31% de la poblaci\u00f3n \u2013 en conjunto con una urbanizaci\u00f3n creciente, hacen urgente abordar una planificaci\u00f3n amigable y sustentable de las ciudades.<\/p>\n","protected":false},"excerpt":{"rendered":"<p>Primera Dama Cecilia Morel: \u201cEs urgente adaptar espacios para que la tercera edad tenga una mejor calidad de vida\u201d<\/p>\n","protected":false},"author":2,"featured_media":2518,"comment_status":"open","ping_status":"open","sticky":false,"template":"","format":"standard","meta":{"footnotes":""},"categories":[6],"tags":[],"class_list":["post-2517","post","type-post","status-publish","format-standard","has-post-thumbnail","hentry","category-regionales"],"_links":{"self":[{"href":"https:\/\/www.radiolimari.cl\/index.php?rest_route=\/wp\/v2\/posts\/2517","targetHints":{"allow":["GET"]}}],"collection":[{"href":"https:\/\/www.radiolimari.cl\/index.php?rest_route=\/wp\/v2\/posts"}],"about":[{"href":"https:\/\/www.radiolimari.cl\/index.php?rest_route=\/wp\/v2\/types\/post"}],"author":[{"embeddable":true,"href":"https:\/\/www.radiolimari.cl\/index.php?rest_route=\/wp\/v2\/users\/2"}],"replies":[{"embeddable":true,"href":"https:\/\/www.radiolimari.cl\/index.php?rest_route=%2Fwp%2Fv2%2Fcomments&post=2517"}],"version-history":[{"count":1,"href":"https:\/\/www.radiolimari.cl\/index.php?rest_route=\/wp\/v2\/posts\/2517\/revisions"}],"predecessor-version":[{"id":2519,"href":"https:\/\/www.radiolimari.cl\/index.php?rest_route=\/wp\/v2\/posts\/2517\/revisions\/2519"}],"wp:featuredmedia":[{"embeddable":true,"href":"https:\/\/www.radiolimari.cl\/index.php?rest_route=\/wp\/v2\/media\/2518"}],"wp:attachment":[{"href":"https:\/\/www.radiolimari.cl\/index.php?rest_route=%2Fwp%2Fv2%2Fmedia&parent=2517"}],"wp:term":[{"taxonomy":"category","embeddable":true,"href":"https:\/\/www.radiolimari.cl\/index.php?rest_route=%2Fwp%2Fv2%2Fcategories&post=2517"},{"taxonomy":"post_tag","embeddable":true,"href":"https:\/\/www.radiolimari.cl\/index.php?rest_route=%2Fwp%2Fv2%2Ftags&post=2517"}],"curies":[{"name":"wp","href":"https:\/\/api.w.org\/{rel}","templated":true}]}}