{"id":2504,"date":"2019-06-13T14:29:57","date_gmt":"2019-06-13T14:29:57","guid":{"rendered":"http:\/\/www.radiolimari.cl\/?p=2504"},"modified":"2019-06-13T14:29:57","modified_gmt":"2019-06-13T14:29:57","slug":"en-la-region-de-coquimbo-se-comprometen-para-la-erradicacion-del-trabajo-infantil","status":"publish","type":"post","link":"https:\/\/www.radiolimari.cl\/?p=2504","title":{"rendered":"En la regi\u00f3n de Coquimbo se comprometen para la Erradicaci\u00f3n del Trabajo Infantil"},"content":{"rendered":"<p><a href=\"https:\/\/www.radiolimari.cl\/wp-content\/uploads\/2019\/06\/13.06-Trabajo-Infantil-1.jpeg\"><img fetchpriority=\"high\" decoding=\"async\" class=\"alignnone size-medium wp-image-2505\" src=\"https:\/\/www.radiolimari.cl\/wp-content\/uploads\/2019\/06\/13.06-Trabajo-Infantil-1-300x225.jpeg\" alt=\"13.06 Trabajo Infantil 1\" width=\"300\" height=\"225\" srcset=\"https:\/\/www.radiolimari.cl\/wp-content\/uploads\/2019\/06\/13.06-Trabajo-Infantil-1-300x225.jpeg 300w, https:\/\/www.radiolimari.cl\/wp-content\/uploads\/2019\/06\/13.06-Trabajo-Infantil-1-1024x768.jpeg 1024w, https:\/\/www.radiolimari.cl\/wp-content\/uploads\/2019\/06\/13.06-Trabajo-Infantil-1.jpeg 1280w\" sizes=\"(max-width: 300px) 100vw, 300px\" \/><\/a><\/p>\n<ul>\n<li><strong><em>Autoridades regionales y representantes de diferentes instituciones ligadas al resguardo de los derechos de infancia reafirmaron su compromiso con la consigna \u201cChile Sin Trabajo Infantil\u201d.<\/em><\/strong><\/li>\n<\/ul>\n<p><!--more--><\/p>\n<p>&nbsp;<\/p>\n<p>Alrededor de 300 ni\u00f1os y ni\u00f1as conmemoraron el D\u00eda Mundial contra el Trabajo Infantil, en jornada recreativa y deportiva que se desarroll\u00f3 en el estadio La Portada y que cont\u00f3 con la participaci\u00f3n de diferentes colegios y jardines infantiles de La Serena y Coquimbo.<\/p>\n<p>La actividad coordinada por el Comit\u00e9 Regional para la Erradicaci\u00f3n del Trabajo Infantil y que preside el Seremi del Trabajo y Previsi\u00f3n Social, Mat\u00edas Villalobos, busc\u00f3 difundir y concientizar a la poblaci\u00f3n acerca del compromiso asumido por el estado de Chile de erradicar el trabajo infantil.<\/p>\n<p>Al respecto la autoridad del Trabajo manifest\u00f3 que \u201cnos hemos hecho presente con todos los miembros del Comit\u00e9 regional para la Erradicaci\u00f3n del Trabajo Infantil junto a ni\u00f1os y ni\u00f1as compartiendo y disfrutando de esta jornada, donde llamamos a disfrutar del deporte y a decir No al Trabajo Infantil. Si bien en nuestro pa\u00eds las tasas de trabajo infantil y adolescentes son bastantes m\u00e1s bajas que el resto de Latinoam\u00e9rica, en Chile a\u00fan existe, ya que son m\u00e1s de 200 mil los ni\u00f1os que actualmente est\u00e1n trabajando.<\/p>\n<p>\u201cEl mandato del nuestro Presidente Sebasti\u00e1n Pi\u00f1era es poner a los ni\u00f1os primeros en la fila y por lo mismo como Ministerio del Trabajo tenemos el compromiso de aqu\u00ed al a\u00f1o 2025 erradicar el trabajo infantil y por eso reafirmamos nuestra responsabilidad con los ni\u00f1os y ni\u00f1as de nuestra regi\u00f3n\u201d, agreg\u00f3 el Seremi del Trabajo.<\/p>\n<p>Fernanda, alumna del colegio San Manuel de La Serena, particip\u00f3 de la jornada y expres\u00f3 que \u201ces una ley que todos deber\u00edan cumplir y que los ni\u00f1os no deber\u00edan trabajar, para que podamos disfrutar de la infancia\u201d.<\/p>\n<p>La jornada tuvo la participaci\u00f3n de diferentes instituciones como el Instituto Nacional del Deporte, Seremi de Desarrollo Social,\u00a0 Corporaci\u00f3n Opci\u00f3n, OPD Coquimbo, Carabineros, PDI, OPD La Serena, OPD Las Compa\u00f1\u00edas, Sename, Injuv, Direcci\u00f3n del Trabajo, Junji, Paicabi, Cruz Roja, Programa La Esquina y Ciudad del Ni\u00f1o, entre otras.<\/p>\n<p>Marcelo Telias, Seremi de Desarrollo Social, destac\u00f3 la actividad y coment\u00f3 que \u201ces muy importante decir no al trabajo infantil en relaci\u00f3n a uno de los pilares fundamentales de nuestro presidente Sebasti\u00e1n Pi\u00f1era, donde colocamos a los ni\u00f1os primeros y nosotros estamos presente como Desarrollo Social junto a una cantidad de ni\u00f1os preciosos que lo \u00fanico que tienen que hacer es jugar\u201d.<\/p>\n<p>Adem\u00e1s se realiz\u00f3 una firma de compromiso donde el Seremi del Trabajo, Mat\u00edas Villalobos, junto al Seremi del Deporte, Leonardo Alfaro, la Seremi de Justicia, Alejandra Valdovinos y el ex futbolista y seleccionado nacional, V\u00edctor Hugo Casta\u00f1eda, reafirmaron su compromiso y se sumaron a la campa\u00f1a de un \u201cChile Sin Trabajo Infantil\u201d.<\/p>\n<p>Las cifras de la Organizaci\u00f3n Internacional del Trabajo (OIT) indican que el 11% de los ni\u00f1os, ni\u00f1as y adolescentes en el mundo trabajan. En Am\u00e9rica Latina y el Caribe esa cifra alcanza al 7,3% de trabajo infantil. Por su parte, Chile posee una de las cifras m\u00e1s bajas de trabajo infantil llegando al 6,9%, los que significa que cerca de 230 mil ni\u00f1os y ni\u00f1as, se encuentran en esta condici\u00f3n.<\/p>\n<p>La mayor concentraci\u00f3n de trabajo infantil se encuentra en la macrozona sur (9,58%), seguida de la Regi\u00f3n Metropolitana (6,67%), la macrozona centro (5,77%) y la macrozona norte (5,15%). En tanto, el 9,7% de los ni\u00f1os y ni\u00f1as que viven en zonas rurales est\u00e1n en trabajo infantil, versus el 6,1% de aquellos que viven en zonas urbanas., por lo que la campa\u00f1a que impulsa el Ministerio del Trabajo busca fundamentalmente que los ni\u00f1os, ni\u00f1as y adolescentes crezcan seguros, estudien y se desarrollen de manera plena y, en el caso de aquellos adolescentes que deben trabajar, lo hagan bajo las condiciones que se se\u00f1ala en la normativa legal, excluyendo cualquier tipo de vulneraci\u00f3n de derechos, retraso en el sistema escolar o menoscabo psicosocial.<\/p>\n<p>&nbsp;<\/p>\n","protected":false},"excerpt":{"rendered":"<p>Autoridades regionales y representantes de diferentes instituciones ligadas al resguardo de los derechos de infancia reafirmaron su compromiso con la consigna \u201cChile Sin Trabajo Infantil\u201d.<\/p>\n","protected":false},"author":2,"featured_media":2505,"comment_status":"open","ping_status":"open","sticky":false,"template":"","format":"standard","meta":{"footnotes":""},"categories":[6],"tags":[],"class_list":["post-2504","post","type-post","status-publish","format-standard","has-post-thumbnail","hentry","category-regionales"],"_links":{"self":[{"href":"https:\/\/www.radiolimari.cl\/index.php?rest_route=\/wp\/v2\/posts\/2504","targetHints":{"allow":["GET"]}}],"collection":[{"href":"https:\/\/www.radiolimari.cl\/index.php?rest_route=\/wp\/v2\/posts"}],"about":[{"href":"https:\/\/www.radiolimari.cl\/index.php?rest_route=\/wp\/v2\/types\/post"}],"author":[{"embeddable":true,"href":"https:\/\/www.radiolimari.cl\/index.php?rest_route=\/wp\/v2\/users\/2"}],"replies":[{"embeddable":true,"href":"https:\/\/www.radiolimari.cl\/index.php?rest_route=%2Fwp%2Fv2%2Fcomments&post=2504"}],"version-history":[{"count":1,"href":"https:\/\/www.radiolimari.cl\/index.php?rest_route=\/wp\/v2\/posts\/2504\/revisions"}],"predecessor-version":[{"id":2506,"href":"https:\/\/www.radiolimari.cl\/index.php?rest_route=\/wp\/v2\/posts\/2504\/revisions\/2506"}],"wp:featuredmedia":[{"embeddable":true,"href":"https:\/\/www.radiolimari.cl\/index.php?rest_route=\/wp\/v2\/media\/2505"}],"wp:attachment":[{"href":"https:\/\/www.radiolimari.cl\/index.php?rest_route=%2Fwp%2Fv2%2Fmedia&parent=2504"}],"wp:term":[{"taxonomy":"category","embeddable":true,"href":"https:\/\/www.radiolimari.cl\/index.php?rest_route=%2Fwp%2Fv2%2Fcategories&post=2504"},{"taxonomy":"post_tag","embeddable":true,"href":"https:\/\/www.radiolimari.cl\/index.php?rest_route=%2Fwp%2Fv2%2Ftags&post=2504"}],"curies":[{"name":"wp","href":"https:\/\/api.w.org\/{rel}","templated":true}]}}