{"id":2446,"date":"2018-12-13T18:43:16","date_gmt":"2018-12-13T18:43:16","guid":{"rendered":"http:\/\/www.radiolimari.cl\/?p=2446"},"modified":"2018-12-13T18:43:16","modified_gmt":"2018-12-13T18:43:16","slug":"mineduc-lanzo-campana-para-facilitar-busqueda-de-practicas-a-estudiantes","status":"publish","type":"post","link":"https:\/\/www.radiolimari.cl\/?p=2446","title":{"rendered":"Mineduc Lanz\u00f3 campa\u00f1a para facilitar b\u00fasqueda de pr\u00e1cticas a estudiantes"},"content":{"rendered":"<p><a href=\"https:\/\/www.radiolimari.cl\/wp-content\/uploads\/2018\/12\/12.12-mibeduc.jpg\"><img fetchpriority=\"high\" decoding=\"async\" class=\"alignnone size-medium wp-image-2447\" src=\"https:\/\/www.radiolimari.cl\/wp-content\/uploads\/2018\/12\/12.12-mibeduc-300x200.jpg\" alt=\"12.12 mibeduc\" width=\"300\" height=\"200\" srcset=\"https:\/\/www.radiolimari.cl\/wp-content\/uploads\/2018\/12\/12.12-mibeduc-300x200.jpg 300w, https:\/\/www.radiolimari.cl\/wp-content\/uploads\/2018\/12\/12.12-mibeduc-1024x682.jpg 1024w, https:\/\/www.radiolimari.cl\/wp-content\/uploads\/2018\/12\/12.12-mibeduc.jpg 1920w\" sizes=\"(max-width: 300px) 100vw, 300px\" \/><\/a><\/p>\n<p><strong>\u201cA un click de tu pr\u00e1ctica\u201d<\/strong>, iniciativa que busca enlazar a empresas y liceos t\u00e9cnico-profesionales para que los estudiantes egresados de la Educaci\u00f3n Media T\u00e9cnico-Profesional (EMTP) accedan a la oferta de pr\u00e1cticas profesionales disponibles por especialidad.<!--more--><\/p>\n<p>En el marco del fortalecimiento de la formaci\u00f3n T\u00e9cnico Profesional, y con el fin de potenciar la inserci\u00f3n laboral, el Ministerio de Educaci\u00f3n lanz\u00f3 la plataforma <strong>\u201cA un click de tu pr\u00e1ctica\u201d<\/strong>, iniciativa que busca enlazar a empresas y liceos t\u00e9cnico-profesionales para que los estudiantes egresados de la Educaci\u00f3n Media T\u00e9cnico-Profesional (EMTP) accedan a la oferta de pr\u00e1cticas profesionales disponibles por especialidad.<\/p>\n<p>El objetivo de la plataforma consiste en promover la articulaci\u00f3n entre la educaci\u00f3n y la industria, ampliar la Red de Liceos Bicentenarios y programas de becas y pasant\u00edas para los estudiantes de establecimientos educacionales T\u00e9cnicos-Profesionales (TP).<\/p>\n<p>El Seremi de Educaci\u00f3n, Claudio Oyarz\u00fan, destac\u00f3 que \u201cla Educaci\u00f3n Media TP ha sido uno de los niveles formativos m\u00e1s olvidados en las pol\u00edticas educativas y hoy es una prioridad en la agenda del Gobierno del Presidente Sebasti\u00e1n Pi\u00f1era. Y, porque creemos que el desarrollo no es posible sin calidad en la educaci\u00f3n para todas y todos, queremos promover la articulaci\u00f3n de los actores que forman parte del sistema de Formaci\u00f3n T\u00e9cnica\u201d.<\/p>\n<p>Para postular, los estudiantes deber\u00e1n ingresar al sitio web de la Bolsa Nacional de Empleos del Sence (<a href=\"http:\/\/www.bne.cl\">www.bne.cl<\/a>). Cada liceo entregar\u00e1 informaci\u00f3n de su establecimiento, las especialidades donde tengan alumnos que necesiten realizar pr\u00e1cticas profesionales y el n\u00famero de pasantes disponibles. En tanto, las empresas pondr\u00e1n a disposici\u00f3n sus datos de contacto, ubicaci\u00f3n de lugares para realizar pr\u00e1cticas, especialidades donde tienen cupos vacantes, caracter\u00edsticas de estas y el n\u00famero de cupos por especialidad.<\/p>\n<p>\u201cLa Formaci\u00f3n T\u00e9cnico-Profesional representa una enorme oportunidad de desarrollo para nuestros j\u00f3venes y adultos, facilit\u00e1ndoles la combinaci\u00f3n de estudios y trabajo a lo largo de la vida. La Educaci\u00f3n Media TP les da a los estudiantes la oportunidad de descubrir mejor sus talentos, para que puedan ingresar m\u00e1s preparados al mundo del trabajo o que contin\u00faen estudios en la Educaci\u00f3n Superior\u201d, agreg\u00f3 el Seremi Claudio Oyarz\u00fan.<\/p>\n<p>&nbsp;<\/p>\n<p>La plataforma tendr\u00e1 un buscador donde los coordinadores de pr\u00e1cticas de los liceos o los egresados podr\u00e1n buscar las ofertas de pr\u00e1cticas disponibles, ingresadas por distintas empresas, para lo cual tendr\u00e1n filtros de regi\u00f3n, comuna y especialidad. Asimismo, contar\u00e1 con un buscador donde las empresas podr\u00e1n acceder a la oferta de alumnos para pr\u00e1cticas informadas por los liceos.<\/p>\n<p>El proyecto es desarrollado por el Servicio Nacional de Capacitaci\u00f3n y Empleo (SENCE), basado en la Estrategia Nacional de Formaci\u00f3n T\u00e9cnico-Profesional (FTP) del Ministerio de Educaci\u00f3n, que promueve la articulaci\u00f3n entre los distintos niveles de la FTP y los sectores productivos.<\/p>\n","protected":false},"excerpt":{"rendered":"<p>\u201cA un click de tu pr\u00e1ctica\u201d, iniciativa que busca enlazar a empresas y liceos t\u00e9cnico-profesionales para que los estudiantes egresados de la Educaci\u00f3n Media T\u00e9cnico-Profesional (EMTP) accedan a la oferta de pr\u00e1cticas profesionales disponibles por especialidad.<\/p>\n","protected":false},"author":2,"featured_media":2447,"comment_status":"open","ping_status":"open","sticky":false,"template":"","format":"standard","meta":{"footnotes":""},"categories":[6],"tags":[],"class_list":["post-2446","post","type-post","status-publish","format-standard","has-post-thumbnail","hentry","category-regionales"],"_links":{"self":[{"href":"https:\/\/www.radiolimari.cl\/index.php?rest_route=\/wp\/v2\/posts\/2446","targetHints":{"allow":["GET"]}}],"collection":[{"href":"https:\/\/www.radiolimari.cl\/index.php?rest_route=\/wp\/v2\/posts"}],"about":[{"href":"https:\/\/www.radiolimari.cl\/index.php?rest_route=\/wp\/v2\/types\/post"}],"author":[{"embeddable":true,"href":"https:\/\/www.radiolimari.cl\/index.php?rest_route=\/wp\/v2\/users\/2"}],"replies":[{"embeddable":true,"href":"https:\/\/www.radiolimari.cl\/index.php?rest_route=%2Fwp%2Fv2%2Fcomments&post=2446"}],"version-history":[{"count":1,"href":"https:\/\/www.radiolimari.cl\/index.php?rest_route=\/wp\/v2\/posts\/2446\/revisions"}],"predecessor-version":[{"id":2448,"href":"https:\/\/www.radiolimari.cl\/index.php?rest_route=\/wp\/v2\/posts\/2446\/revisions\/2448"}],"wp:featuredmedia":[{"embeddable":true,"href":"https:\/\/www.radiolimari.cl\/index.php?rest_route=\/wp\/v2\/media\/2447"}],"wp:attachment":[{"href":"https:\/\/www.radiolimari.cl\/index.php?rest_route=%2Fwp%2Fv2%2Fmedia&parent=2446"}],"wp:term":[{"taxonomy":"category","embeddable":true,"href":"https:\/\/www.radiolimari.cl\/index.php?rest_route=%2Fwp%2Fv2%2Fcategories&post=2446"},{"taxonomy":"post_tag","embeddable":true,"href":"https:\/\/www.radiolimari.cl\/index.php?rest_route=%2Fwp%2Fv2%2Ftags&post=2446"}],"curies":[{"name":"wp","href":"https:\/\/api.w.org\/{rel}","templated":true}]}}