{"id":2442,"date":"2018-12-13T18:40:06","date_gmt":"2018-12-13T18:40:06","guid":{"rendered":"http:\/\/www.radiolimari.cl\/?p=2442"},"modified":"2018-12-13T18:40:06","modified_gmt":"2018-12-13T18:40:06","slug":"ministerio-de-salud-traspaso-el-recinto-del-hospital-antonio-tirado-al-municipio-de-ovalle","status":"publish","type":"post","link":"https:\/\/www.radiolimari.cl\/?p=2442","title":{"rendered":"Ministerio de Salud traspas\u00f3 el recinto del hospital Antonio Tirado al municipio de Ovalle"},"content":{"rendered":"<p><a href=\"https:\/\/www.radiolimari.cl\/wp-content\/uploads\/2018\/12\/12.12-ovalle-hospital.jpg\"><img fetchpriority=\"high\" decoding=\"async\" class=\"alignnone size-medium wp-image-2444\" src=\"https:\/\/www.radiolimari.cl\/wp-content\/uploads\/2018\/12\/12.12-ovalle-hospital-300x200.jpg\" alt=\"12.12 ovalle hospital\" width=\"300\" height=\"200\" srcset=\"https:\/\/www.radiolimari.cl\/wp-content\/uploads\/2018\/12\/12.12-ovalle-hospital-300x200.jpg 300w, https:\/\/www.radiolimari.cl\/wp-content\/uploads\/2018\/12\/12.12-ovalle-hospital-1024x682.jpg 1024w\" sizes=\"(max-width: 300px) 100vw, 300px\" \/><\/a><\/p>\n<p><strong><em>La administraci\u00f3n municipal solicit\u00f3 este recinto para la ejecuci\u00f3n del denominado Centro de D\u00eda del Adulto Mayor, donde recibir\u00e1n atenci\u00f3n de salud y tendr\u00e1n a su disposici\u00f3n diversas actividades recreativas. <\/em><\/strong><!--more--><\/p>\n<p>El municipio de Ovalle recibi\u00f3 de manos del ministro de Salud, Emilio Santelices y la intendenta de la regi\u00f3n de Coquimbo, Luc\u00eda Pinto, el documento que acredita la entrega del hospital Antonio Tirado Lanas, que servir\u00e1 para desarrollar un proyecto apuntado a la atenci\u00f3n y bienestar de los adultos mayores de la capital limarina.<\/p>\n<p>El alcalde Claudio Renter\u00eda fue gestor de esta idea, donde pretende desarrollar el denominado Centro de D\u00eda del Adulto Mayor, donde las personas de la tercera edad recibir\u00e1n una atenci\u00f3n integral en materia de salud, lo que se complementar\u00e1 con el desarrollo de actividades art\u00edsticas, culturales y recreativas, que buscan impulsar un envejecimiento activo.<\/p>\n<p>La ceremonia de entrega se realiz\u00f3 en la Plaza de Salud, en el frontis del hospital Antonio Tirado Lanas y cont\u00f3 con la presencia del alcalde Claudio Renter\u00eda, el gobernador del Limar\u00ed, Dario Molina, el alcalde Claudio Renter\u00eda, consejeros regionales e integrantes del concejo municipal de Ovalle.<\/p>\n<p>El ministro de Salud, Emilio Santelices, la intendenta de la regi\u00f3n de Coquimbo y el alcalde Claudio Renter\u00eda firmaron la resoluci\u00f3n del traspaso del recinto, hecho que fue muy aplaudido por la gran cantidad de adultos mayores presentes, pues, prontamente, tendr\u00e1n un lugar destinado para su bienestar.<\/p>\n<p>El secretario de Estado destac\u00f3 la iniciativa y sostuvo que \u201chemos celebrado la voluntad y la visi\u00f3n del alcalde Renter\u00eda y de sus autoridades comunales de solicitar y hacerse cargo del hospital de Ovalle y convertirlo en un centro diurno para adultos mayores. Esta es una se\u00f1al clara y contundente de que el gobierno de Presidente Sebasti\u00e1n Pi\u00f1era se est\u00e1 haciendo cargo de la agenda Adulto Mejor\u201d. Por su parte, la intendenta de la regi\u00f3n de Coquimbo, Luc\u00eda Pinto, afirm\u00f3 que esto va de la mano con la l\u00ednea de trabajo del gobierno y es \u201cun hito muy importante y gracias a la coordinaci\u00f3n que hubo entre la municipalidad, el Gobierno Regional y el ministerio de Salud logramos hacer este traspaso y la firma de este convenio para que el municipio realice un proyecto para los adultos mayores. Es el compromiso que se nos ha mandatado el Presidente. Tenemos buenas intenciones, pero en estas intenciones estamos poniendo obras en donde la ciudadan\u00eda tenga la certeza que su calidad de vida ir\u00e1 mejorando a medida que vayamos avanzando\u201d<\/p>\n<p>El alcalde Claudio Renter\u00eda agradeci\u00f3 a todos quienes apoyaron esta iniciativa \u201cprincipalmente al Presidente de la Rep\u00fablica y al ministro Santelices porque ahora tendremos este tremendo recinto que destinaremos para el bienestar de nuestros adultos mayores, a trav\u00e9s de atenciones de salud y actividades de diversos tipos que mejorar\u00e1n claramente su calidad de vida, porque siento que se lo merecen\u201d.<\/p>\n<p>La presidenta de la Uni\u00f3n Comunal de Adultos Mayores de Ovalle, Delicia Fern\u00e1ndez se mostr\u00f3 feliz frente a esta acci\u00f3n, ya que ser\u00e1 de gran ayuda para que los integrantes de la tercera edad se diviertan y pasen momentos de alegr\u00eda. \u201cEste es un hito hist\u00f3rico para los adultos mayores, de verdad le agradecemos a las autoridades por darnos esta felicidad. Nosotros estamos todos dispersos y este ser\u00e1 un punto de encuentro donde tendremos todo lo necesario para nuestro bienestar\u201d.<\/p>\n<p>El objetivo del Centro de D\u00eda del Adulto Mayor es brindar apoyo f\u00edsico, mental, emocional y espiritual durante el tiempo de acompa\u00f1amiento, entregar un ambiente acogedor y de esparcimiento, ofrecer actividades art\u00edsticas y recreativas, realizar estimulaci\u00f3n cognitiva para ocupar y ejercitar su mente, crear nuevas redes de amistades y brindarle una alimentaci\u00f3n saludable. Estas acciones se complementar\u00e1n con talleres de M\u00fasica, Tai Chi, Teatro, Tecnolog\u00eda, Cine, Arte, Alimentaci\u00f3n y un Club de Lectura.<\/p>\n","protected":false},"excerpt":{"rendered":"<p>La administraci\u00f3n municipal solicit\u00f3 este recinto para la ejecuci\u00f3n del denominado Centro de D\u00eda del Adulto Mayor, donde recibir\u00e1n atenci\u00f3n de salud y tendr\u00e1n a su disposici\u00f3n diversas actividades recreativas.<\/p>\n","protected":false},"author":2,"featured_media":2444,"comment_status":"open","ping_status":"open","sticky":false,"template":"","format":"standard","meta":{"footnotes":""},"categories":[5],"tags":[],"class_list":["post-2442","post","type-post","status-publish","format-standard","has-post-thumbnail","hentry","category-actualidad-limarina"],"_links":{"self":[{"href":"https:\/\/www.radiolimari.cl\/index.php?rest_route=\/wp\/v2\/posts\/2442","targetHints":{"allow":["GET"]}}],"collection":[{"href":"https:\/\/www.radiolimari.cl\/index.php?rest_route=\/wp\/v2\/posts"}],"about":[{"href":"https:\/\/www.radiolimari.cl\/index.php?rest_route=\/wp\/v2\/types\/post"}],"author":[{"embeddable":true,"href":"https:\/\/www.radiolimari.cl\/index.php?rest_route=\/wp\/v2\/users\/2"}],"replies":[{"embeddable":true,"href":"https:\/\/www.radiolimari.cl\/index.php?rest_route=%2Fwp%2Fv2%2Fcomments&post=2442"}],"version-history":[{"count":1,"href":"https:\/\/www.radiolimari.cl\/index.php?rest_route=\/wp\/v2\/posts\/2442\/revisions"}],"predecessor-version":[{"id":2445,"href":"https:\/\/www.radiolimari.cl\/index.php?rest_route=\/wp\/v2\/posts\/2442\/revisions\/2445"}],"wp:featuredmedia":[{"embeddable":true,"href":"https:\/\/www.radiolimari.cl\/index.php?rest_route=\/wp\/v2\/media\/2444"}],"wp:attachment":[{"href":"https:\/\/www.radiolimari.cl\/index.php?rest_route=%2Fwp%2Fv2%2Fmedia&parent=2442"}],"wp:term":[{"taxonomy":"category","embeddable":true,"href":"https:\/\/www.radiolimari.cl\/index.php?rest_route=%2Fwp%2Fv2%2Fcategories&post=2442"},{"taxonomy":"post_tag","embeddable":true,"href":"https:\/\/www.radiolimari.cl\/index.php?rest_route=%2Fwp%2Fv2%2Ftags&post=2442"}],"curies":[{"name":"wp","href":"https:\/\/api.w.org\/{rel}","templated":true}]}}