{"id":13920,"date":"2026-09-04T23:27:31","date_gmt":"2026-09-04T23:27:31","guid":{"rendered":"https:\/\/www.radiolimari.cl\/?p=13920"},"modified":"2026-09-04T23:27:31","modified_gmt":"2026-09-04T23:27:31","slug":"este-sabado-en-rio-hurtado-se-realiza-la-fiesta-productiva-de-la-chilenidad","status":"publish","type":"post","link":"https:\/\/www.radiolimari.cl\/?p=13920","title":{"rendered":"Este s\u00e1bado en R\u00edo Hurtado se realiza la Fiesta Productiva de la Chilenidad."},"content":{"rendered":"\n<figure class=\"wp-block-image size-large\"><a href=\"https:\/\/www.radiolimari.cl\/wp-content\/uploads\/2026\/09\/Rio-Hurtado-Tahuinco-2.jpg\"><img fetchpriority=\"high\" decoding=\"async\" width=\"1024\" height=\"682\" src=\"https:\/\/www.radiolimari.cl\/wp-content\/uploads\/2026\/09\/Rio-Hurtado-Tahuinco-2-1024x682.jpg\" alt=\"\" class=\"wp-image-13921\" srcset=\"https:\/\/www.radiolimari.cl\/wp-content\/uploads\/2026\/09\/Rio-Hurtado-Tahuinco-2-1024x682.jpg 1024w, https:\/\/www.radiolimari.cl\/wp-content\/uploads\/2026\/09\/Rio-Hurtado-Tahuinco-2-300x200.jpg 300w, https:\/\/www.radiolimari.cl\/wp-content\/uploads\/2026\/09\/Rio-Hurtado-Tahuinco-2-768x512.jpg 768w, https:\/\/www.radiolimari.cl\/wp-content\/uploads\/2026\/09\/Rio-Hurtado-Tahuinco-2-1536x1024.jpg 1536w, https:\/\/www.radiolimari.cl\/wp-content\/uploads\/2026\/09\/Rio-Hurtado-Tahuinco-2.jpg 2000w\" sizes=\"(max-width: 1024px) 100vw, 1024px\" \/><\/a><\/figure>\n\n\n\n<p class=\"wp-block-paragraph\">En los espacios p\u00fablicos da la localidad de Tahuinco se llenan de m\u00fasica, danzas tradicionales, comidas t\u00edpicas y artesan\u00edas que reflejan lo mejor de la identidad de R\u00edo Hurtado.<\/p>\n\n\n\n<p class=\"wp-block-paragraph\">Distante a 20 minutos de la ciudad de Ovalle, Tahuinco recibir\u00e1 a los visitantes con esta celebraci\u00f3n -organizada por la junta de vecinos de Tahuinco con la Municipalidad de R\u00edo Hurtado- que viene a fortalecer la productividad y reactivar la econom\u00eda local, apoyando a nuestros emprendedores y permitiendo que la comuna se levante con fuerza tras el fuerte temporal que afect\u00f3 a los vecinos y vecinas durante el mes de julio.<\/p>\n\n\n\n<p class=\"wp-block-paragraph\">Todo comenzar\u00e1 desde las 10.30 horas con la instalaci\u00f3n de los stands de los emprendedores, donde se congregar\u00e1n productores locales, con sus trabajos en artesan\u00eda, comidas tradicionales de este valle.<\/p>\n\n\n\n<p class=\"wp-block-paragraph\">A las 14.00 horas se realizar\u00e1 la inauguraci\u00f3n oficial de la fiesta productiva de la Chilenidad, que contar\u00e1 con palabras de emprendedores, la alcaldesa de R\u00edo Hurtado Carmen Juana Olivares y un pie de cueca, como expresi\u00f3n de la identidad y tradiciones campesinas de este valle de Limar\u00ed.<\/p>\n\n\n\n<p class=\"wp-block-paragraph\">La coordinadora de la Oficina de Fomento Productivo de la Municipalidad de R\u00edo Hurtado, Constanza Toro, cuenta un poco m\u00e1s sobre la importancia de esta jornada para los emprendedores de la comuna.<br>\u201cLa Fiesta Productiva de la Chilenidad de Tahuinco se realiza principalmente para reactivar las actividades econ\u00f3micas tras los efectos que dejaron las lluvias, donde queremos fomentar todo lo relacionado con productividad cultura y turismo en R\u00edo Hurtado.<\/p>\n\n\n\n<p class=\"wp-block-paragraph\">Invitamos a todas las personas de la regi\u00f3n y provincia a visitarnos y disfrutar de nuestras costumbres campesinas, n\u00fameros art\u00edsticos, productos artesanales, productos t\u00edpicos, juegos populares y agrupaciones de danzas folcl\u00f3ricas, y de esta forma apoyar a nuestros emprendedores y emprendedoras\u201d, dijo.<\/p>\n\n\n\n<p class=\"wp-block-paragraph\">Durante la tarde se presentar\u00e1n diversas agrupaciones folcl\u00f3ricas, tambi\u00e9n habr\u00e1 diversas expresiones culturales y juegos populares tradicionales, instancia recreativa y participativa dirigida a la comunidad local y a todos los visitantes a la feria.<\/p>\n\n\n\n<p class=\"wp-block-paragraph\">La jornada cerrar\u00e1 con un importante show musical para concluir la jornada de celebraci\u00f3n y encuentro comunitario.<\/p>\n\n\n\n<p class=\"wp-block-paragraph\"><\/p>\n","protected":false},"excerpt":{"rendered":"<p>En los espacios p\u00fablicos da la localidad de Tahuinco se llenan de m\u00fasica, danzas tradicionales, comidas t\u00edpicas y artesan\u00edas que reflejan lo mejor de la identidad de R\u00edo Hurtado. Distante a 20 minutos de la ciudad de Ovalle, Tahuinco recibir\u00e1 a los visitantes con esta celebraci\u00f3n -organizada por la junta de vecinos de Tahuinco con &#8230;<\/p>\n","protected":false},"author":2,"featured_media":13921,"comment_status":"open","ping_status":"open","sticky":false,"template":"","format":"standard","meta":{"footnotes":""},"categories":[5],"tags":[],"class_list":["post-13920","post","type-post","status-publish","format-standard","has-post-thumbnail","hentry","category-actualidad-limarina"],"_links":{"self":[{"href":"https:\/\/www.radiolimari.cl\/index.php?rest_route=\/wp\/v2\/posts\/13920","targetHints":{"allow":["GET"]}}],"collection":[{"href":"https:\/\/www.radiolimari.cl\/index.php?rest_route=\/wp\/v2\/posts"}],"about":[{"href":"https:\/\/www.radiolimari.cl\/index.php?rest_route=\/wp\/v2\/types\/post"}],"author":[{"embeddable":true,"href":"https:\/\/www.radiolimari.cl\/index.php?rest_route=\/wp\/v2\/users\/2"}],"replies":[{"embeddable":true,"href":"https:\/\/www.radiolimari.cl\/index.php?rest_route=%2Fwp%2Fv2%2Fcomments&post=13920"}],"version-history":[{"count":1,"href":"https:\/\/www.radiolimari.cl\/index.php?rest_route=\/wp\/v2\/posts\/13920\/revisions"}],"predecessor-version":[{"id":13922,"href":"https:\/\/www.radiolimari.cl\/index.php?rest_route=\/wp\/v2\/posts\/13920\/revisions\/13922"}],"wp:featuredmedia":[{"embeddable":true,"href":"https:\/\/www.radiolimari.cl\/index.php?rest_route=\/wp\/v2\/media\/13921"}],"wp:attachment":[{"href":"https:\/\/www.radiolimari.cl\/index.php?rest_route=%2Fwp%2Fv2%2Fmedia&parent=13920"}],"wp:term":[{"taxonomy":"category","embeddable":true,"href":"https:\/\/www.radiolimari.cl\/index.php?rest_route=%2Fwp%2Fv2%2Fcategories&post=13920"},{"taxonomy":"post_tag","embeddable":true,"href":"https:\/\/www.radiolimari.cl\/index.php?rest_route=%2Fwp%2Fv2%2Ftags&post=13920"}],"curies":[{"name":"wp","href":"https:\/\/api.w.org\/{rel}","templated":true}]}}