{"id":13912,"date":"2026-09-03T20:29:12","date_gmt":"2026-09-03T20:29:12","guid":{"rendered":"https:\/\/www.radiolimari.cl\/?p=13912"},"modified":"2026-09-04T00:09:57","modified_gmt":"2026-09-04T00:09:57","slug":"la-alcaldesa-de-la-comuna-de-rio-hurtado-carmen-juana-olivares-asumira-la-conduccion-de-la-asociacion-de-municipios-rurales-del-norte-chico-tras-renuncia-del-presidente-el-alcalde-de-salamanca-carl","status":"publish","type":"post","link":"https:\/\/www.radiolimari.cl\/?p=13912","title":{"rendered":"La alcaldesa de la comuna de R\u00edo Hurtado Carmen Juana Olivares asume la conducci\u00f3n de la Asociaci\u00f3n de Municipios Rurales del Norte Chico, tras renuncia del Presidente, el alcalde de Salamanca, Carlos Lillo."},"content":{"rendered":"\n<figure class=\"wp-block-image size-large\"><a href=\"https:\/\/www.radiolimari.cl\/wp-content\/uploads\/2026\/09\/20260903_153900-scaled.jpg\"><img fetchpriority=\"high\" decoding=\"async\" width=\"1024\" height=\"577\" src=\"https:\/\/www.radiolimari.cl\/wp-content\/uploads\/2026\/09\/20260903_153900-1024x577.jpg\" alt=\"\" class=\"wp-image-13913\" srcset=\"https:\/\/www.radiolimari.cl\/wp-content\/uploads\/2026\/09\/20260903_153900-1024x577.jpg 1024w, https:\/\/www.radiolimari.cl\/wp-content\/uploads\/2026\/09\/20260903_153900-300x169.jpg 300w, https:\/\/www.radiolimari.cl\/wp-content\/uploads\/2026\/09\/20260903_153900-768x432.jpg 768w, https:\/\/www.radiolimari.cl\/wp-content\/uploads\/2026\/09\/20260903_153900-1536x865.jpg 1536w, https:\/\/www.radiolimari.cl\/wp-content\/uploads\/2026\/09\/20260903_153900-2048x1153.jpg 2048w\" sizes=\"(max-width: 1024px) 100vw, 1024px\" \/><\/a><\/figure>\n\n\n\n<p class=\"wp-block-paragraph\">La decisi\u00f3n de la m\u00e1xima autoridad de la comuna de Salamanca, dada a conocer al inicio de la reuni\u00f3n del organismo que se realiz\u00f3 en el Centro Cultural Santa In\u00e9s de La Serena, respondi\u00f3 a la necesidad de concentrar sus esfuerzos de manera exclusiva en las tareas y desaf\u00edos de su comuna.<\/p>\n\n\n\n<figure class=\"wp-block-image size-large\"><a href=\"https:\/\/www.radiolimari.cl\/wp-content\/uploads\/2026\/09\/20260903_152518-scaled.jpg\"><img decoding=\"async\" width=\"1024\" height=\"577\" src=\"https:\/\/www.radiolimari.cl\/wp-content\/uploads\/2026\/09\/20260903_152518-1024x577.jpg\" alt=\"\" class=\"wp-image-13915\" srcset=\"https:\/\/www.radiolimari.cl\/wp-content\/uploads\/2026\/09\/20260903_152518-1024x577.jpg 1024w, https:\/\/www.radiolimari.cl\/wp-content\/uploads\/2026\/09\/20260903_152518-300x169.jpg 300w, https:\/\/www.radiolimari.cl\/wp-content\/uploads\/2026\/09\/20260903_152518-768x432.jpg 768w, https:\/\/www.radiolimari.cl\/wp-content\/uploads\/2026\/09\/20260903_152518-1536x865.jpg 1536w, https:\/\/www.radiolimari.cl\/wp-content\/uploads\/2026\/09\/20260903_152518-2048x1153.jpg 2048w\" sizes=\"(max-width: 1024px) 100vw, 1024px\" \/><\/a><\/figure>\n\n\n\n<p class=\"wp-block-paragraph\">Ante este escenario, el directorio de la asociaci\u00f3n activ\u00f3 los protocolos internos para dar continuidad a la gesti\u00f3n de la entidad que agrupa a las comunas de la regi\u00f3n.<\/p>\n\n\n\n<p class=\"wp-block-paragraph\">De esta forma, la primera vicepresidenta, alcaldesa Carmen Juana Olivares, toma el liderazgo de la Asociacion que agrupa a todos los municipios de la regi\u00f3n de Coquimbo.<\/p>\n\n\n\n<figure class=\"wp-block-image size-large\"><a href=\"https:\/\/www.radiolimari.cl\/wp-content\/uploads\/2026\/09\/20260903_152208-scaled.jpg\"><img decoding=\"async\" width=\"1024\" height=\"577\" src=\"https:\/\/www.radiolimari.cl\/wp-content\/uploads\/2026\/09\/20260903_152208-1024x577.jpg\" alt=\"\" class=\"wp-image-13914\" srcset=\"https:\/\/www.radiolimari.cl\/wp-content\/uploads\/2026\/09\/20260903_152208-1024x577.jpg 1024w, https:\/\/www.radiolimari.cl\/wp-content\/uploads\/2026\/09\/20260903_152208-300x169.jpg 300w, https:\/\/www.radiolimari.cl\/wp-content\/uploads\/2026\/09\/20260903_152208-768x432.jpg 768w, https:\/\/www.radiolimari.cl\/wp-content\/uploads\/2026\/09\/20260903_152208-1536x865.jpg 1536w, https:\/\/www.radiolimari.cl\/wp-content\/uploads\/2026\/09\/20260903_152208-2048x1153.jpg 2048w\" sizes=\"(max-width: 1024px) 100vw, 1024px\" \/><\/a><\/figure>\n\n\n\n<p class=\"wp-block-paragraph\"><\/p>\n","protected":false},"excerpt":{"rendered":"<p>La decisi\u00f3n de la m\u00e1xima autoridad de la comuna de Salamanca, dada a conocer al inicio de la reuni\u00f3n del organismo que se realiz\u00f3 en el Centro Cultural Santa In\u00e9s de La Serena, respondi\u00f3 a la necesidad de concentrar sus esfuerzos de manera exclusiva en las tareas y desaf\u00edos de su comuna. Ante este escenario, &#8230;<\/p>\n","protected":false},"author":2,"featured_media":13913,"comment_status":"open","ping_status":"open","sticky":false,"template":"","format":"standard","meta":{"footnotes":""},"categories":[6],"tags":[],"class_list":["post-13912","post","type-post","status-publish","format-standard","has-post-thumbnail","hentry","category-regionales"],"_links":{"self":[{"href":"https:\/\/www.radiolimari.cl\/index.php?rest_route=\/wp\/v2\/posts\/13912","targetHints":{"allow":["GET"]}}],"collection":[{"href":"https:\/\/www.radiolimari.cl\/index.php?rest_route=\/wp\/v2\/posts"}],"about":[{"href":"https:\/\/www.radiolimari.cl\/index.php?rest_route=\/wp\/v2\/types\/post"}],"author":[{"embeddable":true,"href":"https:\/\/www.radiolimari.cl\/index.php?rest_route=\/wp\/v2\/users\/2"}],"replies":[{"embeddable":true,"href":"https:\/\/www.radiolimari.cl\/index.php?rest_route=%2Fwp%2Fv2%2Fcomments&post=13912"}],"version-history":[{"count":3,"href":"https:\/\/www.radiolimari.cl\/index.php?rest_route=\/wp\/v2\/posts\/13912\/revisions"}],"predecessor-version":[{"id":13919,"href":"https:\/\/www.radiolimari.cl\/index.php?rest_route=\/wp\/v2\/posts\/13912\/revisions\/13919"}],"wp:featuredmedia":[{"embeddable":true,"href":"https:\/\/www.radiolimari.cl\/index.php?rest_route=\/wp\/v2\/media\/13913"}],"wp:attachment":[{"href":"https:\/\/www.radiolimari.cl\/index.php?rest_route=%2Fwp%2Fv2%2Fmedia&parent=13912"}],"wp:term":[{"taxonomy":"category","embeddable":true,"href":"https:\/\/www.radiolimari.cl\/index.php?rest_route=%2Fwp%2Fv2%2Fcategories&post=13912"},{"taxonomy":"post_tag","embeddable":true,"href":"https:\/\/www.radiolimari.cl\/index.php?rest_route=%2Fwp%2Fv2%2Ftags&post=13912"}],"curies":[{"name":"wp","href":"https:\/\/api.w.org\/{rel}","templated":true}]}}