{"id":13902,"date":"2026-09-02T15:23:24","date_gmt":"2026-09-02T15:23:24","guid":{"rendered":"https:\/\/www.radiolimari.cl\/?p=13902"},"modified":"2026-09-02T15:23:25","modified_gmt":"2026-09-02T15:23:25","slug":"mundo-rural-de-rio-hurtado-suma-respaldo-de-indap-para-recuperar-su-actividad-productiva","status":"publish","type":"post","link":"https:\/\/www.radiolimari.cl\/?p=13902","title":{"rendered":"Mundo Rural de R\u00edo Hurtado suma respaldo de INDAP para recuperar su actividad productiva."},"content":{"rendered":"\n<figure class=\"wp-block-image size-large\"><a href=\"https:\/\/www.radiolimari.cl\/wp-content\/uploads\/2026\/09\/2.9-INDAP-contribuye-a-la-recuperacion-productiva-del-Mundo-Rural-afectado-por-la-emergencia-en-Rio-Hurtado-01.jpeg\"><img fetchpriority=\"high\" decoding=\"async\" width=\"1024\" height=\"651\" src=\"https:\/\/www.radiolimari.cl\/wp-content\/uploads\/2026\/09\/2.9-INDAP-contribuye-a-la-recuperacion-productiva-del-Mundo-Rural-afectado-por-la-emergencia-en-Rio-Hurtado-01-1024x651.jpeg\" alt=\"\" class=\"wp-image-13903\" srcset=\"https:\/\/www.radiolimari.cl\/wp-content\/uploads\/2026\/09\/2.9-INDAP-contribuye-a-la-recuperacion-productiva-del-Mundo-Rural-afectado-por-la-emergencia-en-Rio-Hurtado-01-1024x651.jpeg 1024w, https:\/\/www.radiolimari.cl\/wp-content\/uploads\/2026\/09\/2.9-INDAP-contribuye-a-la-recuperacion-productiva-del-Mundo-Rural-afectado-por-la-emergencia-en-Rio-Hurtado-01-300x191.jpeg 300w, https:\/\/www.radiolimari.cl\/wp-content\/uploads\/2026\/09\/2.9-INDAP-contribuye-a-la-recuperacion-productiva-del-Mundo-Rural-afectado-por-la-emergencia-en-Rio-Hurtado-01-767x488.jpeg 767w, https:\/\/www.radiolimari.cl\/wp-content\/uploads\/2026\/09\/2.9-INDAP-contribuye-a-la-recuperacion-productiva-del-Mundo-Rural-afectado-por-la-emergencia-en-Rio-Hurtado-01.jpeg 1280w\" sizes=\"(max-width: 1024px) 100vw, 1024px\" \/><\/a><\/figure>\n\n\n\n<p class=\"wp-block-paragraph\"><em>Se trat\u00f3 de 98 crianceros y 6 apicultores.<\/em><\/p>\n\n\n\n<p class=\"wp-block-paragraph\">Las lluvias registradas durante julio significaron un importante aporte para el sector silvoagropecuario de la regi\u00f3n de Coquimbo. Sin embargo, sus efectos no son inmediatos y, mientras los campos avanzan paulatinamente en su recuperaci\u00f3n, la disponibilidad de alimento para el ganado contin\u00faa siendo una de las principales necesidades de quienes desarrollan la actividad caprina.<\/p>\n\n\n\n<p class=\"wp-block-paragraph\">Esta realidad adquiere especial relevancia durante la \u00e9poca de pariciones, periodo en que aumentan los requerimientos nutricionales de los animales.<\/p>\n\n\n\n<p class=\"wp-block-paragraph\">Ante este escenario, el Instituto de Desarrollo Agropecuario (INDAP) lleg\u00f3 hasta la comuna de R\u00edo Hurtado para concretar un relevante apoyo destinado a sus usuarios y usuarias afectados por la emergencia agr\u00edcola.<\/p>\n\n\n\n<p class=\"wp-block-paragraph\">La ayuda consiste en pellets, distribuidos en 11 sacos de 25 kilos para cada beneficiado. Una de las favorecidas fue Petronila Espinosa, quien se\u00f1al\u00f3 que \u201cestamos muy contentos de que haya llegado esta ayuda, porque, aunque ha llovido bastante, todav\u00eda tenemos necesidades. Las cabras est\u00e1n comiendo pasto, pero a\u00fan est\u00e1 muy delgado, por eso este alimento es muy importante para complementar su alimentaci\u00f3n y tambi\u00e9n para mejorar la producci\u00f3n y calidad del queso. Estamos muy agradecidas de INDAP\u201d.<\/p>\n\n\n\n<p class=\"wp-block-paragraph\">Por su parte, el Director Regional (S) de INDAP, Jaime Mi\u00f1o, sostuvo que \u201ccomo INDAP estamos respondiendo a una necesidad inmediata, entregando un recurso que permitir\u00e1 suplementar los requerimientos nutricionales de sus animales, pero nuestro compromiso no termina con la emergencia, ya que el desaf\u00edo mayor es avanzar hacia la recuperaci\u00f3n y reactivaci\u00f3n productiva, generando las condiciones para que cada familia pueda volver a desarrollar sus labores eficientemente\u201d.<\/p>\n\n\n\n<p class=\"wp-block-paragraph\">En R\u00edo Hurtado, la iniciativa consider\u00f3 m\u00e1s de 26 mil kilos de alimento animal.<\/p>\n\n\n\n<figure class=\"wp-block-image size-large\"><a href=\"https:\/\/www.radiolimari.cl\/wp-content\/uploads\/2026\/09\/2.9-INDAP-sacos-en-Rio-Hurtado-01.jpeg\"><img decoding=\"async\" width=\"1024\" height=\"576\" src=\"https:\/\/www.radiolimari.cl\/wp-content\/uploads\/2026\/09\/2.9-INDAP-sacos-en-Rio-Hurtado-01-1024x576.jpeg\" alt=\"\" class=\"wp-image-13905\" srcset=\"https:\/\/www.radiolimari.cl\/wp-content\/uploads\/2026\/09\/2.9-INDAP-sacos-en-Rio-Hurtado-01-1024x576.jpeg 1024w, https:\/\/www.radiolimari.cl\/wp-content\/uploads\/2026\/09\/2.9-INDAP-sacos-en-Rio-Hurtado-01-300x169.jpeg 300w, https:\/\/www.radiolimari.cl\/wp-content\/uploads\/2026\/09\/2.9-INDAP-sacos-en-Rio-Hurtado-01-768x432.jpeg 768w, https:\/\/www.radiolimari.cl\/wp-content\/uploads\/2026\/09\/2.9-INDAP-sacos-en-Rio-Hurtado-01.jpeg 1280w\" sizes=\"(max-width: 1024px) 100vw, 1024px\" \/><\/a><\/figure>\n\n\n\n<p class=\"wp-block-paragraph\">Al respecto, la Delegada Presidencial Provincial de Limar\u00ed, Ivon Guerra, destac\u00f3 el despliegue realizado por INDAP e hizo hincapi\u00e9 en que \u201cestamos muy contentos de haber llegado hasta lo m\u00e1s alto de la comuna de R\u00edo Hurtado con este importante apoyo, porque sabemos lo relevante que es para el mundo ganadero. Desde el Gobierno del Presidente Jos\u00e9 Antonio Kast vamos a seguir trabajando para llegar con ayuda oportuna a quienes lo necesitan, entendiendo adem\u00e1s la importancia que tiene esta actividad para la econom\u00eda de la provincia de Limar\u00ed\u201d.<\/p>\n\n\n\n<p class=\"wp-block-paragraph\">El Seremi de Agricultura, Vicente Cort\u00e9s, destac\u00f3 que esta medida responde eficientemente al momento que actualmente atraviesan los productores de la zona: \u201cLas precipitaciones fueron muy necesarias para nuestra regi\u00f3n, pero sabemos que existe un periodo entre la ocurrencia de las lluvias y el momento en que los campos vuelven a entregar alimento suficiente para los animales. Por eso estamos acompa\u00f1ando a la Agricultura Familiar Campesina en esta etapa, entregando una ayuda concreta que les permita seguir adelante mientras esas condiciones contin\u00faan mejorando\u201d, se\u00f1al\u00f3.<\/p>\n\n\n\n<p class=\"wp-block-paragraph\">La jornada tambi\u00e9n contempl\u00f3 recursos para 6 apicultores de R\u00edo Hurtado, destinados a la adquisici\u00f3n de alimentaci\u00f3n para sus abejas.<\/p>\n\n\n\n<figure class=\"wp-block-image size-large\"><a href=\"https:\/\/www.radiolimari.cl\/wp-content\/uploads\/2026\/09\/2.9-INDAP-apicultores-en-Rio-Hurtado-01.jpeg\"><img decoding=\"async\" width=\"1024\" height=\"690\" src=\"https:\/\/www.radiolimari.cl\/wp-content\/uploads\/2026\/09\/2.9-INDAP-apicultores-en-Rio-Hurtado-01-1024x690.jpeg\" alt=\"\" class=\"wp-image-13904\" srcset=\"https:\/\/www.radiolimari.cl\/wp-content\/uploads\/2026\/09\/2.9-INDAP-apicultores-en-Rio-Hurtado-01-1024x690.jpeg 1024w, https:\/\/www.radiolimari.cl\/wp-content\/uploads\/2026\/09\/2.9-INDAP-apicultores-en-Rio-Hurtado-01-300x202.jpeg 300w, https:\/\/www.radiolimari.cl\/wp-content\/uploads\/2026\/09\/2.9-INDAP-apicultores-en-Rio-Hurtado-01-768x517.jpeg 768w, https:\/\/www.radiolimari.cl\/wp-content\/uploads\/2026\/09\/2.9-INDAP-apicultores-en-Rio-Hurtado-01.jpeg 1280w\" sizes=\"(max-width: 1024px) 100vw, 1024px\" \/><\/a><\/figure>\n\n\n\n<p class=\"wp-block-paragraph\">\u201cEste era un d\u00eda muy esperado para nuestra comuna. Estamos concretando la entrega de alimento animal y tambi\u00e9n de incentivos para nuestros apicultores, quienes son parte fundamental de la actividad productiva de R\u00edo Hurtado. Agradecemos la presencia del Gobierno y de INDAP, y especialmente que estos apoyos est\u00e9n llegando directamente a nuestros productores\u201d, enfatiz\u00f3 la Alcaldesa de R\u00edo Hurtado, Carmen Juana Olivares.<\/p>\n\n\n\n<p class=\"wp-block-paragraph\">A nivel regional, la iniciativa dirigida al rubro caprino llegar\u00e1 a m\u00e1s de 1.400 usuarios de INDAP, con una inversi\u00f3n superior a los $171 millones. En el \u00e1mbito ap\u00edcola, ser\u00e1n 160 las personas beneficiadas.<\/p>\n","protected":false},"excerpt":{"rendered":"<p>Se trat\u00f3 de 98 crianceros y 6 apicultores. Las lluvias registradas durante julio significaron un importante aporte para el sector silvoagropecuario de la regi\u00f3n de Coquimbo. Sin embargo, sus efectos no son inmediatos y, mientras los campos avanzan paulatinamente en su recuperaci\u00f3n, la disponibilidad de alimento para el ganado contin\u00faa siendo una de las principales &#8230;<\/p>\n","protected":false},"author":2,"featured_media":13903,"comment_status":"open","ping_status":"open","sticky":false,"template":"","format":"standard","meta":{"footnotes":""},"categories":[6],"tags":[],"class_list":["post-13902","post","type-post","status-publish","format-standard","has-post-thumbnail","hentry","category-regionales"],"_links":{"self":[{"href":"https:\/\/www.radiolimari.cl\/index.php?rest_route=\/wp\/v2\/posts\/13902","targetHints":{"allow":["GET"]}}],"collection":[{"href":"https:\/\/www.radiolimari.cl\/index.php?rest_route=\/wp\/v2\/posts"}],"about":[{"href":"https:\/\/www.radiolimari.cl\/index.php?rest_route=\/wp\/v2\/types\/post"}],"author":[{"embeddable":true,"href":"https:\/\/www.radiolimari.cl\/index.php?rest_route=\/wp\/v2\/users\/2"}],"replies":[{"embeddable":true,"href":"https:\/\/www.radiolimari.cl\/index.php?rest_route=%2Fwp%2Fv2%2Fcomments&post=13902"}],"version-history":[{"count":1,"href":"https:\/\/www.radiolimari.cl\/index.php?rest_route=\/wp\/v2\/posts\/13902\/revisions"}],"predecessor-version":[{"id":13906,"href":"https:\/\/www.radiolimari.cl\/index.php?rest_route=\/wp\/v2\/posts\/13902\/revisions\/13906"}],"wp:featuredmedia":[{"embeddable":true,"href":"https:\/\/www.radiolimari.cl\/index.php?rest_route=\/wp\/v2\/media\/13903"}],"wp:attachment":[{"href":"https:\/\/www.radiolimari.cl\/index.php?rest_route=%2Fwp%2Fv2%2Fmedia&parent=13902"}],"wp:term":[{"taxonomy":"category","embeddable":true,"href":"https:\/\/www.radiolimari.cl\/index.php?rest_route=%2Fwp%2Fv2%2Fcategories&post=13902"},{"taxonomy":"post_tag","embeddable":true,"href":"https:\/\/www.radiolimari.cl\/index.php?rest_route=%2Fwp%2Fv2%2Ftags&post=13902"}],"curies":[{"name":"wp","href":"https:\/\/api.w.org\/{rel}","templated":true}]}}