{"id":13899,"date":"2026-09-02T15:03:58","date_gmt":"2026-09-02T15:03:58","guid":{"rendered":"https:\/\/www.radiolimari.cl\/?p=13899"},"modified":"2026-09-02T15:03:59","modified_gmt":"2026-09-02T15:03:59","slug":"en-ovalle-se-conmemoraran-las-fiestas-patrias-con-tradicional-te-deum-y-desfile-en-la-plaza-de-armas","status":"publish","type":"post","link":"https:\/\/www.radiolimari.cl\/?p=13899","title":{"rendered":"En Ovalle se conmemorar\u00e1n las Fiestas Patrias con tradicional Te Deum y Desfile en la Plaza de Armas"},"content":{"rendered":"\n<figure class=\"wp-block-image size-large\"><a href=\"https:\/\/www.radiolimari.cl\/wp-content\/uploads\/2026\/09\/2.9-OValle-Desfile-de-Fiestas-Patrias-2-scaled.jpg\"><img fetchpriority=\"high\" decoding=\"async\" width=\"1024\" height=\"683\" src=\"https:\/\/www.radiolimari.cl\/wp-content\/uploads\/2026\/09\/2.9-OValle-Desfile-de-Fiestas-Patrias-2-1024x683.jpg\" alt=\"\" class=\"wp-image-13900\" srcset=\"https:\/\/www.radiolimari.cl\/wp-content\/uploads\/2026\/09\/2.9-OValle-Desfile-de-Fiestas-Patrias-2-1024x683.jpg 1024w, https:\/\/www.radiolimari.cl\/wp-content\/uploads\/2026\/09\/2.9-OValle-Desfile-de-Fiestas-Patrias-2-300x200.jpg 300w, https:\/\/www.radiolimari.cl\/wp-content\/uploads\/2026\/09\/2.9-OValle-Desfile-de-Fiestas-Patrias-2-768x512.jpg 768w, https:\/\/www.radiolimari.cl\/wp-content\/uploads\/2026\/09\/2.9-OValle-Desfile-de-Fiestas-Patrias-2-1536x1024.jpg 1536w, https:\/\/www.radiolimari.cl\/wp-content\/uploads\/2026\/09\/2.9-OValle-Desfile-de-Fiestas-Patrias-2-2048x1365.jpg 2048w\" sizes=\"(max-width: 1024px) 100vw, 1024px\" \/><\/a><\/figure>\n\n\n\n<p class=\"wp-block-paragraph\"><strong><em>Las actividades se desarrollar\u00e1n el martes 15 de septiembre y reunir\u00e1n a autoridades, representantes de establecimientos educacionales, organizaciones sociales y miembros de las Fuerzas Armadas y de Orden.<\/em><\/strong><\/p>\n\n\n\n<p class=\"wp-block-paragraph\">Con diversas actividades protocolares y tradicionales, la comuna de Ovalle conmemorar\u00e1 este martes 15 de septiembre las Fiestas Patrias, en una jornada que contempla la realizaci\u00f3n del Te Deum de Fiestas Patrias y el tradicional Desfile de Fiestas Patrias en la Plaza de Armas.<\/p>\n\n\n\n<p class=\"wp-block-paragraph\">La jornada comenzar\u00e1 a las 10:00 horas, con el Te Deum de Fiestas Patrias, que se realizar\u00e1 en la Parroquia San Vicente Ferrer y ser\u00e1 presidido por el padre Jorge Arancibia Mancilla, p\u00e1rroco de este templo. En esta ceremonia participar\u00e1n autoridades comunales, representantes de establecimientos educacionales y organizaciones sociales de Ovalle, quienes se reunir\u00e1n para conmemorar esta importante fecha para el pa\u00eds.<\/p>\n\n\n\n<p class=\"wp-block-paragraph\">El alcalde de Ovalle, H\u00e9ctor Vega Campusano, destac\u00f3 la importancia de generar estos espacios de encuentro para la comunidad porque \u201clas Fiestas Patrias son una oportunidad para reencontrarnos con nuestras tradiciones, valorar nuestra historia y, especialmente, compartir como comunidad. Queremos que esta celebraci\u00f3n en Ovalle sea un espacio de encuentro para nuestras familias, nuestras organizaciones sociales, nuestros establecimientos educacionales y todas las instituciones que forman parte de nuestra comuna\u201d.<\/p>\n\n\n\n<p class=\"wp-block-paragraph\">Posteriormente, a las 11:00 horas, se dar\u00e1 inicio al Desfile de Fiestas Patrias en la Plaza de Armas de Ovalle, instancia en la que participar\u00e1 un escuadr\u00f3n del Regimiento Coquimbo de La Serena, integrantes de la Gobernaci\u00f3n Mar\u00edtima de Coquimbo y miembros de la Escuela de Carabineros Grupo Ovalle.<\/p>\n\n\n\n<p class=\"wp-block-paragraph\">Antes del inicio del desfile se desarrollar\u00e1 un acto conmemorativo, que incluir\u00e1 una alocuci\u00f3n hist\u00f3rica sobre la importancia de esta fecha, haciendo referencia a la conmemoraci\u00f3n de la Primera Junta Nacional de Gobierno y Las Glorias del Ej\u00e9rcito, hitos fundamentales de la historia de nuestro pa\u00eds.<\/p>\n\n\n\n<p class=\"wp-block-paragraph\">El programa continuar\u00e1 con el tradicional esquinazo, a cargo del Conjunto Folcl\u00f3rico Magisterio de Ovalle, que pondr\u00e1 el sello de identidad y tradici\u00f3n chilena a esta celebraci\u00f3n.<\/p>\n\n\n\n<p class=\"wp-block-paragraph\">Posteriormente se dar\u00e1 paso al desfile, que contemplar\u00e1 en primera instancia la participaci\u00f3n de las Fuerzas Armadas y de Orden, para luego continuar con las organizaciones sociales y establecimientos educacionales de la comuna.<\/p>\n\n\n\n<p class=\"wp-block-paragraph\">El jefe comunal agreg\u00f3 que \u201cqueremos invitar a todos los ovallinos y ovallinas a ser parte de esta jornada. Es una celebraci\u00f3n que nos permite mirar nuestra historia, pero tambi\u00e9n reconocer el aporte que cada vecino, organizaci\u00f3n e instituci\u00f3n realiza para construir la comuna que queremos. Esperamos contar con una gran participaci\u00f3n de la comunidad y vivir estas Fiestas Patrias con alegr\u00eda, respeto y sentido de unidad\u201d.<\/p>\n\n\n\n<p class=\"wp-block-paragraph\">De esta manera, Ovalle se prepara para vivir una jornada de conmemoraci\u00f3n, encuentro y tradici\u00f3n, donde la comunidad podr\u00e1 participar y celebrar nuestra historia e identidad nacional en el marco de las Fiestas Patrias.<\/p>\n","protected":false},"excerpt":{"rendered":"<p>Las actividades se desarrollar\u00e1n el martes 15 de septiembre y reunir\u00e1n a autoridades, representantes de establecimientos educacionales, organizaciones sociales y miembros de las Fuerzas Armadas y de Orden. Con diversas actividades protocolares y tradicionales, la comuna de Ovalle conmemorar\u00e1 este martes 15 de septiembre las Fiestas Patrias, en una jornada que contempla la realizaci\u00f3n del &#8230;<\/p>\n","protected":false},"author":2,"featured_media":13900,"comment_status":"open","ping_status":"open","sticky":false,"template":"","format":"standard","meta":{"footnotes":""},"categories":[5],"tags":[],"class_list":["post-13899","post","type-post","status-publish","format-standard","has-post-thumbnail","hentry","category-actualidad-limarina"],"_links":{"self":[{"href":"https:\/\/www.radiolimari.cl\/index.php?rest_route=\/wp\/v2\/posts\/13899","targetHints":{"allow":["GET"]}}],"collection":[{"href":"https:\/\/www.radiolimari.cl\/index.php?rest_route=\/wp\/v2\/posts"}],"about":[{"href":"https:\/\/www.radiolimari.cl\/index.php?rest_route=\/wp\/v2\/types\/post"}],"author":[{"embeddable":true,"href":"https:\/\/www.radiolimari.cl\/index.php?rest_route=\/wp\/v2\/users\/2"}],"replies":[{"embeddable":true,"href":"https:\/\/www.radiolimari.cl\/index.php?rest_route=%2Fwp%2Fv2%2Fcomments&post=13899"}],"version-history":[{"count":1,"href":"https:\/\/www.radiolimari.cl\/index.php?rest_route=\/wp\/v2\/posts\/13899\/revisions"}],"predecessor-version":[{"id":13901,"href":"https:\/\/www.radiolimari.cl\/index.php?rest_route=\/wp\/v2\/posts\/13899\/revisions\/13901"}],"wp:featuredmedia":[{"embeddable":true,"href":"https:\/\/www.radiolimari.cl\/index.php?rest_route=\/wp\/v2\/media\/13900"}],"wp:attachment":[{"href":"https:\/\/www.radiolimari.cl\/index.php?rest_route=%2Fwp%2Fv2%2Fmedia&parent=13899"}],"wp:term":[{"taxonomy":"category","embeddable":true,"href":"https:\/\/www.radiolimari.cl\/index.php?rest_route=%2Fwp%2Fv2%2Fcategories&post=13899"},{"taxonomy":"post_tag","embeddable":true,"href":"https:\/\/www.radiolimari.cl\/index.php?rest_route=%2Fwp%2Fv2%2Ftags&post=13899"}],"curies":[{"name":"wp","href":"https:\/\/api.w.org\/{rel}","templated":true}]}}