{"id":13887,"date":"2026-08-31T14:12:58","date_gmt":"2026-08-31T14:12:58","guid":{"rendered":"https:\/\/www.radiolimari.cl\/?p=13887"},"modified":"2026-08-31T14:12:59","modified_gmt":"2026-08-31T14:12:59","slug":"en-la-region-de-coquimbo-la-desocupacion-llega-a-95-y-ministerio-del-trabajo-refuerza-medidas-para-impulsar-la-contratacion","status":"publish","type":"post","link":"https:\/\/www.radiolimari.cl\/?p=13887","title":{"rendered":"En la Regi\u00f3n de Coquimbo la desocupaci\u00f3n llega a 9,5% y Ministerio del Trabajo refuerza medidas para impulsar la contrataci\u00f3n."},"content":{"rendered":"\n<figure class=\"wp-block-image size-large\"><a href=\"https:\/\/www.radiolimari.cl\/wp-content\/uploads\/2026\/08\/31.8-trabajo-Construccion-scaled.jpeg\"><img fetchpriority=\"high\" decoding=\"async\" width=\"1024\" height=\"768\" src=\"https:\/\/www.radiolimari.cl\/wp-content\/uploads\/2026\/08\/31.8-trabajo-Construccion-1024x768.jpeg\" alt=\"\" class=\"wp-image-13888\" srcset=\"https:\/\/www.radiolimari.cl\/wp-content\/uploads\/2026\/08\/31.8-trabajo-Construccion-1024x768.jpeg 1024w, https:\/\/www.radiolimari.cl\/wp-content\/uploads\/2026\/08\/31.8-trabajo-Construccion-300x225.jpeg 300w, https:\/\/www.radiolimari.cl\/wp-content\/uploads\/2026\/08\/31.8-trabajo-Construccion-768x576.jpeg 768w, https:\/\/www.radiolimari.cl\/wp-content\/uploads\/2026\/08\/31.8-trabajo-Construccion-1536x1152.jpeg 1536w, https:\/\/www.radiolimari.cl\/wp-content\/uploads\/2026\/08\/31.8-trabajo-Construccion-2048x1536.jpeg 2048w\" sizes=\"(max-width: 1024px) 100vw, 1024px\" \/><\/a><\/figure>\n\n\n\n<p class=\"wp-block-paragraph\"><strong><em>La Seremi del Trabajo y Previsi\u00f3n Social, Andrea Barrera, se\u00f1al\u00f3 que las cifras dan cuenta de un escenario desafiante para el mercado laboral regional y destac\u00f3 la importancia de fortalecer las herramientas de apoyo a la contrataci\u00f3n formal.<\/em><\/strong><\/p>\n\n\n\n<p class=\"wp-block-paragraph\"><strong>La tasa de desocupaci\u00f3n en la Regi\u00f3n de Coquimbo alcanz\u00f3 un 9,5% durante el trimestre mayo-julio de 2026, registrando un aumento de 2,5 puntos porcentuales respecto de igual per\u00edodo del a\u00f1o anterior, de acuerdo con la Encuesta Nacional de Empleo (ENE) del Instituto Nacional de Estad\u00edsticas (INE).<\/strong><\/p>\n\n\n\n<p class=\"wp-block-paragraph\"><strong>El resultado se explica por un aumento de 1,8% de la fuerza de trabajo, junto con una disminuci\u00f3n de 0,8% en el n\u00famero de personas ocupadas.<\/strong><\/p>\n\n\n\n<p class=\"wp-block-paragraph\"><strong>La Seremi del Trabajo y Previsi\u00f3n Social, Andrea Barrera, se\u00f1al\u00f3 que las cifras plantean un desaf\u00edo que requiere mantener y profundizar los esfuerzos para generar nuevas oportunidades laborales y dijo que \u201cen materia de empleo el escenario desafiante. Como Gobierno estamos atentos a esta evoluci\u00f3n y trabajando para generar mejores condiciones que permitan que m\u00e1s personas puedan acceder a un empleo formal. Sabemos que detr\u00e1s de estas cifras hay personas y familias que est\u00e1n buscando una oportunidad laboral, en general la regi\u00f3n registra 40.600 personas desocupadas y 388.117 ocupadas\u201d.<\/strong><\/p>\n\n\n\n<p class=\"wp-block-paragraph\"><strong>Seg\u00fan el informe emitido por el INE la ocupaci\u00f3n disminuy\u00f3 0,8% en doce meses, principalmente por la ca\u00edda registrada entre los hombres, mientras que el empleo femenino aument\u00f3 1,3%. Por actividad econ\u00f3mica, agricultura y pesca (-9,7%), comercio (-4,4%) y actividades de salud (-9,3%) incidieron en la disminuci\u00f3n de la ocupaci\u00f3n.<\/strong><\/p>\n\n\n\n<p class=\"wp-block-paragraph\"><strong>Mientras que Miner\u00eda present\u00f3 un crecimiento de 16,7% en el n\u00famero de personas ocupadas, constituy\u00e9ndose en el principal sector con incidencia positiva entre las actividades econ\u00f3micas analizadas por el INE.<\/strong><\/p>\n\n\n\n<p class=\"wp-block-paragraph\"><strong>En medio de este escenario, uno de los elementos favorables que muestra la medici\u00f3n es la evoluci\u00f3n de la informalidad. La tasa de ocupaci\u00f3n informal lleg\u00f3 a 28,0%, disminuyendo 2,2 puntos porcentuales en doce meses, mientras que las personas ocupadas informales se redujeron 8,2%.<\/strong><\/p>\n\n\n\n<p class=\"wp-block-paragraph\"><strong>\u201cLa reducci\u00f3n de la informalidad es una se\u00f1al que valoramos, pero no es suficiente. El desaf\u00edo es que quienes est\u00e1n fuera del mercado laboral puedan encontrar oportunidades y que esas oportunidades sean empleos formales, con seguridad social y derechos laborales. Por eso debemos seguir trabajando en conjunto con empleadores, trabajadores y los distintos actores de la regi\u00f3n\u201d, manifest\u00f3 la Seremi del Trabajo, Andrea Barrera.<\/strong><\/p>\n\n\n\n<p class=\"wp-block-paragraph\"><strong>En esta l\u00ednea, la autoridad laboral destac\u00f3 el Subsidio a la Contrataci\u00f3n, herramienta de SENCE destinada a incentivar la generaci\u00f3n de nuevos puestos de trabajo formales y que busca apoyar a los empleadores en el proceso de incorporaci\u00f3n de nuevos trabajadores. Instrumento que a nivel nacional super\u00f3 las 25 mil postulaciones, mientras que en la regi\u00f3n de Coquimbo alcanz\u00f3 los 660 requerimientos por parte de 253 empresas locales.<\/strong><\/p>\n\n\n\n<p class=\"wp-block-paragraph\"><strong>Finalmente, la Seremi del Trabajo enfatiz\u00f3 que las cifras deben ser abordadas con responsabilidad y con acciones orientadas a mejorar las oportunidades laborales.<\/strong><\/p>\n\n\n\n<p class=\"wp-block-paragraph\"><strong>\u201cNo desconocemos las dificultades que refleja esta medici\u00f3n, pero tampoco vamos a quedarnos solamente con el diagn\u00f3stico. Tenemos que seguir generando condiciones para que la actividad econ\u00f3mica se traduzca en oportunidades de empleo y, especialmente, en empleo formal. Ese es el desaf\u00edo que tenemos por delante\u201d, concluy\u00f3 la Seremi del Trabajo, Andrea Barrera.<\/strong><\/p>\n","protected":false},"excerpt":{"rendered":"<p>La Seremi del Trabajo y Previsi\u00f3n Social, Andrea Barrera, se\u00f1al\u00f3 que las cifras dan cuenta de un escenario desafiante para el mercado laboral regional y destac\u00f3 la importancia de fortalecer las herramientas de apoyo a la contrataci\u00f3n formal. La tasa de desocupaci\u00f3n en la Regi\u00f3n de Coquimbo alcanz\u00f3 un 9,5% durante el trimestre mayo-julio de &#8230;<\/p>\n","protected":false},"author":2,"featured_media":0,"comment_status":"open","ping_status":"open","sticky":false,"template":"","format":"standard","meta":{"footnotes":""},"categories":[6],"tags":[],"class_list":["post-13887","post","type-post","status-publish","format-standard","hentry","category-regionales"],"_links":{"self":[{"href":"https:\/\/www.radiolimari.cl\/index.php?rest_route=\/wp\/v2\/posts\/13887","targetHints":{"allow":["GET"]}}],"collection":[{"href":"https:\/\/www.radiolimari.cl\/index.php?rest_route=\/wp\/v2\/posts"}],"about":[{"href":"https:\/\/www.radiolimari.cl\/index.php?rest_route=\/wp\/v2\/types\/post"}],"author":[{"embeddable":true,"href":"https:\/\/www.radiolimari.cl\/index.php?rest_route=\/wp\/v2\/users\/2"}],"replies":[{"embeddable":true,"href":"https:\/\/www.radiolimari.cl\/index.php?rest_route=%2Fwp%2Fv2%2Fcomments&post=13887"}],"version-history":[{"count":1,"href":"https:\/\/www.radiolimari.cl\/index.php?rest_route=\/wp\/v2\/posts\/13887\/revisions"}],"predecessor-version":[{"id":13889,"href":"https:\/\/www.radiolimari.cl\/index.php?rest_route=\/wp\/v2\/posts\/13887\/revisions\/13889"}],"wp:attachment":[{"href":"https:\/\/www.radiolimari.cl\/index.php?rest_route=%2Fwp%2Fv2%2Fmedia&parent=13887"}],"wp:term":[{"taxonomy":"category","embeddable":true,"href":"https:\/\/www.radiolimari.cl\/index.php?rest_route=%2Fwp%2Fv2%2Fcategories&post=13887"},{"taxonomy":"post_tag","embeddable":true,"href":"https:\/\/www.radiolimari.cl\/index.php?rest_route=%2Fwp%2Fv2%2Ftags&post=13887"}],"curies":[{"name":"wp","href":"https:\/\/api.w.org\/{rel}","templated":true}]}}