{"id":13884,"date":"2026-08-31T13:41:05","date_gmt":"2026-08-31T13:41:05","guid":{"rendered":"https:\/\/www.radiolimari.cl\/?p=13884"},"modified":"2026-08-31T13:41:06","modified_gmt":"2026-08-31T13:41:06","slug":"organizado-por-el-municipio-de-ovalle-mas-de-200-personas-disfrutaron-de-una-nueva-jornada-de-trekking-familiar-en-localidad-de-huallillinga","status":"publish","type":"post","link":"https:\/\/www.radiolimari.cl\/?p=13884","title":{"rendered":"Organizado por el Municipio de Ovalle: M\u00e1s de 200 personas disfrutaron de una nueva jornada de Trekking Familiar en localidad de Huallillinga"},"content":{"rendered":"\n<figure class=\"wp-block-image size-large\"><a href=\"https:\/\/www.radiolimari.cl\/wp-content\/uploads\/2026\/08\/31.8-Trekking-familiar-Huallillinga.jpg\"><img fetchpriority=\"high\" decoding=\"async\" width=\"1024\" height=\"768\" src=\"https:\/\/www.radiolimari.cl\/wp-content\/uploads\/2026\/08\/31.8-Trekking-familiar-Huallillinga-1024x768.jpg\" alt=\"\" class=\"wp-image-13885\" srcset=\"https:\/\/www.radiolimari.cl\/wp-content\/uploads\/2026\/08\/31.8-Trekking-familiar-Huallillinga-1024x768.jpg 1024w, https:\/\/www.radiolimari.cl\/wp-content\/uploads\/2026\/08\/31.8-Trekking-familiar-Huallillinga-300x225.jpg 300w, https:\/\/www.radiolimari.cl\/wp-content\/uploads\/2026\/08\/31.8-Trekking-familiar-Huallillinga-768x576.jpg 768w, https:\/\/www.radiolimari.cl\/wp-content\/uploads\/2026\/08\/31.8-Trekking-familiar-Huallillinga.jpg 1448w\" sizes=\"(max-width: 1024px) 100vw, 1024px\" \/><\/a><\/figure>\n\n\n\n<p class=\"wp-block-paragraph\"><strong><em>La iniciativa, impulsada por la Oficina de Deportes y Recreaci\u00f3n de la Municipalidad de Ovalle, convoc\u00f3 a familias, j\u00f3venes y adultos, quienes recorrieron cerca de 8 kil\u00f3metros disfrutando de los paisajes naturales de esta localidad rural.<\/em><\/strong><\/p>\n\n\n\n<p class=\"wp-block-paragraph\">Con \u00e9xito se desarroll\u00f3 una nueva jornada de Trekking Familiar en la localidad de Huallillinga, iniciativa impulsada por la Oficina de Deportes y Recreaci\u00f3n de la Municipalidad de Ovalle, que reuni\u00f3 a m\u00e1s de 200 participantes en una jornada marcada por la actividad f\u00edsica, la naturaleza y la convivencia familiar.<\/p>\n\n\n\n<p class=\"wp-block-paragraph\">La actividad comenz\u00f3 en la cancha de f\u00fatbol de Huallillinga, desde donde los participantes iniciaron un recorrido de aproximadamente 8 kil\u00f3metros, que se extendi\u00f3 por cerca de tres horas y permiti\u00f3 a los asistentes disfrutar de los hermosos paisajes naturales de esta localidad rural, atravesando sectores de bosque, quebradas y distintos espacios que forman parte del entorno de Huallillinga.<\/p>\n\n\n\n<p class=\"wp-block-paragraph\">La jornada tuvo como principal objetivo promover la pr\u00e1ctica deportiva, los estilos de vida saludables y el contacto con la naturaleza, generando adem\u00e1s una instancia de encuentro y convivencia para personas de distintas edades. La alta convocatoria demostr\u00f3 el inter\u00e9s de la comunidad por participar en actividades deportivas al aire libre y con un marcado car\u00e1cter familiar.<\/p>\n\n\n\n<p class=\"wp-block-paragraph\">Al respecto, el alcalde de Ovalle, H\u00e9ctor Vega Campusano sostuvo que \u201cfue una excelente convocatoria, ya que m\u00e1s de 200 personas se animaron a participar y recorrieron cerca de 8 kil\u00f3metros, disfrutando de un entorno natural maravilloso y compartiendo una actividad deportiva en familia. Esto demuestra que nuestros vecinos y vecinas tienen muchas ganas de participar en este tipo de iniciativas y de contar con espacios para realizar actividad f\u00edsica al aire libre. Como municipio queremos que el deporte sea una actividad accesible para todos, y por eso hemos impulsado estas jornadas en distintos sectores de la comuna, incluyendo nuestras localidades rurales\u201d.<\/p>\n\n\n\n<p class=\"wp-block-paragraph\">Uno de los participantes, Jorge Olivares Pizarro, valor\u00f3 positivamente la experiencia e indic\u00f3 que fue una excelente iniciativa \u201cla posibilidad de conocer los paisajes de la localidad, sobre todo por la posibilidad de salir a un lugar exterior como este valle y recorrer todo este sector, que es realmente muy bonito. Es primera vez que participamos en una actividad de este tipo y estamos muy contentos. Son eventos muy buenos y esperamos poder seguir participando en futuras iniciativas\u201d.<\/p>\n\n\n\n<p class=\"wp-block-paragraph\">En tanto, Francisca Henr\u00edquez coment\u00f3 que decidi\u00f3 participar porque es una actividad al aire libre y muy entretenida, sobre todo para mi hija. Adem\u00e1s, todo lo relacionado con el deporte y la actividad f\u00edsica es muy importante y necesario en estos tiempos. Es primera vez que participamos en un trekking. Por lo general, asistimos a las corridas que organiza la municipalidad, especialmente las corridas familiares, pero esta es nuestra primera experiencia en un trekking y estamos muy contentos de participar\u201d.<\/p>\n\n\n\n<p class=\"wp-block-paragraph\">Para Javier Huerta, la jornada tambi\u00e9n represent\u00f3 una oportunidad para mantenerse activo y disfrutar del entorno y \u201caprovechar esta actividad y la distancia que tiene el recorrido, porque es una buena oportunidad para hacer ejercicio y disfrutar de este hermoso entorno\u201d.<\/p>\n\n\n\n<p class=\"wp-block-paragraph\">La actividad tambi\u00e9n cont\u00f3 con la participaci\u00f3n de adultos mayores, quienes destacaron la importancia de generar espacios para mantenerse activos. Jos\u00e9 Luis Reyes se\u00f1al\u00f3 que \u201ccomo somos de la tercera edad, tenemos que salir, caminar y mantenernos activos. Siempre nos indican y nos recomiendan hacer este tipo de actividades, as\u00ed que es una muy buena instancia para participar\u201d.<\/p>\n\n\n\n<p class=\"wp-block-paragraph\">Por su parte, el encargado de la Oficina de Deportes y Recreaci\u00f3n de la Municipalidad de Ovalle, V\u00edctor Cort\u00e9s, destac\u00f3 que esta actividad responde al objetivo de seguir acercando el deporte a las localidades rurales de la comuna. \u201cEstamos desarrollando una nueva instancia de actividad deportiva, que es justamente lo que nos ha solicitado el alcalde H\u00e9ctor Vega Campusano, que es seguir generando espacios para practicar deporte y acercar estas actividades a nuestros sectores rurales\u201d.<\/p>\n","protected":false},"excerpt":{"rendered":"<p>La iniciativa, impulsada por la Oficina de Deportes y Recreaci\u00f3n de la Municipalidad de Ovalle, convoc\u00f3 a familias, j\u00f3venes y adultos, quienes recorrieron cerca de 8 kil\u00f3metros disfrutando de los paisajes naturales de esta localidad rural. Con \u00e9xito se desarroll\u00f3 una nueva jornada de Trekking Familiar en la localidad de Huallillinga, iniciativa impulsada por la &#8230;<\/p>\n","protected":false},"author":2,"featured_media":0,"comment_status":"open","ping_status":"open","sticky":false,"template":"","format":"standard","meta":{"footnotes":""},"categories":[5],"tags":[],"class_list":["post-13884","post","type-post","status-publish","format-standard","hentry","category-actualidad-limarina"],"_links":{"self":[{"href":"https:\/\/www.radiolimari.cl\/index.php?rest_route=\/wp\/v2\/posts\/13884","targetHints":{"allow":["GET"]}}],"collection":[{"href":"https:\/\/www.radiolimari.cl\/index.php?rest_route=\/wp\/v2\/posts"}],"about":[{"href":"https:\/\/www.radiolimari.cl\/index.php?rest_route=\/wp\/v2\/types\/post"}],"author":[{"embeddable":true,"href":"https:\/\/www.radiolimari.cl\/index.php?rest_route=\/wp\/v2\/users\/2"}],"replies":[{"embeddable":true,"href":"https:\/\/www.radiolimari.cl\/index.php?rest_route=%2Fwp%2Fv2%2Fcomments&post=13884"}],"version-history":[{"count":1,"href":"https:\/\/www.radiolimari.cl\/index.php?rest_route=\/wp\/v2\/posts\/13884\/revisions"}],"predecessor-version":[{"id":13886,"href":"https:\/\/www.radiolimari.cl\/index.php?rest_route=\/wp\/v2\/posts\/13884\/revisions\/13886"}],"wp:attachment":[{"href":"https:\/\/www.radiolimari.cl\/index.php?rest_route=%2Fwp%2Fv2%2Fmedia&parent=13884"}],"wp:term":[{"taxonomy":"category","embeddable":true,"href":"https:\/\/www.radiolimari.cl\/index.php?rest_route=%2Fwp%2Fv2%2Fcategories&post=13884"},{"taxonomy":"post_tag","embeddable":true,"href":"https:\/\/www.radiolimari.cl\/index.php?rest_route=%2Fwp%2Fv2%2Ftags&post=13884"}],"curies":[{"name":"wp","href":"https:\/\/api.w.org\/{rel}","templated":true}]}}