{"id":13486,"date":"2026-05-01T20:38:19","date_gmt":"2026-05-01T20:38:19","guid":{"rendered":"https:\/\/www.radiolimari.cl\/?p=13486"},"modified":"2026-05-01T20:38:20","modified_gmt":"2026-05-01T20:38:20","slug":"pdi-y-gendarmeria-desarticulan-microtrafico-de-drogas-en-centro-de-detencion-preventiva-de-ovalle","status":"publish","type":"post","link":"https:\/\/www.radiolimari.cl\/?p=13486","title":{"rendered":"PDI Y GENDARMER\u00cdA DESARTICULAN MICROTR\u00c1FICO DE DROGAS EN CENTRO DE DETENCI\u00d3N PREVENTIVA DE OVALLE."},"content":{"rendered":"\n<figure class=\"wp-block-image size-large\"><a href=\"https:\/\/www.radiolimari.cl\/wp-content\/uploads\/2026\/05\/mt0-ovalle-penal.jpeg\"><img fetchpriority=\"high\" decoding=\"async\" width=\"904\" height=\"1024\" src=\"https:\/\/www.radiolimari.cl\/wp-content\/uploads\/2026\/05\/mt0-ovalle-penal-904x1024.jpeg\" alt=\"\" class=\"wp-image-13487\" srcset=\"https:\/\/www.radiolimari.cl\/wp-content\/uploads\/2026\/05\/mt0-ovalle-penal-904x1024.jpeg 904w, https:\/\/www.radiolimari.cl\/wp-content\/uploads\/2026\/05\/mt0-ovalle-penal-265x300.jpeg 265w, https:\/\/www.radiolimari.cl\/wp-content\/uploads\/2026\/05\/mt0-ovalle-penal-768x870.jpeg 768w, https:\/\/www.radiolimari.cl\/wp-content\/uploads\/2026\/05\/mt0-ovalle-penal-1356x1536.jpeg 1356w, https:\/\/www.radiolimari.cl\/wp-content\/uploads\/2026\/05\/mt0-ovalle-penal.jpeg 1412w\" sizes=\"(max-width: 904px) 100vw, 904px\" \/><\/a><\/figure>\n\n\n\n<p>Detectives del Modelo Territorial Cero (MT0) detuvieron a una mujer que, en horario de visita, portaba un centenar de sustancias il\u00edcitas dosificadas para comercializarlas entre los internos del recinto penal.<\/p>\n\n\n\n<p>Un procedimiento conjunto entre Gendarmer\u00eda de Chile y la PDI, evit\u00f3 el ingreso de coca\u00edna base, cannabis y f\u00e1rmacos psicotr\u00f3picos, al detectar a una mujer de 43 a\u00f1os, de nacionalidad chilena, que portaba m\u00e1s de cien contenedores con las drogas dosificadas.<\/p>\n\n\n\n<p>Funcionarios del Centro de Detenci\u00f3n Preventiva de Ovalle, advierten las sustancias dentro de bolsas y papelinas, durante el horario de visita.<\/p>\n\n\n\n<p>Por instrucci\u00f3n del Ministerio P\u00fablico, los detectives del Modelo Territorial Cero (MT0) desarrollaron las primeras diligencias en las dependencias del recinto penal.<\/p>\n\n\n\n<p>\u201cTras la coordinaci\u00f3n y el trabajo interinstitucional, personal especializado de nuestra unidad territorial se hace cargo de la investigaci\u00f3n. Al efectuar las pruebas de campo a las sustancias que portaba la mujer, los detectives establecen que \u00e9stas corresponden a coca\u00edna base, cannabis y f\u00e1rmacos psicotr\u00f3picos, procediendo con la detenci\u00f3n de la imputada por el delito flagrante de tr\u00e1fico de drogas en peque\u00f1as cantidades\u201d, inform\u00f3 el subprefecto Cristi\u00e1n Marambio, jefe de la Brigada de Investigaci\u00f3n Criminal Ovalle.<\/p>\n\n\n\n<p>Mediante diversas t\u00e9cnicas de investigaci\u00f3n, la PDI y Gendarmer\u00eda de Chile, logran establecer el destino de estas sustancias il\u00edcitas, avaluadas en m\u00e1s de un mill\u00f3n de pesos, que una red de microtr\u00e1fico intentaba comercializar al interior del centro penal.<\/p>\n\n\n\n<p>\u201cCon este procedimiento interagencial desarticulamos un foco de microtr\u00e1fico de drogas. La labor de an\u00e1lisis criminal e inteligencia policial determin\u00f3 que un interno de 39 a\u00f1os, con antecedentes por los delitos de tr\u00e1fico de drogas en peque\u00f1as cantidades y receptaci\u00f3n, pretend\u00eda vender estas sustancias il\u00edcitas entre la poblaci\u00f3n que permanece privada de libertad o cumpliendo condena, en el centro penitenciario\u201d, se\u00f1al\u00f3 el jefe de la Brigada de Investigaci\u00f3n Criminal Ovalle.<\/p>\n\n\n\n<p>La mujer detenida no tiene antecedentes y qued\u00f3 a disposici\u00f3n de la Fiscal\u00eda local de Ovalle, para la audiencia de control de detenci\u00f3n y formalizarla por infracci\u00f3n a la Ley 20.000, en el Juzgado de Garant\u00eda de la capital de la Provincia de Limar\u00ed.<\/p>\n","protected":false},"excerpt":{"rendered":"<p>Detectives del Modelo Territorial Cero (MT0) detuvieron a una mujer que, en horario de visita, portaba un centenar de sustancias il\u00edcitas dosificadas para comercializarlas entre los internos del recinto penal. Un procedimiento conjunto entre Gendarmer\u00eda de Chile y la PDI, evit\u00f3 el ingreso de coca\u00edna base, cannabis y f\u00e1rmacos psicotr\u00f3picos, al detectar a una mujer &#8230;<\/p>\n","protected":false},"author":2,"featured_media":13487,"comment_status":"open","ping_status":"open","sticky":false,"template":"","format":"standard","meta":{"footnotes":""},"categories":[3],"tags":[],"class_list":["post-13486","post","type-post","status-publish","format-standard","has-post-thumbnail","hentry","category-actualidad"],"_links":{"self":[{"href":"https:\/\/www.radiolimari.cl\/index.php?rest_route=\/wp\/v2\/posts\/13486","targetHints":{"allow":["GET"]}}],"collection":[{"href":"https:\/\/www.radiolimari.cl\/index.php?rest_route=\/wp\/v2\/posts"}],"about":[{"href":"https:\/\/www.radiolimari.cl\/index.php?rest_route=\/wp\/v2\/types\/post"}],"author":[{"embeddable":true,"href":"https:\/\/www.radiolimari.cl\/index.php?rest_route=\/wp\/v2\/users\/2"}],"replies":[{"embeddable":true,"href":"https:\/\/www.radiolimari.cl\/index.php?rest_route=%2Fwp%2Fv2%2Fcomments&post=13486"}],"version-history":[{"count":1,"href":"https:\/\/www.radiolimari.cl\/index.php?rest_route=\/wp\/v2\/posts\/13486\/revisions"}],"predecessor-version":[{"id":13488,"href":"https:\/\/www.radiolimari.cl\/index.php?rest_route=\/wp\/v2\/posts\/13486\/revisions\/13488"}],"wp:featuredmedia":[{"embeddable":true,"href":"https:\/\/www.radiolimari.cl\/index.php?rest_route=\/wp\/v2\/media\/13487"}],"wp:attachment":[{"href":"https:\/\/www.radiolimari.cl\/index.php?rest_route=%2Fwp%2Fv2%2Fmedia&parent=13486"}],"wp:term":[{"taxonomy":"category","embeddable":true,"href":"https:\/\/www.radiolimari.cl\/index.php?rest_route=%2Fwp%2Fv2%2Fcategories&post=13486"},{"taxonomy":"post_tag","embeddable":true,"href":"https:\/\/www.radiolimari.cl\/index.php?rest_route=%2Fwp%2Fv2%2Ftags&post=13486"}],"curies":[{"name":"wp","href":"https:\/\/api.w.org\/{rel}","templated":true}]}}