{"id":13483,"date":"2026-04-30T03:55:58","date_gmt":"2026-04-30T03:55:58","guid":{"rendered":"https:\/\/www.radiolimari.cl\/?p=13483"},"modified":"2026-04-30T03:55:59","modified_gmt":"2026-04-30T03:55:59","slug":"direccion-del-trabajo-fiscalizara-feriado-obligatorio-e-irrenunciable-del-1-de-mayo","status":"publish","type":"post","link":"https:\/\/www.radiolimari.cl\/?p=13483","title":{"rendered":"Direcci\u00f3n del Trabajo fiscalizar\u00e1 feriado obligatorio e irrenunciable del 1 de Mayo."},"content":{"rendered":"\n<figure class=\"wp-block-image size-full\"><a href=\"https:\/\/www.radiolimari.cl\/wp-content\/uploads\/2026\/04\/Comercio.jpeg\"><img fetchpriority=\"high\" decoding=\"async\" width=\"766\" height=\"443\" src=\"https:\/\/www.radiolimari.cl\/wp-content\/uploads\/2026\/04\/Comercio.jpeg\" alt=\"\" class=\"wp-image-13484\" srcset=\"https:\/\/www.radiolimari.cl\/wp-content\/uploads\/2026\/04\/Comercio.jpeg 766w, https:\/\/www.radiolimari.cl\/wp-content\/uploads\/2026\/04\/Comercio-300x173.jpeg 300w\" sizes=\"(max-width: 766px) 100vw, 766px\" \/><\/a><\/figure>\n\n\n\n<p><strong>El descanso para trabajadores del sector Comercio se extender\u00e1 entre las 21 horas del jueves 30 de abril y las 06:00 horas del s\u00e1bado 2 de mayo<\/strong>.<\/p>\n\n\n\n<p>La Direcci\u00f3n del Trabajo (DT), anunci\u00f3 la implementaci\u00f3n de un programa nacional de fiscalizaci\u00f3n con motivo del feriado obligatorio e irrenunciable del D\u00eda Internacional de los Trabajadores, que se extiende desde las 21:00 horas del jueves 30 de abril hasta las 06:00 horas del s\u00e1bado 2 de mayo de 2026.<\/p>\n\n\n\n<p>Este feriado, que beneficia a los trabajadores del comercio, es uno de los cinco establecidos por ley como obligatorios e irrenunciables, junto al 1 de enero, 18 y 19 de septiembre y 25 de diciembre.<\/p>\n\n\n\n<p>La Seremi del Trabajo, Andrea Barrera, destac\u00f3 la importancia del cumplimiento de esta normativa, se\u00f1alando que&nbsp;<em>\u201cla ley es clara en establecer que los trabajadores del comercio deben iniciar su descanso a m\u00e1s tardar a las 21:00 horas del d\u00eda anterior al feriado, salvo excepciones muy espec\u00edficas como los turnos rotativos. Este es un derecho laboral que debe ser respetado\u201d<\/em>.<\/p>\n\n\n\n<p>Asimismo, agreg\u00f3 que&nbsp;<em>\u201cel llamado a los empleadores es a organizar adecuadamente sus turnos y cumplir con el descanso obligatorio, evitando sanciones que pueden ser significativas y, sobre todo, resguardando los derechos de sus trabajadores\u201d<\/em>.<\/p>\n\n\n\n<p>La Direcci\u00f3n del Trabajo habilit\u00f3 un canal de denuncias trav\u00e9s del sitio web institucional y del Centro de Atenci\u00f3n Telef\u00f3nica (600 450 4000).<\/p>\n\n\n\n<p>Entre las principales infracciones se encuentran no otorgar el feriado obligatorio e irrenunciable, no respetar el descanso bianual para trabajadores exceptuados y no iniciar el descanso dentro del horario establecido. Las multas pueden alcanzar hasta 20 UTM por cada trabajador afectado, dependiendo del tama\u00f1o de la empresa.<\/p>\n\n\n\n<p>La DT record\u00f3 que, en caso de constatarse incumplimientos, se proceder\u00e1 a la suspensi\u00f3n inmediata de las actividades del local fiscalizado, adem\u00e1s de la aplicaci\u00f3n de sanciones administrativas correspondientes.<\/p>\n\n\n\n<p>Finalmente, la autoridad reiter\u00f3 que los locales atendidos directamente por sus due\u00f1os o familiares pueden funcionar durante este feriado, al no existir relaci\u00f3n laboral.<\/p>\n","protected":false},"excerpt":{"rendered":"<p>El descanso para trabajadores del sector Comercio se extender\u00e1 entre las 21 horas del jueves 30 de abril y las 06:00 horas del s\u00e1bado 2 de mayo. La Direcci\u00f3n del Trabajo (DT), anunci\u00f3 la implementaci\u00f3n de un programa nacional de fiscalizaci\u00f3n con motivo del feriado obligatorio e irrenunciable del D\u00eda Internacional de los Trabajadores, que &#8230;<\/p>\n","protected":false},"author":2,"featured_media":13484,"comment_status":"open","ping_status":"open","sticky":false,"template":"","format":"standard","meta":{"footnotes":""},"categories":[3],"tags":[],"class_list":["post-13483","post","type-post","status-publish","format-standard","has-post-thumbnail","hentry","category-actualidad"],"_links":{"self":[{"href":"https:\/\/www.radiolimari.cl\/index.php?rest_route=\/wp\/v2\/posts\/13483","targetHints":{"allow":["GET"]}}],"collection":[{"href":"https:\/\/www.radiolimari.cl\/index.php?rest_route=\/wp\/v2\/posts"}],"about":[{"href":"https:\/\/www.radiolimari.cl\/index.php?rest_route=\/wp\/v2\/types\/post"}],"author":[{"embeddable":true,"href":"https:\/\/www.radiolimari.cl\/index.php?rest_route=\/wp\/v2\/users\/2"}],"replies":[{"embeddable":true,"href":"https:\/\/www.radiolimari.cl\/index.php?rest_route=%2Fwp%2Fv2%2Fcomments&post=13483"}],"version-history":[{"count":1,"href":"https:\/\/www.radiolimari.cl\/index.php?rest_route=\/wp\/v2\/posts\/13483\/revisions"}],"predecessor-version":[{"id":13485,"href":"https:\/\/www.radiolimari.cl\/index.php?rest_route=\/wp\/v2\/posts\/13483\/revisions\/13485"}],"wp:featuredmedia":[{"embeddable":true,"href":"https:\/\/www.radiolimari.cl\/index.php?rest_route=\/wp\/v2\/media\/13484"}],"wp:attachment":[{"href":"https:\/\/www.radiolimari.cl\/index.php?rest_route=%2Fwp%2Fv2%2Fmedia&parent=13483"}],"wp:term":[{"taxonomy":"category","embeddable":true,"href":"https:\/\/www.radiolimari.cl\/index.php?rest_route=%2Fwp%2Fv2%2Fcategories&post=13483"},{"taxonomy":"post_tag","embeddable":true,"href":"https:\/\/www.radiolimari.cl\/index.php?rest_route=%2Fwp%2Fv2%2Ftags&post=13483"}],"curies":[{"name":"wp","href":"https:\/\/api.w.org\/{rel}","templated":true}]}}