{"id":13476,"date":"2026-04-27T00:49:09","date_gmt":"2026-04-27T00:49:09","guid":{"rendered":"https:\/\/www.radiolimari.cl\/?p=13476"},"modified":"2026-04-27T00:49:10","modified_gmt":"2026-04-27T00:49:10","slug":"monte-patria-expone-critica-situacion-hidrica-ante-comision-en-camara-de-diputados-y-solicita-medidas-urgentes-del-estado","status":"publish","type":"post","link":"https:\/\/www.radiolimari.cl\/?p=13476","title":{"rendered":"Monte Patria expone cr\u00edtica situaci\u00f3n h\u00eddrica ante Comisi\u00f3n en C\u00e1mara de Diputados y solicita medidas urgentes del Estado."},"content":{"rendered":"\n<figure class=\"wp-block-image size-large\"><a href=\"https:\/\/www.radiolimari.cl\/wp-content\/uploads\/2026\/04\/WhatsApp-Image-2026-04-22-at-10.42.52-AM-3.jpeg\"><img fetchpriority=\"high\" decoding=\"async\" width=\"1024\" height=\"768\" src=\"https:\/\/www.radiolimari.cl\/wp-content\/uploads\/2026\/04\/WhatsApp-Image-2026-04-22-at-10.42.52-AM-3-1024x768.jpeg\" alt=\"\" class=\"wp-image-13477\" srcset=\"https:\/\/www.radiolimari.cl\/wp-content\/uploads\/2026\/04\/WhatsApp-Image-2026-04-22-at-10.42.52-AM-3-1024x768.jpeg 1024w, https:\/\/www.radiolimari.cl\/wp-content\/uploads\/2026\/04\/WhatsApp-Image-2026-04-22-at-10.42.52-AM-3-300x225.jpeg 300w, https:\/\/www.radiolimari.cl\/wp-content\/uploads\/2026\/04\/WhatsApp-Image-2026-04-22-at-10.42.52-AM-3-768x576.jpeg 768w, https:\/\/www.radiolimari.cl\/wp-content\/uploads\/2026\/04\/WhatsApp-Image-2026-04-22-at-10.42.52-AM-3.jpeg 1280w\" sizes=\"(max-width: 1024px) 100vw, 1024px\" \/><\/a><\/figure>\n\n\n\n<p>Esta es la segunda vez que el alcalde montepatrino expone problem\u00e1ticas en esta comisi\u00f3n, mismas problem\u00e1ticas y nuevos factores.<\/p>\n\n\n\n<p>Con el objetivo de visibilizar la grave crisis h\u00eddrica que afecta al territorio, el alcalde de Monte Patria, Cristian Herrera, junto a dirigentes comunales, present\u00f3 ante la Comisi\u00f3n de Recursos H\u00eddricos la compleja realidad de la comuna.<\/p>\n\n\n\n<p>Durante la instancia, se expusieron cifras alarmantes que evidencian el impacto de esta crisis en la zona. Entre ellas, destaca que un 15% de la poblaci\u00f3n de los Valles Generosos ha debido emigrar en busca de mejores oportunidades, como consecuencia directa de la falta de agua y sus efectos en la econom\u00eda local.<\/p>\n\n\n\n<p>En materia de disponibilidad h\u00eddrica, se inform\u00f3 que, a abril de 2026, el embalse La Paloma alcanza apenas un 5% de su capacidad, mientras que el embalse Cogot\u00ed registra un 14%, niveles insuficientes para garantizar el abastecimiento y la actividad productiva en el mediano plazo.<\/p>\n\n\n\n<p>Asimismo, la crisis ha tenido un fuerte impacto en la agricultura, con la p\u00e9rdida de cerca de 10.000 hect\u00e1reas de riego en la \u00faltima d\u00e9cada, afectando directamente el empleo y el desarrollo econ\u00f3mico local. A esto se suma la creciente dependencia de camiones aljibe, de los cuales actualmente dependen cerca de 2.900 personas para su abastecimiento de agua.<\/p>\n\n\n\n<p>Frente a este escenario, el jefe comunal solicit\u00f3 al Estado la implementaci\u00f3n de medidas urgentes, entre ellas la declaraci\u00f3n de zona de emergencia h\u00eddrica, la generaci\u00f3n de empleos de emergencia, el desarrollo de obras de retenci\u00f3n de nieve y recarga de acu\u00edferos, la regularizaci\u00f3n de derechos de agua y el fortalecimiento de la tecnificaci\u00f3n del riego.<\/p>\n\n\n\n<p>\u201cPrimero, agradecer a la Comisi\u00f3n de Recursos H\u00eddricos, a su presidente y a la diputada Carolina Tello, quien nos permiti\u00f3 exponer nuevamente la realidad de nuestra comuna. Hoy vivimos una situaci\u00f3n compleja marcada por la estrechez h\u00eddrica, que est\u00e1 afectando profundamente a nuestras comunidades. Vemos c\u00f3mo muchas familias est\u00e1n abandonando el campo para trasladarse a otras ciudades en busca de mejores oportunidades, principalmente debido a la escasez de agua. Tambi\u00e9n planteamos la importancia de que, desde el Estado, se puedan impulsar soluciones concretas, especialmente en el fortalecimiento de los sistemas sanitarios rurales y en el desarrollo de proyectos que permitan mantener a nuestra gente en la ruralidad. Creemos que tuvimos una muy buena acogida, adem\u00e1s con el respaldo de nuestros dirigentes del R\u00edo Grande, R\u00edo Huatulame y R\u00edo Mostazal, quienes dieron a\u00fan m\u00e1s fuerza a nuestra postura,<\/p>\n\n\n\n<p>En ese sentido, es fundamental avanzar hacia un plan especial que permita abordar de manera integral la situaci\u00f3n que viven las zonas rurales, donde la migraci\u00f3n sigue aumentando producto de la crisis h\u00eddrica.\u201d, enfatiz\u00f3 el alcalde.<\/p>\n\n\n\n<p>Uno de los dirigentes que acompa\u00f1\u00f3 a el edil montepatrino, fue Ricardo Villal\u00f3n, quien destaco que \u201cNosotros llevamos varios a\u00f1os enfrentando esta situaci\u00f3n. Para que se entienda la magnitud, en nuestra zona ten\u00edamos una cooperativa que produc\u00eda cerca de 2 millones de kilos de uva, y hoy apenas alcanza los 40 mil kilos. Esto nos ha afectado much\u00edsimo. A eso se suma la problem\u00e1tica de la mosca de la fruta, lo que ha complicado a\u00fan m\u00e1s las producciones agr\u00edcolas. Hemos tenido serias dificultades con el riego: en algunos casos, el turno de agua demoraba hasta dos meses en llegar. Quienes contaban con estanques acumuladores lograron salvar parte de sus cultivos, pero hay muchos agricultores que simplemente vieron c\u00f3mo sus plantas se secaban. Por eso, a trav\u00e9s de esta instancia, estamos recurriendo al Estado, con la esperanza de que puedan destinarse recursos a la comuna que nos permitan reactivar la agricultura y apoyar a quienes hoy est\u00e1n profundamente afectados\u201d, finaliz\u00f3.<\/p>\n\n\n\n<p>Por su parte Manuel Echeverria, Presidente de la Junta de Vigilancia Colliguay, agreg\u00f3 \u201cYo creo que fue muy importante y muy relevante el tema que se ha tocado de las APR. Yo creo que es fundamental. El agua para el consumo humano es prioridad. El vital elemento es lo que necesitamos todos. M\u00e1s all\u00e1 de que todos queremos producir, queremos regarnos, queremos producir los campos, tratar de producir, cosechar, \u00bfno es cierto? Pero el agua, el consumo humano, est\u00e1 por sobre todas las cosas. Por lo tanto, yo creo que esta mesa fue s\u00faper importante. Yo qued\u00e9 m\u00e1s que contento, conforme con lo que se pudo expresar\u201d.<\/p>\n\n\n\n<p>Desde el municipio tambi\u00e9n se agradeci\u00f3 el respaldo y gesti\u00f3n de la diputada Carolina Tello, destacando su preocupaci\u00f3n por el mundo rural y su apoyo en la articulaci\u00f3n de esta instancia. Asimismo, se valor\u00f3 la participaci\u00f3n de los dirigentes Julio Araya, Ricardo Villal\u00f3n y Manuel Echeverr\u00eda, quienes acompa\u00f1aron esta importante gesti\u00f3n en representaci\u00f3n de la comunidad.<\/p>\n\n\n\n<p>La presentaci\u00f3n ante la comisi\u00f3n busca acelerar la implementaci\u00f3n de soluciones estructurales y de corto plazo, que permitan enfrentar una crisis que, lejos de disminuir, contin\u00faa agrav\u00e1ndose con el paso del tiempo.<\/p>\n\n\n\n<p>B\u00e1rbara P\u00e9rez Ortiz<br>Periodista<br>Licenciada en Comunicaci\u00f3n Social<\/p>\n","protected":false},"excerpt":{"rendered":"<p>Esta es la segunda vez que el alcalde montepatrino expone problem\u00e1ticas en esta comisi\u00f3n, mismas problem\u00e1ticas y nuevos factores. Con el objetivo de visibilizar la grave crisis h\u00eddrica que afecta al territorio, el alcalde de Monte Patria, Cristian Herrera, junto a dirigentes comunales, present\u00f3 ante la Comisi\u00f3n de Recursos H\u00eddricos la compleja realidad de la &#8230;<\/p>\n","protected":false},"author":2,"featured_media":13477,"comment_status":"open","ping_status":"open","sticky":false,"template":"","format":"standard","meta":{"footnotes":""},"categories":[5],"tags":[],"class_list":["post-13476","post","type-post","status-publish","format-standard","has-post-thumbnail","hentry","category-actualidad-limarina"],"_links":{"self":[{"href":"https:\/\/www.radiolimari.cl\/index.php?rest_route=\/wp\/v2\/posts\/13476","targetHints":{"allow":["GET"]}}],"collection":[{"href":"https:\/\/www.radiolimari.cl\/index.php?rest_route=\/wp\/v2\/posts"}],"about":[{"href":"https:\/\/www.radiolimari.cl\/index.php?rest_route=\/wp\/v2\/types\/post"}],"author":[{"embeddable":true,"href":"https:\/\/www.radiolimari.cl\/index.php?rest_route=\/wp\/v2\/users\/2"}],"replies":[{"embeddable":true,"href":"https:\/\/www.radiolimari.cl\/index.php?rest_route=%2Fwp%2Fv2%2Fcomments&post=13476"}],"version-history":[{"count":1,"href":"https:\/\/www.radiolimari.cl\/index.php?rest_route=\/wp\/v2\/posts\/13476\/revisions"}],"predecessor-version":[{"id":13478,"href":"https:\/\/www.radiolimari.cl\/index.php?rest_route=\/wp\/v2\/posts\/13476\/revisions\/13478"}],"wp:featuredmedia":[{"embeddable":true,"href":"https:\/\/www.radiolimari.cl\/index.php?rest_route=\/wp\/v2\/media\/13477"}],"wp:attachment":[{"href":"https:\/\/www.radiolimari.cl\/index.php?rest_route=%2Fwp%2Fv2%2Fmedia&parent=13476"}],"wp:term":[{"taxonomy":"category","embeddable":true,"href":"https:\/\/www.radiolimari.cl\/index.php?rest_route=%2Fwp%2Fv2%2Fcategories&post=13476"},{"taxonomy":"post_tag","embeddable":true,"href":"https:\/\/www.radiolimari.cl\/index.php?rest_route=%2Fwp%2Fv2%2Ftags&post=13476"}],"curies":[{"name":"wp","href":"https:\/\/api.w.org\/{rel}","templated":true}]}}