{"id":13473,"date":"2026-04-27T00:42:30","date_gmt":"2026-04-27T00:42:30","guid":{"rendered":"https:\/\/www.radiolimari.cl\/?p=13473"},"modified":"2026-04-27T00:42:31","modified_gmt":"2026-04-27T00:42:31","slug":"region-de-coquimbo-se-prepara-para-simulacro-de-sismo-y-tsunami-enfocado-en-comunidades-educativas","status":"publish","type":"post","link":"https:\/\/www.radiolimari.cl\/?p=13473","title":{"rendered":"Regi\u00f3n de Coquimbo se prepara para simulacro de sismo y tsunami enfocado en comunidades educativas."},"content":{"rendered":"\n<figure class=\"wp-block-gallery has-nested-images columns-default is-cropped wp-block-gallery-1 is-layout-flex wp-block-gallery-is-layout-flex\">\n<figure class=\"wp-block-image size-large\"><a href=\"https:\/\/www.radiolimari.cl\/wp-content\/uploads\/2026\/04\/WhatsApp-Image-2026-04-24-at-12.06.25.jpeg\"><img fetchpriority=\"high\" decoding=\"async\" width=\"1024\" height=\"576\" data-id=\"13474\" src=\"https:\/\/www.radiolimari.cl\/wp-content\/uploads\/2026\/04\/WhatsApp-Image-2026-04-24-at-12.06.25-1024x576.jpeg\" alt=\"\" class=\"wp-image-13474\" srcset=\"https:\/\/www.radiolimari.cl\/wp-content\/uploads\/2026\/04\/WhatsApp-Image-2026-04-24-at-12.06.25-1024x576.jpeg 1024w, https:\/\/www.radiolimari.cl\/wp-content\/uploads\/2026\/04\/WhatsApp-Image-2026-04-24-at-12.06.25-300x169.jpeg 300w, https:\/\/www.radiolimari.cl\/wp-content\/uploads\/2026\/04\/WhatsApp-Image-2026-04-24-at-12.06.25-768x432.jpeg 768w, https:\/\/www.radiolimari.cl\/wp-content\/uploads\/2026\/04\/WhatsApp-Image-2026-04-24-at-12.06.25.jpeg 1280w\" sizes=\"(max-width: 1024px) 100vw, 1024px\" \/><\/a><\/figure>\n<\/figure>\n\n\n\n<p>La invitaci\u00f3n es para que participen del ejercicio todos los establecimientos educacionales de la regi\u00f3n, incluso los de las comunas que no tienen borde costero.<\/p>\n\n\n\n<p><br>Con el objetivo de fortalecer la preparaci\u00f3n ante desastres naturales, las autoridades anunciaron la realizaci\u00f3n de un simulacro de sismo y tsunami programado para el pr\u00f3ximo 14 de mayo, instancia que estar\u00e1 especialmente dirigida a establecimientos educacionales de toda la regi\u00f3n de Coquimbo.<\/p>\n\n\n\n<p><br>El ejercicio es coordinado por SENAPRED y contempla la participaci\u00f3n de jardines infantiles, colegios, liceos e instituciones de educaci\u00f3n superior, promoviendo una cultura preventiva desde las primeras etapas formativas.<\/p>\n\n\n\n<p><br>El Delegado Presidencial Regional, V\u00edctor Pino, destac\u00f3 la importancia de estar siempre preparados considerando la historia s\u00edsmica de la zona. \u201cHace poco m\u00e1s de diez a\u00f1os vivimos un evento de alta magnitud en nuestra regi\u00f3n. Por lo tanto, es sumamente fundamental que podamos tener este tipo de operativos para fortalecer la respuesta de las escuelas, de los colegios, de los padres, apoderados y de las autoridades\u201d.<\/p>\n\n\n\n<p><br>El llamado es que todos los establecimientos participen del simulacro y para eso, adem\u00e1s de inscribirse en el sitio web de Senapred, cada recinto debe tener actualizado su Plan Integrado de Seguridad escolar que contempla a un profesional a cargo de la coordinaci\u00f3n y posterior evaluaci\u00f3n del ejercicio.<\/p>\n\n\n\n<p><br>\u201cEste plan permite tomar las medidas de resguardo hacia los ni\u00f1os en caso de una amenaza como un sismo, fortaleciendo as\u00ed la prevenci\u00f3n y la respuesta oportuna. Tener preparada a nuestra gente es fundamental, y en particular est\u00e1 focalizado en el sector educaci\u00f3n, desde jardines infantiles hasta educaci\u00f3n superior. La participaci\u00f3n es a nivel regional, no solo del borde costero, sino tambi\u00e9n de comunas del interior como Paihuano, R\u00edo Hurtado o Salamanca\u201d, explic\u00f3 el Director Regional de Senapred, \u00c1ngelo Hern\u00e1ndez<\/p>\n\n\n\n<p><br>Un foco especial estar\u00e1 puesto en los establecimientos ubicados en las comunas con zonas de inundaci\u00f3n del borde costero, La Higuera, La Serena, Coquimbo, Ovalle, Canela y Los Vilos, donde la evacuaci\u00f3n oportuna es clave para resguardar la vida.<br>\u201cEn estas comunas es fundamental la participaci\u00f3n, porque los estudiantes deben saber c\u00f3mo actuar y qu\u00e9 acciones adoptar para dirigirse a zonas seguras ante la amenaza de un tsunami\u201d, enfatiz\u00f3 el director de SENAPRED.<\/p>\n\n\n\n<p><br>Por su parte, el Seremi de Educaci\u00f3n, Marcelo Salvo, realiz\u00f3 un llamado a sumarse activamente a la jornada.<br>\u201cInvitamos a todas las unidades educativas a inscribirse y participar. En el caso de la educaci\u00f3n superior es voluntario, pero tambi\u00e9n es importante que se sumen para estar preparados ante cualquier situaci\u00f3n de emergencia real\u201d, indic\u00f3.<\/p>\n\n\n\n<p><br>Las autoridades reiteraron que este tipo de ejercicios permiten evaluar tiempos de respuesta, fortalecer protocolos y generar conciencia en la comunidad educativa, contribuyendo a una cultura preventiva en toda la regi\u00f3n.<br><br><\/p>\n\n\n\n<p><\/p>\n","protected":false},"excerpt":{"rendered":"<p>La invitaci\u00f3n es para que participen del ejercicio todos los establecimientos educacionales de la regi\u00f3n, incluso los de las comunas que no tienen borde costero. Con el objetivo de fortalecer la preparaci\u00f3n ante desastres naturales, las autoridades anunciaron la realizaci\u00f3n de un simulacro de sismo y tsunami programado para el pr\u00f3ximo 14 de mayo, instancia &#8230;<\/p>\n","protected":false},"author":2,"featured_media":13474,"comment_status":"open","ping_status":"open","sticky":false,"template":"","format":"standard","meta":{"footnotes":""},"categories":[3],"tags":[],"class_list":["post-13473","post","type-post","status-publish","format-standard","has-post-thumbnail","hentry","category-actualidad"],"_links":{"self":[{"href":"https:\/\/www.radiolimari.cl\/index.php?rest_route=\/wp\/v2\/posts\/13473","targetHints":{"allow":["GET"]}}],"collection":[{"href":"https:\/\/www.radiolimari.cl\/index.php?rest_route=\/wp\/v2\/posts"}],"about":[{"href":"https:\/\/www.radiolimari.cl\/index.php?rest_route=\/wp\/v2\/types\/post"}],"author":[{"embeddable":true,"href":"https:\/\/www.radiolimari.cl\/index.php?rest_route=\/wp\/v2\/users\/2"}],"replies":[{"embeddable":true,"href":"https:\/\/www.radiolimari.cl\/index.php?rest_route=%2Fwp%2Fv2%2Fcomments&post=13473"}],"version-history":[{"count":1,"href":"https:\/\/www.radiolimari.cl\/index.php?rest_route=\/wp\/v2\/posts\/13473\/revisions"}],"predecessor-version":[{"id":13475,"href":"https:\/\/www.radiolimari.cl\/index.php?rest_route=\/wp\/v2\/posts\/13473\/revisions\/13475"}],"wp:featuredmedia":[{"embeddable":true,"href":"https:\/\/www.radiolimari.cl\/index.php?rest_route=\/wp\/v2\/media\/13474"}],"wp:attachment":[{"href":"https:\/\/www.radiolimari.cl\/index.php?rest_route=%2Fwp%2Fv2%2Fmedia&parent=13473"}],"wp:term":[{"taxonomy":"category","embeddable":true,"href":"https:\/\/www.radiolimari.cl\/index.php?rest_route=%2Fwp%2Fv2%2Fcategories&post=13473"},{"taxonomy":"post_tag","embeddable":true,"href":"https:\/\/www.radiolimari.cl\/index.php?rest_route=%2Fwp%2Fv2%2Ftags&post=13473"}],"curies":[{"name":"wp","href":"https:\/\/api.w.org\/{rel}","templated":true}]}}