{"id":13394,"date":"2026-03-14T01:02:24","date_gmt":"2026-03-14T01:02:24","guid":{"rendered":"https:\/\/www.radiolimari.cl\/?p=13394"},"modified":"2026-03-14T01:02:25","modified_gmt":"2026-03-14T01:02:25","slug":"gobierno-presenta-a-nuevos-delegados-presidenciales-provinciales-de-limari-y-choapa","status":"publish","type":"post","link":"https:\/\/www.radiolimari.cl\/?p=13394","title":{"rendered":"Gobierno presenta a nuevos Delegados Presidenciales Provinciales de Limar\u00ed y Choapa."},"content":{"rendered":"\n<figure class=\"wp-block-gallery has-nested-images columns-default is-cropped wp-block-gallery-1 is-layout-flex wp-block-gallery-is-layout-flex\">\n<figure class=\"wp-block-image size-large\"><a href=\"https:\/\/www.radiolimari.cl\/wp-content\/uploads\/2026\/03\/DELEGADOS-PROVINCIALES-img_2113-2.jpeg\"><img fetchpriority=\"high\" decoding=\"async\" width=\"1024\" height=\"683\" data-id=\"13395\" src=\"https:\/\/www.radiolimari.cl\/wp-content\/uploads\/2026\/03\/DELEGADOS-PROVINCIALES-img_2113-2-1024x683.jpeg\" alt=\"\" class=\"wp-image-13395\" srcset=\"https:\/\/www.radiolimari.cl\/wp-content\/uploads\/2026\/03\/DELEGADOS-PROVINCIALES-img_2113-2-1024x683.jpeg 1024w, https:\/\/www.radiolimari.cl\/wp-content\/uploads\/2026\/03\/DELEGADOS-PROVINCIALES-img_2113-2-300x200.jpeg 300w, https:\/\/www.radiolimari.cl\/wp-content\/uploads\/2026\/03\/DELEGADOS-PROVINCIALES-img_2113-2-768x512.jpeg 768w, https:\/\/www.radiolimari.cl\/wp-content\/uploads\/2026\/03\/DELEGADOS-PROVINCIALES-img_2113-2-1536x1024.jpeg 1536w, https:\/\/www.radiolimari.cl\/wp-content\/uploads\/2026\/03\/DELEGADOS-PROVINCIALES-img_2113-2.jpeg 1599w\" sizes=\"(max-width: 1024px) 100vw, 1024px\" \/><\/a><\/figure>\n<\/figure>\n\n\n\n<p>Iv\u00f3n Guerra asumir\u00e1 la Delegaci\u00f3n Presidencial Provincial del Limar\u00ed y Cristian Rondanelli en Choapa, con el desaf\u00edo de fortalecer la seguridad, el trabajo territorial y la coordinaci\u00f3n con las comunidades.<\/p>\n\n\n\n<p>El Delegado Presidencial Regional, V\u00edctor Pino, se traslad\u00f3 hasta las provincias de nuestra regi\u00f3n para presentar oficialmente a los nuevos Delegados Presidenciales Provinciales de Limar\u00ed y Choapa, destacando la importancia de contar con autoridades con conocimiento del territorio y experiencia en el trabajo con las comunidades.<\/p>\n\n\n\n<p>La autoridad regional se\u00f1al\u00f3 que cada provincia enfrenta realidades distintas, por lo que se requiere liderazgo local para abordar sus desaf\u00edos. \u201cNecesitamos gente con experiencia en torno a lo que ocurre en cada una de las provincias. No podemos llevar a alguien desde la provincia de Elqui a la provincia del Choapa o viceversa, porque los territorios son muy distintos y tambi\u00e9n lo son las realidades de su gente\u201d, afirm\u00f3 el Delegado Pino.<\/p>\n\n\n\n<p>\u201cEstamos muy contentos. Le damos la bienvenida a la Delegada Iv\u00f3n Guerra en la Provincia de Limar\u00ed y al Delegado Cristian Rondanelli en Choapa.<\/p>\n\n\n\n<p>Esperamos que este equipo, junto a m\u00ed, como Delegado Presidencial Regional, pueda liderar esta regi\u00f3n y representar al Presidente Jos\u00e9 Antonio Kast para llevar a nuestra gente lo que tanto merece y que tanta falta les ha hecho en este tiempo\u201d, se\u00f1al\u00f3.<\/p>\n\n\n\n<p>El perfil de los nuevos delegados provinciales.<\/p>\n\n\n\n<p>La nueva Delegada Presidencial Provincial del Limar\u00ed, Iv\u00f3n Guerra Aguilera, es periodista y licenciada en Comunicaci\u00f3n Social de la Universidad Arcis, con una amplia trayectoria en el servicio p\u00fablico, las comunicaciones y el trabajo con organizaciones sociales.<\/p>\n\n\n\n<figure class=\"wp-block-gallery has-nested-images columns-default is-cropped wp-block-gallery-2 is-layout-flex wp-block-gallery-is-layout-flex\">\n<figure class=\"wp-block-image size-large\"><a href=\"https:\/\/www.radiolimari.cl\/wp-content\/uploads\/2026\/03\/DELEGADOS-PROVINCIALES-img_2113-1.jpeg\"><img decoding=\"async\" width=\"1024\" height=\"683\" data-id=\"13396\" src=\"https:\/\/www.radiolimari.cl\/wp-content\/uploads\/2026\/03\/DELEGADOS-PROVINCIALES-img_2113-1-1024x683.jpeg\" alt=\"\" class=\"wp-image-13396\" srcset=\"https:\/\/www.radiolimari.cl\/wp-content\/uploads\/2026\/03\/DELEGADOS-PROVINCIALES-img_2113-1-1024x683.jpeg 1024w, https:\/\/www.radiolimari.cl\/wp-content\/uploads\/2026\/03\/DELEGADOS-PROVINCIALES-img_2113-1-300x200.jpeg 300w, https:\/\/www.radiolimari.cl\/wp-content\/uploads\/2026\/03\/DELEGADOS-PROVINCIALES-img_2113-1-768x512.jpeg 768w, https:\/\/www.radiolimari.cl\/wp-content\/uploads\/2026\/03\/DELEGADOS-PROVINCIALES-img_2113-1-1536x1024.jpeg 1536w, https:\/\/www.radiolimari.cl\/wp-content\/uploads\/2026\/03\/DELEGADOS-PROVINCIALES-img_2113-1.jpeg 1599w\" sizes=\"(max-width: 1024px) 100vw, 1024px\" \/><\/a><\/figure>\n<\/figure>\n\n\n\n<p>Entre 2018 y 2022 se desempe\u00f1\u00f3 como Seremi de la Mujer y Equidad de G\u00e9nero de la Regi\u00f3n de Coquimbo, liderando la implementaci\u00f3n de pol\u00edticas p\u00fablicas orientadas a fortalecer los derechos de las mujeres y el trabajo territorial en la regi\u00f3n.<\/p>\n\n\n\n<p>\u201cLa delincuencia no se puede tomar las casas ni los barrios. Queremos que las familias no sientan m\u00e1s miedo. Ac\u00e1 quienes tienen que sentir miedo son los delincuentes y los narcotraficantes que est\u00e1n asediando a tantos j\u00f3venes y que se est\u00e1n perdiendo en ese oscuro mundo de la droga. Adem\u00e1s, somos el epicentro de la escasez h\u00eddrica, por lo tanto, no queremos m\u00e1s diagn\u00f3stico, queremos acci\u00f3n. Para ello vamos a trabajar fuertemente con todos los alcaldes de la provincia\u201d, sostuvo la Delegada.<\/p>\n\n\n\n<p>Mientras que el nuevo Delegado Presidencial Provincial del Choapa, Cristian Rondanelli Orrego, es administrador p\u00fablico de UNIACC y cuenta con m\u00e1s de 15 a\u00f1os de experiencia en gesti\u00f3n p\u00fablica y trabajo territorial, adem\u00e1s cuenta con m\u00faltiples diplomados, entre ellos uno en ESG de la Pontificia Universidad Cat\u00f3lica de Chile.<\/p>\n\n\n\n<figure class=\"wp-block-image size-large\"><a href=\"https:\/\/www.radiolimari.cl\/wp-content\/uploads\/2026\/03\/DELEGADOS-PROVINCIALES-img_2113-4.jpeg\"><img decoding=\"async\" width=\"1024\" height=\"683\" src=\"https:\/\/www.radiolimari.cl\/wp-content\/uploads\/2026\/03\/DELEGADOS-PROVINCIALES-img_2113-4-1024x683.jpeg\" alt=\"\" class=\"wp-image-13397\" srcset=\"https:\/\/www.radiolimari.cl\/wp-content\/uploads\/2026\/03\/DELEGADOS-PROVINCIALES-img_2113-4-1024x683.jpeg 1024w, https:\/\/www.radiolimari.cl\/wp-content\/uploads\/2026\/03\/DELEGADOS-PROVINCIALES-img_2113-4-300x200.jpeg 300w, https:\/\/www.radiolimari.cl\/wp-content\/uploads\/2026\/03\/DELEGADOS-PROVINCIALES-img_2113-4-768x512.jpeg 768w, https:\/\/www.radiolimari.cl\/wp-content\/uploads\/2026\/03\/DELEGADOS-PROVINCIALES-img_2113-4-1536x1024.jpeg 1536w, https:\/\/www.radiolimari.cl\/wp-content\/uploads\/2026\/03\/DELEGADOS-PROVINCIALES-img_2113-4.jpeg 1599w\" sizes=\"(max-width: 1024px) 100vw, 1024px\" \/><\/a><\/figure>\n\n\n\n<p>Durante dos periodos consecutivos se desempe\u00f1\u00f3 como Consejero Regional de la Regi\u00f3n de Coquimbo, donde presidi\u00f3 comisiones estrat\u00e9gicas vinculadas a salud, recursos h\u00eddricos, fomento productivo y desarrollo regional, manteniendo un permanente v\u00ednculo con comunidades y organizaciones del territorio.<\/p>\n\n\n\n<p>\u201cEs un gran desaf\u00edo, tenemos grandes metas que cumplir, entre ellas poder reactivar la econom\u00eda del pa\u00eds, poder brindar seguridad a la gente, que es lo que m\u00e1s se busca, y en eso vamos a estar enfocados cien por ciento\u201d, coment\u00f3 el Delegado Rondanelli.<\/p>\n","protected":false},"excerpt":{"rendered":"<p>Iv\u00f3n Guerra asumir\u00e1 la Delegaci\u00f3n Presidencial Provincial del Limar\u00ed y Cristian Rondanelli en Choapa, con el desaf\u00edo de fortalecer la seguridad, el trabajo territorial y la coordinaci\u00f3n con las comunidades. El Delegado Presidencial Regional, V\u00edctor Pino, se traslad\u00f3 hasta las provincias de nuestra regi\u00f3n para presentar oficialmente a los nuevos Delegados Presidenciales Provinciales de Limar\u00ed &#8230;<\/p>\n","protected":false},"author":2,"featured_media":13396,"comment_status":"open","ping_status":"open","sticky":false,"template":"","format":"standard","meta":{"footnotes":""},"categories":[6],"tags":[],"class_list":["post-13394","post","type-post","status-publish","format-standard","has-post-thumbnail","hentry","category-regionales"],"_links":{"self":[{"href":"https:\/\/www.radiolimari.cl\/index.php?rest_route=\/wp\/v2\/posts\/13394","targetHints":{"allow":["GET"]}}],"collection":[{"href":"https:\/\/www.radiolimari.cl\/index.php?rest_route=\/wp\/v2\/posts"}],"about":[{"href":"https:\/\/www.radiolimari.cl\/index.php?rest_route=\/wp\/v2\/types\/post"}],"author":[{"embeddable":true,"href":"https:\/\/www.radiolimari.cl\/index.php?rest_route=\/wp\/v2\/users\/2"}],"replies":[{"embeddable":true,"href":"https:\/\/www.radiolimari.cl\/index.php?rest_route=%2Fwp%2Fv2%2Fcomments&post=13394"}],"version-history":[{"count":1,"href":"https:\/\/www.radiolimari.cl\/index.php?rest_route=\/wp\/v2\/posts\/13394\/revisions"}],"predecessor-version":[{"id":13398,"href":"https:\/\/www.radiolimari.cl\/index.php?rest_route=\/wp\/v2\/posts\/13394\/revisions\/13398"}],"wp:featuredmedia":[{"embeddable":true,"href":"https:\/\/www.radiolimari.cl\/index.php?rest_route=\/wp\/v2\/media\/13396"}],"wp:attachment":[{"href":"https:\/\/www.radiolimari.cl\/index.php?rest_route=%2Fwp%2Fv2%2Fmedia&parent=13394"}],"wp:term":[{"taxonomy":"category","embeddable":true,"href":"https:\/\/www.radiolimari.cl\/index.php?rest_route=%2Fwp%2Fv2%2Fcategories&post=13394"},{"taxonomy":"post_tag","embeddable":true,"href":"https:\/\/www.radiolimari.cl\/index.php?rest_route=%2Fwp%2Fv2%2Ftags&post=13394"}],"curies":[{"name":"wp","href":"https:\/\/api.w.org\/{rel}","templated":true}]}}