{"id":13391,"date":"2026-03-13T23:10:42","date_gmt":"2026-03-13T23:10:42","guid":{"rendered":"https:\/\/www.radiolimari.cl\/?p=13391"},"modified":"2026-03-13T23:10:43","modified_gmt":"2026-03-13T23:10:43","slug":"ministro-de-hacienda-jorge-quiroz-junto-a-la-ministra-de-energia-ximena-rincon-encabezan-reunion-de-trabajo-para-analizar-cursos-de-accion-ante-alza-internacional-del-petroleo","status":"publish","type":"post","link":"https:\/\/www.radiolimari.cl\/?p=13391","title":{"rendered":"Ministro de Hacienda, Jorge Quiroz, junto a la ministra de Energ\u00eda,\u00a0Ximena Rinc\u00f3n, encabezan reuni\u00f3n de trabajo para analizar cursos de acci\u00f3n ante alza internacional del petr\u00f3leo"},"content":{"rendered":"\n<figure class=\"wp-block-gallery has-nested-images columns-default is-cropped wp-block-gallery-1 is-layout-flex wp-block-gallery-is-layout-flex\">\n<figure class=\"wp-block-image size-large\"><a href=\"https:\/\/www.radiolimari.cl\/wp-content\/uploads\/2026\/03\/WhatsApp-Image-2026-03-13-at-7.40.38-PM-1.jpeg\"><img fetchpriority=\"high\" decoding=\"async\" width=\"1024\" height=\"683\" data-id=\"13392\" src=\"https:\/\/www.radiolimari.cl\/wp-content\/uploads\/2026\/03\/WhatsApp-Image-2026-03-13-at-7.40.38-PM-1-1024x683.jpeg\" alt=\"\" class=\"wp-image-13392\" srcset=\"https:\/\/www.radiolimari.cl\/wp-content\/uploads\/2026\/03\/WhatsApp-Image-2026-03-13-at-7.40.38-PM-1-1024x683.jpeg 1024w, https:\/\/www.radiolimari.cl\/wp-content\/uploads\/2026\/03\/WhatsApp-Image-2026-03-13-at-7.40.38-PM-1-300x200.jpeg 300w, https:\/\/www.radiolimari.cl\/wp-content\/uploads\/2026\/03\/WhatsApp-Image-2026-03-13-at-7.40.38-PM-1-768x512.jpeg 768w, https:\/\/www.radiolimari.cl\/wp-content\/uploads\/2026\/03\/WhatsApp-Image-2026-03-13-at-7.40.38-PM-1-1536x1024.jpeg 1536w, https:\/\/www.radiolimari.cl\/wp-content\/uploads\/2026\/03\/WhatsApp-Image-2026-03-13-at-7.40.38-PM-1.jpeg 1600w\" sizes=\"(max-width: 1024px) 100vw, 1024px\" \/><\/a><\/figure>\n<\/figure>\n\n\n\n<p>La instancia reuni\u00f3 a autoridades econ\u00f3micas y del sector energ\u00e9tico para revisar el impacto del reciente aumento en el precio del petr\u00f3leo que ha subido cerca de 37% en la&nbsp;<\/p>\n\n\n\n<p>\u00faltima semana, la mayor alza desde 1985 &#8211; y coordinar el trabajo t\u00e9cnico.<\/p>\n\n\n\n<p>Santiago , 13 de marzo de 2025 .<\/p>\n\n\n\n<p>El ministro de Hacienda, Jorge Quiroz, y la ministra de Energ\u00eda, Ximena Rinc\u00f3n, encabezaron este viernes en el Ministerio de Hacienda una reuni\u00f3n de trabajo especial sobre los efectos del aumento del precio del petr\u00f3leo en el pa\u00eds debido al escenario internacional marcado por el conflicto b\u00e9lico en Medio Oriente.<\/p>\n\n\n\n<p>En la instancia participaron, adem\u00e1s del ministro Quiroz y la ministra Rinc\u00f3n, el subsecretario del&nbsp;<\/p>\n\n\n\n<p>Ministerio de Energ\u00eda, Hugo Briones; el gerente general de ENAP, Julio Friedmann; el director de la&nbsp;<\/p>\n\n\n\n<p>Dipres, Jos\u00e9 Pablo G\u00f3mez, junto a miembros de su equipo; el coordinador Macroecon\u00f3mico del&nbsp;<\/p>\n\n\n\n<p>Ministerio de Hacienda, Alejandro Guin Po, y el director de Estudios y Pricing de ENAP, Carlos Acevedo.<\/p>\n\n\n\n<p>Durante la reuni\u00f3n se revisaron antecedentes sobre la evoluci\u00f3n reciente del precio del petr\u00f3leo,&nbsp;<\/p>\n\n\n\n<p>que ha aumentado cerca de 37% en la \u00faltima semana &#8211; la mayor alza observada desde 1985 &#8211; , as\u00ed&nbsp;<\/p>\n\n\n\n<p>como los posibles escenarios y mecanismos disponibles para enfrent ar sus efectos en el pa\u00eds.<\/p>\n\n\n\n<p>\u201cEstamos enfrentando un contexto internacional complejo, marcado por una fuerte alza en los precios del petr\u00f3leo. Chile es una econom\u00eda abierta y, por lo tanto, no est\u00e1 ajena a estos cambios.&nbsp;<\/p>\n\n\n\n<p>Como Gobierno estamos analizando la situaci\u00f3n con sentido de urgencia y trabajando para evaluar los cursos de acci\u00f3n m\u00e1s adecuados\u201d, se\u00f1al\u00f3 el ministro Jorge Quiroz durante la ma\u00f1ana.&nbsp;<\/p>\n\n\n\n<p>Las autoridades continuar\u00e1n realizando un seguimiento permanente de la evoluci\u00f3n de los&nbsp;<\/p>\n\n\n\n<p>mercados internacionales y de sus impactos en la econom\u00eda local, en coordinaci\u00f3n entre los equipos del Ministerio de Hacienda, el Ministerio de Energ\u00eda y los organismos t\u00e9cnicos&nbsp;<\/p>\n\n\n\n<p>correspondientes.<\/p>\n","protected":false},"excerpt":{"rendered":"<p>La instancia reuni\u00f3 a autoridades econ\u00f3micas y del sector energ\u00e9tico para revisar el impacto del reciente aumento en el precio del petr\u00f3leo que ha subido cerca de 37% en la&nbsp; \u00faltima semana, la mayor alza desde 1985 &#8211; y coordinar el trabajo t\u00e9cnico. Santiago , 13 de marzo de 2025 . El ministro de Hacienda, &#8230;<\/p>\n","protected":false},"author":2,"featured_media":13392,"comment_status":"open","ping_status":"open","sticky":false,"template":"","format":"standard","meta":{"footnotes":""},"categories":[3],"tags":[],"class_list":["post-13391","post","type-post","status-publish","format-standard","has-post-thumbnail","hentry","category-actualidad"],"_links":{"self":[{"href":"https:\/\/www.radiolimari.cl\/index.php?rest_route=\/wp\/v2\/posts\/13391","targetHints":{"allow":["GET"]}}],"collection":[{"href":"https:\/\/www.radiolimari.cl\/index.php?rest_route=\/wp\/v2\/posts"}],"about":[{"href":"https:\/\/www.radiolimari.cl\/index.php?rest_route=\/wp\/v2\/types\/post"}],"author":[{"embeddable":true,"href":"https:\/\/www.radiolimari.cl\/index.php?rest_route=\/wp\/v2\/users\/2"}],"replies":[{"embeddable":true,"href":"https:\/\/www.radiolimari.cl\/index.php?rest_route=%2Fwp%2Fv2%2Fcomments&post=13391"}],"version-history":[{"count":1,"href":"https:\/\/www.radiolimari.cl\/index.php?rest_route=\/wp\/v2\/posts\/13391\/revisions"}],"predecessor-version":[{"id":13393,"href":"https:\/\/www.radiolimari.cl\/index.php?rest_route=\/wp\/v2\/posts\/13391\/revisions\/13393"}],"wp:featuredmedia":[{"embeddable":true,"href":"https:\/\/www.radiolimari.cl\/index.php?rest_route=\/wp\/v2\/media\/13392"}],"wp:attachment":[{"href":"https:\/\/www.radiolimari.cl\/index.php?rest_route=%2Fwp%2Fv2%2Fmedia&parent=13391"}],"wp:term":[{"taxonomy":"category","embeddable":true,"href":"https:\/\/www.radiolimari.cl\/index.php?rest_route=%2Fwp%2Fv2%2Fcategories&post=13391"},{"taxonomy":"post_tag","embeddable":true,"href":"https:\/\/www.radiolimari.cl\/index.php?rest_route=%2Fwp%2Fv2%2Ftags&post=13391"}],"curies":[{"name":"wp","href":"https:\/\/api.w.org\/{rel}","templated":true}]}}