{"id":13382,"date":"2026-03-13T21:57:48","date_gmt":"2026-03-13T21:57:48","guid":{"rendered":"https:\/\/www.radiolimari.cl\/?p=13382"},"modified":"2026-03-13T21:57:49","modified_gmt":"2026-03-13T21:57:49","slug":"se-conformo-oficialmente-la-asociacion-de-municipalidades-de-la-provincia-del-choapa","status":"publish","type":"post","link":"https:\/\/www.radiolimari.cl\/?p=13382","title":{"rendered":"Se conform\u00f3 oficialmente la\u00a0 Asociaci\u00f3n de Municipalidades de la Provincia del Choapa."},"content":{"rendered":"\n<figure class=\"wp-block-image size-large\"><a href=\"https:\/\/www.radiolimari.cl\/wp-content\/uploads\/2026\/03\/DSC02766.JPG.jpg-scaled.jpeg\"><img fetchpriority=\"high\" decoding=\"async\" width=\"1024\" height=\"684\" src=\"https:\/\/www.radiolimari.cl\/wp-content\/uploads\/2026\/03\/DSC02766.JPG.jpg-1024x684.jpeg\" alt=\"\" class=\"wp-image-13383\" srcset=\"https:\/\/www.radiolimari.cl\/wp-content\/uploads\/2026\/03\/DSC02766.JPG.jpg-1024x684.jpeg 1024w, https:\/\/www.radiolimari.cl\/wp-content\/uploads\/2026\/03\/DSC02766.JPG.jpg-300x200.jpeg 300w, https:\/\/www.radiolimari.cl\/wp-content\/uploads\/2026\/03\/DSC02766.JPG.jpg-768x513.jpeg 768w, https:\/\/www.radiolimari.cl\/wp-content\/uploads\/2026\/03\/DSC02766.JPG.jpg-1536x1027.jpeg 1536w, https:\/\/www.radiolimari.cl\/wp-content\/uploads\/2026\/03\/DSC02766.JPG.jpg-2048x1369.jpeg 2048w\" sizes=\"(max-width: 1024px) 100vw, 1024px\" \/><\/a><\/figure>\n\n\n\n<p><em>Autoridades de Canela, Illapel, Los Vilos y Salamanca participaron del acto oficial que marca la constituci\u00f3n de esta nueva instancia con el objetivo de consolidar una agenda de trabajo en conjunto, para consolidar proyectos de impacto para la provincia y as\u00ed avanzar juntos planificaci\u00f3n m\u00e1s coordinada y equitativa para el desarrollo del Choapa.<\/em><\/p>\n\n\n\n<p>En una significativa ceremonia realizada en la&nbsp;<strong>Plaza de Armas de Illapel<\/strong>, se llev\u00f3 a cabo el acto oficial de conformaci\u00f3n de la&nbsp;<strong>Asociaci\u00f3n de Municipalidades de la Provincia de Choapa<\/strong>, instancia que formaliza el trabajo colaborativo entre las comunas de&nbsp;<strong>Canela, Illapel, Los Vilos y Salamanca<\/strong>, con el objetivo de fortalecer la coordinaci\u00f3n territorial y avanzar iniciativas que contribuyan significativamente al&nbsp;<strong>desarrollo integral de la Provincia<\/strong>.<\/p>\n\n\n\n<p>Este importante paso es el resultado de un proceso de trabajo desarrollado durante los \u00faltimos meses en las 4 comunas de la provincia, el cual contempl\u00f3 diversas jornadas de coordinaci\u00f3n entre&nbsp;<strong>Alcalde, Concejos Municipales y Equipos T\u00e9cnicos<\/strong>, donde se revisaron&nbsp;<strong>Estatutos, el funcionamiento de esta organizaci\u00f3n y los principales lineamientos<\/strong>&nbsp;que ser\u00e1n la&nbsp;<strong>gu\u00eda para el trabajo<\/strong>&nbsp;en conjunto de la asociaci\u00f3n.<\/p>\n\n\n\n<p>Con respecto a la conformaci\u00f3n de la asociaci\u00f3n, la importancia que tiene y los principales temas a tratar en conjunto, el&nbsp;<strong>alcalde de Illapel y 1er presidente de la Asociaci\u00f3n de Municipalidades de la Provincia del Choapa, Denis Cort\u00e9s Aguilera<\/strong>, se\u00f1al\u00f3,&nbsp;<em>\u201cPara toda la provincia del Choapa es importante la conformaci\u00f3n de esta asociaci\u00f3n. Hoy nos hemos unido concejales, concejalas y alcaldes para tener una visi\u00f3n com\u00fan de los distintos temas que nos afectan, pero tambi\u00e9n de los desaf\u00edos futuros y lo hermoso que es esta provincia. (&#8230;) Hoy hemos hecho historia cada uno de los concejos municipales conformando esta asociaci\u00f3n y esperamos que el trabajo siga primando la unidad con el \u00fanico prop\u00f3sito de llevar soluciones y mejores condiciones de vida a nuestros vecinos y vecinas de la provincia del Choapa\u201d.<\/em><\/p>\n\n\n\n<p>Esta nueva asociaci\u00f3n se proyecta como una herramienta estrat\u00e9gica para&nbsp;<strong>fortalecer la gesti\u00f3n territorial y promover el desarrollo provincial<\/strong>&nbsp;en \u00e1reas de vital importancia como la&nbsp;<strong>Conectividad Vial y Digital, Turismo, Fomento Productivo, Infraestructura P\u00fablica, Seguridad, Salud, Medio Ambiente<\/strong>&nbsp;y otras materias que son de&nbsp;<strong>total prioridad para las comunas del territorio<\/strong>.<\/p>\n\n\n\n<p><em>\u201cCreemos que hoy d\u00eda tambi\u00e9n una valoraci\u00f3n del trabajo que estamos haciendo cada uno de nuestros municipios y esa experiencia que hemos ganado en estos a\u00f1os justamente debe estar a disposici\u00f3n de esta asociaci\u00f3n, porque como lo dec\u00edamos al principio, las necesidades de Choapa, de cada una de las cuatro comunas, no tiene color pol\u00edtico. As\u00ed que hoy d\u00eda celebramos esta iniciativa y por supuesto seguiremos trabajando en conjunto en beneficio de nuestros ciudadanos, de nuestras ciudadanas, de esta hermosa provincia que se llama Choapa\u201d<\/em>, esto afirm\u00f3 el&nbsp;<strong>alcalde de Los Vilos y vicepresidente de la Asociaci\u00f3n de Municipalidades de la Provincia del Choapa, Christian Gross Hidalgo<\/strong>&nbsp;en relaci\u00f3n al trabajo realizado en conjunto por las 4 comunas de la provincia y como el beneficio de los vecinos y vecinas del Choapa es la prioridad de esta organizaci\u00f3n.<\/p>\n\n\n\n<p>Sobre esta nueva organizaci\u00f3n para el Choapa y los principales desaf\u00edos que tendr\u00e1n, el&nbsp;<strong>concejal de Illapel y secretario de la Asociaci\u00f3n de Municipalidades de la Provincia del Choapa, Eduardo Cort\u00e9s M\u00e1nquez<\/strong>, declar\u00f3,<em>&nbsp;\u201cun gran y lindo desaf\u00edo que comenzamos a trabajar ya hace varios meses junto a los concejales, tambi\u00e9n muy apoyado tambi\u00e9n por nuestros alcaldes, que estuvimos visitando las diferentes comunas de nuestra provincia del Choapa y claramente hoy en d\u00eda ya concretamos algo bonito para la provincia. S\u00e9 que vienen grandes desaf\u00edos. Escuchaba reci\u00e9n a los alcaldes hablar de conectividad, de seguridad p\u00fablica, salud, medio ambiente, temas relevantes como el agua, que hoy en d\u00eda tambi\u00e9n nos preocupa bastante. As\u00ed que esperamos tambi\u00e9n poder hacer un gran trabajo por nuestra provincia del Choapa\u201d.<\/em><\/p>\n\n\n\n<p>Al finalizar esta actividad el&nbsp;<strong>nuevo delegado presidencial regional, V\u00edctor Pino<\/strong>, se refiri\u00f3 a esta nueva organizaci\u00f3n y la importancia que tiene el desarrollo para la 4 comunas del Choapa,&nbsp;<em>\u201cEs fundamental dar se\u00f1ales potentes para el desarrollo de la regi\u00f3n, para combatir la delincuencia, para hacer que las personas vivan mejor. Hay que dar se\u00f1ales de unidad tal como hoy los alcaldes acaban de concretar con esta estructura para enfocar los problemas de la Provincia del Choapa y eso es algo que valoro y que vamos a apoyar hacia el futuro\u201d<\/em>, esto dijo la autoridad regional.<\/p>\n\n\n\n<p>Con la conformaci\u00f3n oficial en esta instancia, las comunas de Canela, Illapel, Los Vilos y Salamanca&nbsp;<strong>consolidan una agenda de trabajo en com\u00fan<\/strong>&nbsp;orientada a impulsar proyectos de mayor impacto para la provincia, facilitar la gesti\u00f3n de recursos regionales y nacionales, adem\u00e1s de&nbsp;<strong>avanzar juntos hacia una planificaci\u00f3n m\u00e1s coordinada y equitativa para el desarrollo del Choapa<\/strong>.<\/p>\n","protected":false},"excerpt":{"rendered":"<p>Autoridades de Canela, Illapel, Los Vilos y Salamanca participaron del acto oficial que marca la constituci\u00f3n de esta nueva instancia con el objetivo de consolidar una agenda de trabajo en conjunto, para consolidar proyectos de impacto para la provincia y as\u00ed avanzar juntos planificaci\u00f3n m\u00e1s coordinada y equitativa para el desarrollo del Choapa. En una &#8230;<\/p>\n","protected":false},"author":2,"featured_media":13383,"comment_status":"open","ping_status":"open","sticky":false,"template":"","format":"standard","meta":{"footnotes":""},"categories":[6],"tags":[],"class_list":["post-13382","post","type-post","status-publish","format-standard","has-post-thumbnail","hentry","category-regionales"],"_links":{"self":[{"href":"https:\/\/www.radiolimari.cl\/index.php?rest_route=\/wp\/v2\/posts\/13382","targetHints":{"allow":["GET"]}}],"collection":[{"href":"https:\/\/www.radiolimari.cl\/index.php?rest_route=\/wp\/v2\/posts"}],"about":[{"href":"https:\/\/www.radiolimari.cl\/index.php?rest_route=\/wp\/v2\/types\/post"}],"author":[{"embeddable":true,"href":"https:\/\/www.radiolimari.cl\/index.php?rest_route=\/wp\/v2\/users\/2"}],"replies":[{"embeddable":true,"href":"https:\/\/www.radiolimari.cl\/index.php?rest_route=%2Fwp%2Fv2%2Fcomments&post=13382"}],"version-history":[{"count":1,"href":"https:\/\/www.radiolimari.cl\/index.php?rest_route=\/wp\/v2\/posts\/13382\/revisions"}],"predecessor-version":[{"id":13384,"href":"https:\/\/www.radiolimari.cl\/index.php?rest_route=\/wp\/v2\/posts\/13382\/revisions\/13384"}],"wp:featuredmedia":[{"embeddable":true,"href":"https:\/\/www.radiolimari.cl\/index.php?rest_route=\/wp\/v2\/media\/13383"}],"wp:attachment":[{"href":"https:\/\/www.radiolimari.cl\/index.php?rest_route=%2Fwp%2Fv2%2Fmedia&parent=13382"}],"wp:term":[{"taxonomy":"category","embeddable":true,"href":"https:\/\/www.radiolimari.cl\/index.php?rest_route=%2Fwp%2Fv2%2Fcategories&post=13382"},{"taxonomy":"post_tag","embeddable":true,"href":"https:\/\/www.radiolimari.cl\/index.php?rest_route=%2Fwp%2Fv2%2Ftags&post=13382"}],"curies":[{"name":"wp","href":"https:\/\/api.w.org\/{rel}","templated":true}]}}