{"id":13377,"date":"2026-03-11T19:20:50","date_gmt":"2026-03-11T19:20:50","guid":{"rendered":"https:\/\/www.radiolimari.cl\/?p=13377"},"modified":"2026-03-11T19:20:51","modified_gmt":"2026-03-11T19:20:51","slug":"victor-pino-fuentes-asumio-como-delegado-presidencial-regional-y-pone-acento-en-la-emergencia-hidrica","status":"publish","type":"post","link":"https:\/\/www.radiolimari.cl\/?p=13377","title":{"rendered":"V\u00edctor Pino Fuentes asumi\u00f3 c\u00f3mo Delegado Presidencial Regional y pone acento en la emergencia h\u00eddrica."},"content":{"rendered":"\n<figure class=\"wp-block-image size-large\"><a href=\"https:\/\/www.radiolimari.cl\/wp-content\/uploads\/2026\/03\/MANDO-DPR-COQUIMBO-IMG_1604-2.jpeg\"><img fetchpriority=\"high\" decoding=\"async\" width=\"1024\" height=\"682\" src=\"https:\/\/www.radiolimari.cl\/wp-content\/uploads\/2026\/03\/MANDO-DPR-COQUIMBO-IMG_1604-2-1024x682.jpeg\" alt=\"\" class=\"wp-image-13378\" srcset=\"https:\/\/www.radiolimari.cl\/wp-content\/uploads\/2026\/03\/MANDO-DPR-COQUIMBO-IMG_1604-2-1024x682.jpeg 1024w, https:\/\/www.radiolimari.cl\/wp-content\/uploads\/2026\/03\/MANDO-DPR-COQUIMBO-IMG_1604-2-300x200.jpeg 300w, https:\/\/www.radiolimari.cl\/wp-content\/uploads\/2026\/03\/MANDO-DPR-COQUIMBO-IMG_1604-2-768x511.jpeg 768w, https:\/\/www.radiolimari.cl\/wp-content\/uploads\/2026\/03\/MANDO-DPR-COQUIMBO-IMG_1604-2-1536x1022.jpeg 1536w, https:\/\/www.radiolimari.cl\/wp-content\/uploads\/2026\/03\/MANDO-DPR-COQUIMBO-IMG_1604-2.jpeg 1600w\" sizes=\"(max-width: 1024px) 100vw, 1024px\" \/><\/a><\/figure>\n\n\n\n<p><strong><em>La reci\u00e9n instalada autoridad regional, remarc\u00f3 que la unidad pol\u00edtica ser\u00e1 clave para ir logrando los objetivos planteados por el Presidente Jos\u00e9 Antonio Kast, que tambi\u00e9n van en la l\u00ednea de la seguridad y el desarrollo econ\u00f3mico.<\/em><\/strong><\/p>\n\n\n\n<p>V\u00edctor Pino Fuentes lleg\u00f3 pasada las 12:30 horas al edificio del Gobierno Regional para la ceremonia del traspaso de mando de la Delegaci\u00f3n Presidencial Regional de Coquimbo.<\/p>\n\n\n\n<p>Acompa\u00f1ado de su familia, la reci\u00e9n asumida autoridad sostuvo un breve encuentro con la autoridad saliente, el ex Delegado Galo Luna, para continuar hasta el momento en que toma el liderazgo de la gesti\u00f3n administrativa, financiera, jur\u00eddica y los inmuebles pertenecientes al servicio.<\/p>\n\n\n\n<p><strong>\u201cEs importante que logremos la unidad, es importante que logremos trabajar todos juntos de todos los sectores pol\u00edticos, que la voluntad pol\u00edtica que tanto se comenta pueda realmente ser algo real en esta Regi\u00f3n de Coquimbo\u201d<\/strong>, se\u00f1al\u00f3 el Delegado Pino tras firmar el acta de traspaso.<\/p>\n\n\n\n<p>El Delegado Presidencial tambi\u00e9n puso acento en los desaf\u00edos para la zona, apuntando hacia la escasez h\u00eddrica como una de las grandes prioridades.&nbsp;<strong>\u201cVamos a trabajar como Gobierno para poder traer las obras que hacen falta. La deuda del Estado de Chile se tiene que llegar a cumplir alg\u00fan d\u00eda con la Regi\u00f3n de Coquimbo, tiene que pagarse. Es una deuda de a\u00f1os, d\u00e9cadas, en donde, lamentablemente, el Estado nos ha dejado olvidados y ahora es la oportunidad de poder avanzar en esto\u201d<\/strong>, sostuvo.<\/p>\n\n\n\n<p>Y es que la autoridad remarc\u00f3 que&nbsp;<strong>\u201chemos conversado largamente para avanzar y dar soluciones concretas a la escasez h\u00eddrica de nuestra regi\u00f3n. Hemos impulsado la planta desaladora, que hoy d\u00eda est\u00e1 en un proceso de licitaci\u00f3n. Tenemos que lograr que hoy d\u00eda la Direcci\u00f3n de Concesiones contin\u00fae haciendo su trabajo, mejor de c\u00f3mo lo ha hecho hasta ahora, destrabar esa planta desaladora, para poder darle a la ciudad de Coquimbo la seguridad h\u00eddrica que hace falta\u201d<\/strong>.<\/p>\n\n\n\n<p>En este sentido, adelant\u00f3 que se espera la visita a la regi\u00f3n del Ministro de Obras P\u00fablicas, Mart\u00edn Arrau, para ir planteando las principales obras y necesidades, en el marco de esta emergencia.&nbsp;<strong>\u201cEs uno de los grandes proyectos (la desaladora) que tenemos que impulsar y estamos seguros de que el Presidente nos va a apoyar en esto\u201d<\/strong>, puntualiz\u00f3.<\/p>\n\n\n\n<p><strong>Prioridades y equipo de trabajo._<\/strong><\/p>\n\n\n\n<p>El Delegado Presidencial Regional tambi\u00e9n se refiri\u00f3 a otras materias que forman parte de los \u00e9nfasis planteados por el Presidente Kast, como Seguridad y Desarrollo Econ\u00f3mico.<\/p>\n\n\n\n<p><strong>\u201cEstamos revisando una carpeta con varias cosas. Hay proyectos en econom\u00eda, est\u00e1n todas las inversiones y trabajos que se est\u00e1n realizando en materia de recursos h\u00eddricos. Tenemos que realizar un an\u00e1lisis concreto y completo de lo que tenemos, de lo que est\u00e1 vigente, de lo que est\u00e1 en desarrollo y lo que vamos a desarrollar nosotros, porque vamos a impulsar nuestras propias medidas, una cartera de soluciones concretas para la Regi\u00f3n de Coquimbo. Estamos trabajando con nuestro equipo, m\u00e1s los equipos de los distintos ministerios para poder avanzar juntos\u201d<\/strong>, dijo.<\/p>\n\n\n\n<p>Asimismo, se refiri\u00f3 a la conformaci\u00f3n de su equipo de trabajo y la instalaci\u00f3n de los Secretarios Regionales Ministeriales. Al respecto, coment\u00f3 que&nbsp;<strong>\u201cestamos buscando los mejores nombres para la Regi\u00f3n de Coquimbo de lo que tenemos disponible, por lo tanto quiero que tengan la tranquilidad de que seremis vamos a tener. Vamos a tener tambi\u00e9n personas que van a trabajar, que van a estar dispuestas y disponibles 24\/7 para poder atender las emergencias si es que es necesario. Van a ser personas capaces, preparadas para poder enfrentar los desaf\u00edos que se ven de aqu\u00ed en adelante\u201d<\/strong>.<\/p>\n","protected":false},"excerpt":{"rendered":"<p>La reci\u00e9n instalada autoridad regional, remarc\u00f3 que la unidad pol\u00edtica ser\u00e1 clave para ir logrando los objetivos planteados por el Presidente Jos\u00e9 Antonio Kast, que tambi\u00e9n van en la l\u00ednea de la seguridad y el desarrollo econ\u00f3mico. V\u00edctor Pino Fuentes lleg\u00f3 pasada las 12:30 horas al edificio del Gobierno Regional para la ceremonia del traspaso &#8230;<\/p>\n","protected":false},"author":2,"featured_media":13378,"comment_status":"open","ping_status":"open","sticky":false,"template":"","format":"standard","meta":{"footnotes":""},"categories":[6],"tags":[],"class_list":["post-13377","post","type-post","status-publish","format-standard","has-post-thumbnail","hentry","category-regionales"],"_links":{"self":[{"href":"https:\/\/www.radiolimari.cl\/index.php?rest_route=\/wp\/v2\/posts\/13377","targetHints":{"allow":["GET"]}}],"collection":[{"href":"https:\/\/www.radiolimari.cl\/index.php?rest_route=\/wp\/v2\/posts"}],"about":[{"href":"https:\/\/www.radiolimari.cl\/index.php?rest_route=\/wp\/v2\/types\/post"}],"author":[{"embeddable":true,"href":"https:\/\/www.radiolimari.cl\/index.php?rest_route=\/wp\/v2\/users\/2"}],"replies":[{"embeddable":true,"href":"https:\/\/www.radiolimari.cl\/index.php?rest_route=%2Fwp%2Fv2%2Fcomments&post=13377"}],"version-history":[{"count":1,"href":"https:\/\/www.radiolimari.cl\/index.php?rest_route=\/wp\/v2\/posts\/13377\/revisions"}],"predecessor-version":[{"id":13379,"href":"https:\/\/www.radiolimari.cl\/index.php?rest_route=\/wp\/v2\/posts\/13377\/revisions\/13379"}],"wp:featuredmedia":[{"embeddable":true,"href":"https:\/\/www.radiolimari.cl\/index.php?rest_route=\/wp\/v2\/media\/13378"}],"wp:attachment":[{"href":"https:\/\/www.radiolimari.cl\/index.php?rest_route=%2Fwp%2Fv2%2Fmedia&parent=13377"}],"wp:term":[{"taxonomy":"category","embeddable":true,"href":"https:\/\/www.radiolimari.cl\/index.php?rest_route=%2Fwp%2Fv2%2Fcategories&post=13377"},{"taxonomy":"post_tag","embeddable":true,"href":"https:\/\/www.radiolimari.cl\/index.php?rest_route=%2Fwp%2Fv2%2Ftags&post=13377"}],"curies":[{"name":"wp","href":"https:\/\/api.w.org\/{rel}","templated":true}]}}