{"id":13189,"date":"2026-01-25T23:43:35","date_gmt":"2026-01-25T23:43:35","guid":{"rendered":"https:\/\/www.radiolimari.cl\/?p=13189"},"modified":"2026-01-25T23:43:36","modified_gmt":"2026-01-25T23:43:36","slug":"deportes-ovalle-lanza-campana-de-abonos-para-la-tercera-b-2026","status":"publish","type":"post","link":"https:\/\/www.radiolimari.cl\/?p=13189","title":{"rendered":"Deportes Ovalle lanza campa\u00f1a de abonos para la Tercera B 2026"},"content":{"rendered":"\n<figure class=\"wp-block-image size-large\"><a href=\"https:\/\/www.radiolimari.cl\/wp-content\/uploads\/2026\/01\/01.jpg\"><img fetchpriority=\"high\" decoding=\"async\" width=\"1024\" height=\"683\" src=\"https:\/\/www.radiolimari.cl\/wp-content\/uploads\/2026\/01\/01-1024x683.jpg\" alt=\"\" class=\"wp-image-13190\" srcset=\"https:\/\/www.radiolimari.cl\/wp-content\/uploads\/2026\/01\/01-1024x683.jpg 1024w, https:\/\/www.radiolimari.cl\/wp-content\/uploads\/2026\/01\/01-300x200.jpg 300w, https:\/\/www.radiolimari.cl\/wp-content\/uploads\/2026\/01\/01-768x512.jpg 768w, https:\/\/www.radiolimari.cl\/wp-content\/uploads\/2026\/01\/01.jpg 1440w\" sizes=\"(max-width: 1024px) 100vw, 1024px\" \/><\/a><\/figure>\n\n\n\n<p><strong>Atractivos precios destacan en la oferta para el esperado retorno de los \u201cVerdes del Limar\u00ed\u201d a la competencia oficial tras casi diez a\u00f1os, mientras la dirigencia trabaja silenciosamente en la conformaci\u00f3n del cuerpo t\u00e9cnico y plantel de honor. Interesados en adquirir su abono deben contactarse al WhatsApp +56948933650.<\/strong><\/p>\n\n\n\n<p>La \u201cOperaci\u00f3n Retorno\u201d de Deportes Ovalle al f\u00fatbol formal avanza a paso firme, tanto en el \u00e1mbito deportivo como en lo institucional. De cara al regreso del CDO a las canchas, desde su \u00faltima participaci\u00f3n en Segunda Divisi\u00f3n 2016, la dirigencia anunci\u00f3 el sistema de abonos para los hinchas seguidores y simpatizantes del club fundado en 1963.<\/p>\n\n\n\n<p>El club limarino inform\u00f3 que para los partidos de local en el Estadio Diaguita u otro, los asistentes podr\u00e1n comprar un abono \u00fanico para ubicarse libremente tanto en Galer\u00eda como en Tribuna, a un precio de $35.000. Esta promoci\u00f3n ser\u00e1 v\u00e1lida para los primeros 150 abonados.&nbsp;Durante la temporada los precios normales ser\u00e1n: tres mil pesos la Galer\u00eda y cuatro mil pesos la Tribuna.<\/p>\n\n\n\n<p>\u00bfQu\u00e9 incluyen los abonos? Este mecanismo de venta de entradas asegura asistir a todos los partidos de Deportes Ovalle como due\u00f1o de casa, incluyendo la \u201cNoche Verde\u201d, duelos amistosos y la totalidad de los encuentros que el CDO dispute en condici\u00f3n de local por el torneo de la Tercera Divisi\u00f3n B. Interesados en adquirir su abono deben contactarse al WhatsApp +56948933650.<\/p>\n\n\n\n<p>\u201cEntramos en tierra derecha y estamos a pocos meses para el anhelado regreso de Deportes Ovalle a las canchas, despu\u00e9s de una d\u00e9cada de sufrimiento. Hemos trabajado duro para levantarnos como instituci\u00f3n y volver a ver a nuestro escudo de vuelta en la competencia. Para esto es fundamental que la comunidad nos acompa\u00f1e, compre su abono y disfrute de este sue\u00f1o que pronto se har\u00e1 realidad. Los precios son econ\u00f3micos y accesibles para toda la familia. Este retorno lo hacemos entre todos\u201d, explic\u00f3 Luis Carlos Contreras, presidente de la instituci\u00f3n.<\/p>\n\n\n\n<p><strong>\u00bfEn qu\u00e9 est\u00e1 la conformaci\u00f3n del plantel 2026?<\/strong><\/p>\n\n\n\n<p>Desde el club ovallino se\u00f1alan que pronto anunciar\u00e1n al cuerpo t\u00e9cnico que comandar\u00e1 la denominada \u201cOperaci\u00f3n Retorno\u201d, el cual estar\u00eda definido y muy cerca de ser confirmado. Al mismo tiempo, indican que durante las pr\u00f3ximas semanas comenzar\u00e1n los entrenamientos de un grupo de jugadores que dar\u00e1n forma al plantel 2026. A los seleccionados tras las \u00faltimas pruebas abiertas realizadas en el Estadio Diaguita, se ir\u00e1n sumando refuerzos para definir al primer equipo.<\/p>\n\n\n\n<p>Pese a que a\u00fan ANFA no da a conocer las bases del torneo, se especula que la competici\u00f3n de la Tercera B comenzar\u00e1 a mediados de abril. Antes, los \u201cVerdes del Limar\u00ed\u201d desarrollar\u00e1n los trabajos de pretemporada y la tradicional \u201cNoche Verde\u201d, donde presentar\u00e1n ante el p\u00fablico las caras del hist\u00f3rico regreso del CDO al f\u00fatbol formal.<\/p>\n","protected":false},"excerpt":{"rendered":"<p>Atractivos precios destacan en la oferta para el esperado retorno de los \u201cVerdes del Limar\u00ed\u201d a la competencia oficial tras casi diez a\u00f1os, mientras la dirigencia trabaja silenciosamente en la conformaci\u00f3n del cuerpo t\u00e9cnico y plantel de honor. Interesados en adquirir su abono deben contactarse al WhatsApp +56948933650. La \u201cOperaci\u00f3n Retorno\u201d de Deportes Ovalle al &#8230;<\/p>\n","protected":false},"author":2,"featured_media":13190,"comment_status":"open","ping_status":"open","sticky":false,"template":"","format":"standard","meta":{"footnotes":""},"categories":[5],"tags":[],"class_list":["post-13189","post","type-post","status-publish","format-standard","has-post-thumbnail","hentry","category-actualidad-limarina"],"_links":{"self":[{"href":"https:\/\/www.radiolimari.cl\/index.php?rest_route=\/wp\/v2\/posts\/13189","targetHints":{"allow":["GET"]}}],"collection":[{"href":"https:\/\/www.radiolimari.cl\/index.php?rest_route=\/wp\/v2\/posts"}],"about":[{"href":"https:\/\/www.radiolimari.cl\/index.php?rest_route=\/wp\/v2\/types\/post"}],"author":[{"embeddable":true,"href":"https:\/\/www.radiolimari.cl\/index.php?rest_route=\/wp\/v2\/users\/2"}],"replies":[{"embeddable":true,"href":"https:\/\/www.radiolimari.cl\/index.php?rest_route=%2Fwp%2Fv2%2Fcomments&post=13189"}],"version-history":[{"count":1,"href":"https:\/\/www.radiolimari.cl\/index.php?rest_route=\/wp\/v2\/posts\/13189\/revisions"}],"predecessor-version":[{"id":13191,"href":"https:\/\/www.radiolimari.cl\/index.php?rest_route=\/wp\/v2\/posts\/13189\/revisions\/13191"}],"wp:featuredmedia":[{"embeddable":true,"href":"https:\/\/www.radiolimari.cl\/index.php?rest_route=\/wp\/v2\/media\/13190"}],"wp:attachment":[{"href":"https:\/\/www.radiolimari.cl\/index.php?rest_route=%2Fwp%2Fv2%2Fmedia&parent=13189"}],"wp:term":[{"taxonomy":"category","embeddable":true,"href":"https:\/\/www.radiolimari.cl\/index.php?rest_route=%2Fwp%2Fv2%2Fcategories&post=13189"},{"taxonomy":"post_tag","embeddable":true,"href":"https:\/\/www.radiolimari.cl\/index.php?rest_route=%2Fwp%2Fv2%2Ftags&post=13189"}],"curies":[{"name":"wp","href":"https:\/\/api.w.org\/{rel}","templated":true}]}}