{"id":13176,"date":"2026-01-18T15:02:58","date_gmt":"2026-01-18T15:02:58","guid":{"rendered":"https:\/\/www.radiolimari.cl\/?p=13176"},"modified":"2026-01-18T15:02:59","modified_gmt":"2026-01-18T15:02:59","slug":"resultados-de-la-encuesta-casen-2024-muestran-disminucion-de-la-pobreza-en-la-region-de-coquimbo","status":"publish","type":"post","link":"https:\/\/www.radiolimari.cl\/?p=13176","title":{"rendered":"Resultados de la Encuesta CASEN 2024 muestran disminuci\u00f3n de la pobreza en la Regi\u00f3n de Coquimbo."},"content":{"rendered":"\n<figure class=\"wp-block-image size-large\"><a href=\"https:\/\/www.radiolimari.cl\/wp-content\/uploads\/2026\/01\/Casen-2024-2.jpeg\"><img fetchpriority=\"high\" decoding=\"async\" width=\"1024\" height=\"576\" src=\"https:\/\/www.radiolimari.cl\/wp-content\/uploads\/2026\/01\/Casen-2024-2-1024x576.jpeg\" alt=\"\" class=\"wp-image-13177\" srcset=\"https:\/\/www.radiolimari.cl\/wp-content\/uploads\/2026\/01\/Casen-2024-2-1024x576.jpeg 1024w, https:\/\/www.radiolimari.cl\/wp-content\/uploads\/2026\/01\/Casen-2024-2-300x169.jpeg 300w, https:\/\/www.radiolimari.cl\/wp-content\/uploads\/2026\/01\/Casen-2024-2-768x432.jpeg 768w, https:\/\/www.radiolimari.cl\/wp-content\/uploads\/2026\/01\/Casen-2024-2-1536x864.jpeg 1536w, https:\/\/www.radiolimari.cl\/wp-content\/uploads\/2026\/01\/Casen-2024-2.jpeg 1600w\" sizes=\"(max-width: 1024px) 100vw, 1024px\" \/><\/a><\/figure>\n\n\n\n<p><strong>Con una nueva metodolog\u00eda de medici\u00f3n de la pobreza, m\u00e1s exigente y actualizada, los datos muestran que tanto la pobreza por ingresos, como la multidimensional y la severa registraron una baja. Una disminuci\u00f3n similar se habr\u00eda producido usando la metodolog\u00eda antigua.<\/strong><\/p>\n\n\n\n<p>El Ministerio de Desarrollo Social y Familia present\u00f3 los resultados de la Encuesta de Caracterizaci\u00f3n Socioecon\u00f3mica Nacional (CASEN 2024) con una nueva metodolog\u00eda para la medici\u00f3n de la pobreza, m\u00e1s exigente y actualizada, impulsada por el Gobierno del Presidente, Gabriel Boric, con el objetivo de reflejar de mejor manera el Chile actual, en coherencia con los cambios sociales y econ\u00f3micos que ha experimentado el pa\u00eds en la \u00faltima d\u00e9cada.<\/p>\n\n\n\n<p>La nueva metodolog\u00eda permite estimar una serie comparable hacia atr\u00e1s y al analizar los resultados en el tiempo con un mismo est\u00e1ndar de medici\u00f3n, se observa una disminuci\u00f3n tanto de la pobreza por ingresos como de la pobreza multidimensional y severa, manteni\u00e9ndose una tendencia a la baja en todos los indicadores.<\/p>\n\n\n\n<p>Es as\u00ed como, la pobreza por ingresos se ubic\u00f3 en 20,7% en 2024, es decir, 3,6 puntos porcentuales menos que en 2022, a\u00f1o en que alcanz\u00f3 el 24,3%. Al respecto, el Seremi de Desarrollo Social y Familia, Celso L\u00f3pez, explic\u00f3 que \u201csi bien estamos sobre la media nacional, a nivel regional s\u00ed bajamos un 3,6% respecto de la medici\u00f3n del 2022. Nos afect\u00f3 mucho m\u00e1s que a otras regiones en el periodo de la pandemia. Y de hecho somos la cuarta regi\u00f3n que tiene una bajada m\u00e1s pronunciada en este \u00edtem. Entonces tenemos buena noticia porque en la pr\u00e1ctica se retom\u00f3 la senda de una baja sostenida de la pobreza en todas sus dimensiones\u201d.<\/p>\n\n\n\n<p>En el caso de la pobreza multidimensional se observa una disminuci\u00f3n de 1,6 puntos porcentuales, pasando de 18,6% en el 2022 a un 17,0% en el 2024. En este sentido, el secretario regional complement\u00f3 que \u201ctodos los indicadores de pobreza subieron en el a\u00f1o 2022, que fue la \u00faltima medici\u00f3n de la CASEN, producto del contexto sanitario y las consecuencias econ\u00f3micas del contexto del periodo de la pandemia. Entonces, de alguna forma, retomar la senda de una baja sostenida en la pobreza fue un desaf\u00edo muy importante y es lo que este registro da cuenta. A nivel nacional, la pobreza disminuye en todas sus dimensiones y a nivel regional tambi\u00e9n\u201d. Concluy\u00f3 Celso L\u00f3pez.&nbsp;<\/p>\n\n\n\n<p>El trabajo de campo de la Encuesta Casen 2024 se realiz\u00f3 entre el 1 de noviembre de 2024 y el 2 de febrero de 2025. Durante ese per\u00edodo, el Centro de Microdatos de la Universidad de Chile, instituci\u00f3n que se adjudic\u00f3 por licitaci\u00f3n p\u00fablica la&nbsp;aplicaci\u00f3n de la encuesta, realiz\u00f3 entrevistas en 78.654 hogares, correspondientes a 77.618 viviendas, ubicadas en 335 comunas de las 16 regiones del pa\u00eds, recopilando informaci\u00f3n de 218.367 personas, alcanzando una tasa de logro sobre la muestra objetivo de 104,0%.<\/p>\n\n\n\n<p>La actualizaci\u00f3n de la medici\u00f3n de la pobreza permite contar con informaci\u00f3n precisa, consistente y pertinente para orientar el dise\u00f1o, seguimiento y evaluaci\u00f3n de las pol\u00edticas p\u00fablicas.<\/p>\n","protected":false},"excerpt":{"rendered":"<p>Con una nueva metodolog\u00eda de medici\u00f3n de la pobreza, m\u00e1s exigente y actualizada, los datos muestran que tanto la pobreza por ingresos, como la multidimensional y la severa registraron una baja. Una disminuci\u00f3n similar se habr\u00eda producido usando la metodolog\u00eda antigua. El Ministerio de Desarrollo Social y Familia present\u00f3 los resultados de la Encuesta de &#8230;<\/p>\n","protected":false},"author":2,"featured_media":13177,"comment_status":"open","ping_status":"open","sticky":false,"template":"","format":"standard","meta":{"footnotes":""},"categories":[6],"tags":[],"class_list":["post-13176","post","type-post","status-publish","format-standard","has-post-thumbnail","hentry","category-regionales"],"_links":{"self":[{"href":"https:\/\/www.radiolimari.cl\/index.php?rest_route=\/wp\/v2\/posts\/13176","targetHints":{"allow":["GET"]}}],"collection":[{"href":"https:\/\/www.radiolimari.cl\/index.php?rest_route=\/wp\/v2\/posts"}],"about":[{"href":"https:\/\/www.radiolimari.cl\/index.php?rest_route=\/wp\/v2\/types\/post"}],"author":[{"embeddable":true,"href":"https:\/\/www.radiolimari.cl\/index.php?rest_route=\/wp\/v2\/users\/2"}],"replies":[{"embeddable":true,"href":"https:\/\/www.radiolimari.cl\/index.php?rest_route=%2Fwp%2Fv2%2Fcomments&post=13176"}],"version-history":[{"count":1,"href":"https:\/\/www.radiolimari.cl\/index.php?rest_route=\/wp\/v2\/posts\/13176\/revisions"}],"predecessor-version":[{"id":13178,"href":"https:\/\/www.radiolimari.cl\/index.php?rest_route=\/wp\/v2\/posts\/13176\/revisions\/13178"}],"wp:featuredmedia":[{"embeddable":true,"href":"https:\/\/www.radiolimari.cl\/index.php?rest_route=\/wp\/v2\/media\/13177"}],"wp:attachment":[{"href":"https:\/\/www.radiolimari.cl\/index.php?rest_route=%2Fwp%2Fv2%2Fmedia&parent=13176"}],"wp:term":[{"taxonomy":"category","embeddable":true,"href":"https:\/\/www.radiolimari.cl\/index.php?rest_route=%2Fwp%2Fv2%2Fcategories&post=13176"},{"taxonomy":"post_tag","embeddable":true,"href":"https:\/\/www.radiolimari.cl\/index.php?rest_route=%2Fwp%2Fv2%2Ftags&post=13176"}],"curies":[{"name":"wp","href":"https:\/\/api.w.org\/{rel}","templated":true}]}}