{"id":13164,"date":"2026-01-17T18:08:41","date_gmt":"2026-01-17T18:08:41","guid":{"rendered":"https:\/\/www.radiolimari.cl\/?p=13164"},"modified":"2026-01-17T18:08:42","modified_gmt":"2026-01-17T18:08:42","slug":"con-gran-exito-se-vivio-la-xxxiii-edicion-del-festival-de-la-voz-el-loro-tricahue-en-la-comuna-de-rio-hurtado","status":"publish","type":"post","link":"https:\/\/www.radiolimari.cl\/?p=13164","title":{"rendered":"Con gran \u00e9xito se vivi\u00f3 la XXXIII edici\u00f3n del Festival de la Voz El Loro Tricahue en la comuna de R\u00edo Hurtado\u00a0"},"content":{"rendered":"\n<figure class=\"wp-block-image size-large\"><a href=\"https:\/\/www.radiolimari.cl\/wp-content\/uploads\/2026\/01\/FB_IMG_1768672489022.jpg\"><img fetchpriority=\"high\" decoding=\"async\" width=\"1024\" height=\"683\" src=\"https:\/\/www.radiolimari.cl\/wp-content\/uploads\/2026\/01\/FB_IMG_1768672489022-1024x683.jpg\" alt=\"\" class=\"wp-image-13168\" srcset=\"https:\/\/www.radiolimari.cl\/wp-content\/uploads\/2026\/01\/FB_IMG_1768672489022-1024x683.jpg 1024w, https:\/\/www.radiolimari.cl\/wp-content\/uploads\/2026\/01\/FB_IMG_1768672489022-300x200.jpg 300w, https:\/\/www.radiolimari.cl\/wp-content\/uploads\/2026\/01\/FB_IMG_1768672489022-768x512.jpg 768w, https:\/\/www.radiolimari.cl\/wp-content\/uploads\/2026\/01\/FB_IMG_1768672489022-1536x1024.jpg 1536w, https:\/\/www.radiolimari.cl\/wp-content\/uploads\/2026\/01\/FB_IMG_1768672489022.jpg 1620w\" sizes=\"(max-width: 1024px) 100vw, 1024px\" \/><\/a><\/figure>\n\n\n\n<p>La joven cantante RioHurtadina,\u00a0 Jessmin \u00c1ngel Sola, representando a la localidad  cordillerana de Las Breas se alz\u00f3 con el Primer lugar del certamen organizado por la Municipalidad de R\u00edo Hurtado, interpretando la canci\u00f3n de Rocio Jurado \u00abSe Nos Rompi\u00f3 el Amor\u00bb\u00a0<\/p>\n\n\n\n<figure class=\"wp-block-image size-large\"><a href=\"https:\/\/www.radiolimari.cl\/wp-content\/uploads\/2026\/01\/FB_IMG_1768672455062.jpg\"><img decoding=\"async\" width=\"1024\" height=\"683\" src=\"https:\/\/www.radiolimari.cl\/wp-content\/uploads\/2026\/01\/FB_IMG_1768672455062-1024x683.jpg\" alt=\"\" class=\"wp-image-13165\" srcset=\"https:\/\/www.radiolimari.cl\/wp-content\/uploads\/2026\/01\/FB_IMG_1768672455062-1024x683.jpg 1024w, https:\/\/www.radiolimari.cl\/wp-content\/uploads\/2026\/01\/FB_IMG_1768672455062-300x200.jpg 300w, https:\/\/www.radiolimari.cl\/wp-content\/uploads\/2026\/01\/FB_IMG_1768672455062-768x512.jpg 768w, https:\/\/www.radiolimari.cl\/wp-content\/uploads\/2026\/01\/FB_IMG_1768672455062-1536x1024.jpg 1536w, https:\/\/www.radiolimari.cl\/wp-content\/uploads\/2026\/01\/FB_IMG_1768672455062.jpg 1620w\" sizes=\"(max-width: 1024px) 100vw, 1024px\" \/><\/a><\/figure>\n\n\n\n<p>El \u201cFestival de la Voz del Loro Tricahue\u201d,&nbsp; se ha convertido en uno de los cert\u00e1menes musicales m\u00e1s antiguos de la regi\u00f3n de Coquimbo y en una de las plataformas m\u00e1s importantes para artistas emergentes.<\/p>\n\n\n\n<p>El segundo lugar lo obtuvo el representante de Buin, regi\u00f3n Metropolitana, Oscar Miranda.<\/p>\n\n\n\n<figure class=\"wp-block-image size-large\"><a href=\"https:\/\/www.radiolimari.cl\/wp-content\/uploads\/2026\/01\/FB_IMG_1768672458450.jpg\"><img decoding=\"async\" width=\"1024\" height=\"683\" src=\"https:\/\/www.radiolimari.cl\/wp-content\/uploads\/2026\/01\/FB_IMG_1768672458450-1024x683.jpg\" alt=\"\" class=\"wp-image-13166\" srcset=\"https:\/\/www.radiolimari.cl\/wp-content\/uploads\/2026\/01\/FB_IMG_1768672458450-1024x683.jpg 1024w, https:\/\/www.radiolimari.cl\/wp-content\/uploads\/2026\/01\/FB_IMG_1768672458450-300x200.jpg 300w, https:\/\/www.radiolimari.cl\/wp-content\/uploads\/2026\/01\/FB_IMG_1768672458450-768x512.jpg 768w, https:\/\/www.radiolimari.cl\/wp-content\/uploads\/2026\/01\/FB_IMG_1768672458450-1536x1024.jpg 1536w, https:\/\/www.radiolimari.cl\/wp-content\/uploads\/2026\/01\/FB_IMG_1768672458450.jpg 1620w\" sizes=\"(max-width: 1024px) 100vw, 1024px\" \/><\/a><\/figure>\n\n\n\n<p>El tercer lugar fue para Alexandra \u00c1lamos de Andacollo.<\/p>\n\n\n\n<figure class=\"wp-block-image size-large\"><a href=\"https:\/\/www.radiolimari.cl\/wp-content\/uploads\/2026\/01\/FB_IMG_1768672462271.jpg\"><img loading=\"lazy\" decoding=\"async\" width=\"1024\" height=\"683\" src=\"https:\/\/www.radiolimari.cl\/wp-content\/uploads\/2026\/01\/FB_IMG_1768672462271-1024x683.jpg\" alt=\"\" class=\"wp-image-13167\" srcset=\"https:\/\/www.radiolimari.cl\/wp-content\/uploads\/2026\/01\/FB_IMG_1768672462271-1024x683.jpg 1024w, https:\/\/www.radiolimari.cl\/wp-content\/uploads\/2026\/01\/FB_IMG_1768672462271-300x200.jpg 300w, https:\/\/www.radiolimari.cl\/wp-content\/uploads\/2026\/01\/FB_IMG_1768672462271-768x512.jpg 768w, https:\/\/www.radiolimari.cl\/wp-content\/uploads\/2026\/01\/FB_IMG_1768672462271-1536x1024.jpg 1536w, https:\/\/www.radiolimari.cl\/wp-content\/uploads\/2026\/01\/FB_IMG_1768672462271.jpg 1620w\" sizes=\"(max-width: 1024px) 100vw, 1024px\" \/><\/a><\/figure>\n\n\n\n<p>En esta ocasi\u00f3n, la competencia de canciones&nbsp; reuni\u00f3 a diez artistas provenientes de diferentes comunas de la regi\u00f3n y del pa\u00eds, quienes demostraron todo el talento mediante sus interpretaciones y voces que deleitaron a un gran marco de p\u00fablico que disfrut\u00f3 durante la realizaci\u00f3n del certamen este vierne 16 de enero&nbsp; en la multicancha de Samo Alto. El jurado estuvo integrado por el locutor de Radio Caramelo de Ovalle Luis Carlos Contreras, la sra. Yohana Guerrero y Diana Rojas.<\/p>\n\n\n\n<p>Se cont\u00f3\u00a0 con la presencia de la alcaldesa Carmen Juana Olivares De La Rivera, junto a los Concejales Juan Perines Huenchullan, Edgard \u00c1ngel y Claudio Molina, quienes entregaron los premios respectivos. En tanto el evento\u00a0 fue conducido por Sergio Enrique Parra.<\/p>\n\n\n\n<p>Como cada a\u00f1o, la competencia de este festival es acompa\u00f1ada por la presentaci\u00f3n de artistas y en esta oportunidad, entregaron su show\u00a0la cantante limarina Diana Rojas, el Ovallino Eder Pizarro y el gran Grupo Albacora de Coquimbo.<\/p>\n\n\n\n<p>Todos los artistas invitados a trav\u00e9s de sus distintos ritmos y estilos, hicieron cantar, disfrutar y bailar a todos los asistentes, que llegaron masivamente hasta la multicancha de Samo Alto donde se realiz\u00f3 el certamen musical.<\/p>\n","protected":false},"excerpt":{"rendered":"<p>La joven cantante RioHurtadina,\u00a0 Jessmin \u00c1ngel Sola, representando a la localidad cordillerana de Las Breas se alz\u00f3 con el Primer lugar del certamen organizado por la Municipalidad de R\u00edo Hurtado, interpretando la canci\u00f3n de Rocio Jurado \u00abSe Nos Rompi\u00f3 el Amor\u00bb\u00a0 El \u201cFestival de la Voz del Loro Tricahue\u201d,&nbsp; se ha convertido en uno de &#8230;<\/p>\n","protected":false},"author":2,"featured_media":13168,"comment_status":"open","ping_status":"open","sticky":false,"template":"","format":"standard","meta":{"footnotes":""},"categories":[5],"tags":[],"class_list":["post-13164","post","type-post","status-publish","format-standard","has-post-thumbnail","hentry","category-actualidad-limarina"],"_links":{"self":[{"href":"https:\/\/www.radiolimari.cl\/index.php?rest_route=\/wp\/v2\/posts\/13164","targetHints":{"allow":["GET"]}}],"collection":[{"href":"https:\/\/www.radiolimari.cl\/index.php?rest_route=\/wp\/v2\/posts"}],"about":[{"href":"https:\/\/www.radiolimari.cl\/index.php?rest_route=\/wp\/v2\/types\/post"}],"author":[{"embeddable":true,"href":"https:\/\/www.radiolimari.cl\/index.php?rest_route=\/wp\/v2\/users\/2"}],"replies":[{"embeddable":true,"href":"https:\/\/www.radiolimari.cl\/index.php?rest_route=%2Fwp%2Fv2%2Fcomments&post=13164"}],"version-history":[{"count":1,"href":"https:\/\/www.radiolimari.cl\/index.php?rest_route=\/wp\/v2\/posts\/13164\/revisions"}],"predecessor-version":[{"id":13169,"href":"https:\/\/www.radiolimari.cl\/index.php?rest_route=\/wp\/v2\/posts\/13164\/revisions\/13169"}],"wp:featuredmedia":[{"embeddable":true,"href":"https:\/\/www.radiolimari.cl\/index.php?rest_route=\/wp\/v2\/media\/13168"}],"wp:attachment":[{"href":"https:\/\/www.radiolimari.cl\/index.php?rest_route=%2Fwp%2Fv2%2Fmedia&parent=13164"}],"wp:term":[{"taxonomy":"category","embeddable":true,"href":"https:\/\/www.radiolimari.cl\/index.php?rest_route=%2Fwp%2Fv2%2Fcategories&post=13164"},{"taxonomy":"post_tag","embeddable":true,"href":"https:\/\/www.radiolimari.cl\/index.php?rest_route=%2Fwp%2Fv2%2Ftags&post=13164"}],"curies":[{"name":"wp","href":"https:\/\/api.w.org\/{rel}","templated":true}]}}