{"id":13108,"date":"2025-12-15T00:59:02","date_gmt":"2025-12-15T00:59:02","guid":{"rendered":"https:\/\/www.radiolimari.cl\/?p=13108"},"modified":"2025-12-15T00:59:04","modified_gmt":"2025-12-15T00:59:04","slug":"la-region-de-coquimbo-hablo-y-dio-su-apoyo-a-jose-antonio-kast-como-proximo-presidente-de-chile","status":"publish","type":"post","link":"https:\/\/www.radiolimari.cl\/?p=13108","title":{"rendered":"La Regi\u00f3n de Coquimbo habl\u00f3 y dio su apoyo a Jos\u00e9 Antonio Kast como pr\u00f3ximo Presidente de Chile."},"content":{"rendered":"\n<figure class=\"wp-block-image size-large\"><a href=\"https:\/\/www.radiolimari.cl\/wp-content\/uploads\/2025\/12\/14.12-kast.jpeg\"><img fetchpriority=\"high\" decoding=\"async\" width=\"1024\" height=\"684\" src=\"https:\/\/www.radiolimari.cl\/wp-content\/uploads\/2025\/12\/14.12-kast-1024x684.jpeg\" alt=\"\" class=\"wp-image-13109\" srcset=\"https:\/\/www.radiolimari.cl\/wp-content\/uploads\/2025\/12\/14.12-kast-1024x684.jpeg 1024w, https:\/\/www.radiolimari.cl\/wp-content\/uploads\/2025\/12\/14.12-kast-300x200.jpeg 300w, https:\/\/www.radiolimari.cl\/wp-content\/uploads\/2025\/12\/14.12-kast-768x513.jpeg 768w, https:\/\/www.radiolimari.cl\/wp-content\/uploads\/2025\/12\/14.12-kast-1536x1026.jpeg 1536w, https:\/\/www.radiolimari.cl\/wp-content\/uploads\/2025\/12\/14.12-kast.jpeg 1600w\" sizes=\"(max-width: 1024px) 100vw, 1024px\" \/><\/a><\/figure>\n\n\n\n<p><strong>Uno de los principales l\u00edderes del partido Republicano, el CORE, Francisco Corral, acompa\u00f1ado de dirigentes del conglomerado, asegur\u00f3 que ahora comienza el trabajo para cumplir con los principales compromisos de campa\u00f1a.<\/strong><\/p>\n\n\n\n<p>Aunque todas las encuestas daban por ganador al candidato del partido Republicano, Jos\u00e9 Antonio Kast, sus adherentes guardaron cautela y respeto por la decisi\u00f3n que tomaron los chilenos en la elecci\u00f3n del domingo. El resultado de los comicios a nivel nacional dio como ganador al candidato de la derecha por una amplia mayor\u00eda y la Regi\u00f3n de Coquimbo no se qued\u00f3 atr\u00e1s entreg\u00f3 m\u00e1s de un 54% de las preferencias.<\/p>\n\n\n\n<p>\u201cDesde este lunes comenzamos a trabajar por Chile, por Regi\u00f3n de Coquimbo, es lo que nos ha encargado nuestro Presidente. Primero hay dejar de lado todas las diferentes pol\u00edticas con todos los sectores y entre todos comenzar a construir un pa\u00eds mejor. Jos\u00e9 Antonio es ahora el Presidente de todos los chilenos, por ello hacemos un llamado a la uni\u00f3n para trabajar en los principales temas que afectan a la ciudadan\u00eda, no nos cerraremos a las sugerencias de la oposici\u00f3n y rescataremos las ideas y proyectos que ayuden a la construcci\u00f3n de un Chile mejor\u201d, asegur\u00f3 Francisco Corral.<\/p>\n\n\n\n<p>El Presidente electo Jos\u00e9 Antonio Kast ha propuesto una serie de medidas urgentes para resolver en los primeros 90 d\u00edas de gobierno, entre ellas, la m\u00e1s relevante tiene que ver con aumentar la seguridad de los ciudadanos, adem\u00e1s del resguardo de las fronteras para frenar el ingreso ilegal de personas al territorio, recuperar la econom\u00eda, aumentar las fuentes laborales, la reducci\u00f3n del gasto p\u00fablico, entre otras, todas ellas que, de alguna u otra manera afectan la vida de las personas de la regi\u00f3n.<\/p>\n\n\n\n<p>Las primeras declaraciones p\u00fablicas de Jos\u00e9 Antonio Kast, despu\u00e9s de la elecci\u00f3n, fueron a trav\u00e9s del llamado telef\u00f3nico con el Presidente Boric, donde el republicano se\u00f1al\u00f3 que \u201cespero que sea una transici\u00f3n muy ordenada, respetuosa&nbsp;y, por supuesto, que el 11 de marzo juro como corresponde, despu\u00e9s del 11 de marzo&nbsp;me interesar\u00eda tambi\u00e9n mucho contar con sus opiniones, con su mirada de lo que es el pa\u00eds.&nbsp; As\u00ed que le quiero agradecer este llamado y tambi\u00e9n la posibilidad de encontrarnos en alg\u00fan momento&nbsp;para poder conversar m\u00e1s en privado, y ver c\u00f3mo hacer la mejor transici\u00f3n que se pueda y despu\u00e9s que nos ayude tambi\u00e9n&nbsp;a ver cu\u00e1les son los puntos neur\u00e1lgicos donde nosotros podemos avanzar&nbsp;y que usted ve que hoy d\u00eda est\u00e1n pendientes\u201d.<\/p>\n\n\n\n<p>\u201cComo Gobernador Regional de Coquimbo, nuestro foco est\u00e1 puesto en lo m\u00e1s importante: mejorar la calidad de vida de las personas. Por eso, estamos plenamente disponibles para un trabajo conjunto y coordinado con el nuevo Presidente de la Rep\u00fablica, porque levantar la Regi\u00f3n de Coquimbo requiere colaboraci\u00f3n y objetivos comunes. Tenemos desaf\u00edos concretos en seguridad, salud, empleo, desarrollo productivo, infraestructura y gesti\u00f3n del recurso h\u00eddrico, y enfrentarlos exige responsabilidad, di\u00e1logo y trabajo serio. Reiteramos que estamos disponibles para recuperar Chile e iniciar este nuevo camino\u00bb, asever\u00f3 Crist\u00f3bal Juli\u00e1, Gobernador Regional de Coquimbo.<\/p>\n\n\n\n<p>\u201cEn estos primeros d\u00edas antes de que se asuma la presidencia en marzo, trabajaremos en un plan de instalaci\u00f3n que d\u00e9 lineamientos claros para cumplir los compromisos adquiridos y sobre todo satisfacer las expectativas que se han hecho los habitantes de la Regi\u00f3n de Coquimbo, por ello reiter\u00f3 el llamado a construir entre todos un mejor pa\u00eds. Sabemos que las diferencias se resuelven conversando, a la ciudadan\u00eda no le interesan las peleas entre partidos, les interesan las soluciones a sus problem\u00e1ticas\u201d, finaliz\u00f3 Corral.<\/p>\n\n\n\n<p>Otro tema relevante para la Regi\u00f3n de Coquimbo es asegurar el agua, tanto para la ciudadan\u00eda como para la agricultura. En este sentido est\u00e1 el compromiso de agilizar proyectos en carpeta, como la desaladora y otros, que tienen que ver con el adecuado uso del recurso h\u00eddrico, para que en a\u00f1os venideros y en el caso de que la sequ\u00eda siga azotando a la regi\u00f3n, esta no afecte de sobremanera a las personas.<\/p>\n","protected":false},"excerpt":{"rendered":"<p>Uno de los principales l\u00edderes del partido Republicano, el CORE, Francisco Corral, acompa\u00f1ado de dirigentes del conglomerado, asegur\u00f3 que ahora comienza el trabajo para cumplir con los principales compromisos de campa\u00f1a. Aunque todas las encuestas daban por ganador al candidato del partido Republicano, Jos\u00e9 Antonio Kast, sus adherentes guardaron cautela y respeto por la decisi\u00f3n &#8230;<\/p>\n","protected":false},"author":2,"featured_media":13109,"comment_status":"open","ping_status":"open","sticky":false,"template":"","format":"standard","meta":{"footnotes":""},"categories":[3],"tags":[],"class_list":["post-13108","post","type-post","status-publish","format-standard","has-post-thumbnail","hentry","category-actualidad"],"_links":{"self":[{"href":"https:\/\/www.radiolimari.cl\/index.php?rest_route=\/wp\/v2\/posts\/13108","targetHints":{"allow":["GET"]}}],"collection":[{"href":"https:\/\/www.radiolimari.cl\/index.php?rest_route=\/wp\/v2\/posts"}],"about":[{"href":"https:\/\/www.radiolimari.cl\/index.php?rest_route=\/wp\/v2\/types\/post"}],"author":[{"embeddable":true,"href":"https:\/\/www.radiolimari.cl\/index.php?rest_route=\/wp\/v2\/users\/2"}],"replies":[{"embeddable":true,"href":"https:\/\/www.radiolimari.cl\/index.php?rest_route=%2Fwp%2Fv2%2Fcomments&post=13108"}],"version-history":[{"count":1,"href":"https:\/\/www.radiolimari.cl\/index.php?rest_route=\/wp\/v2\/posts\/13108\/revisions"}],"predecessor-version":[{"id":13110,"href":"https:\/\/www.radiolimari.cl\/index.php?rest_route=\/wp\/v2\/posts\/13108\/revisions\/13110"}],"wp:featuredmedia":[{"embeddable":true,"href":"https:\/\/www.radiolimari.cl\/index.php?rest_route=\/wp\/v2\/media\/13109"}],"wp:attachment":[{"href":"https:\/\/www.radiolimari.cl\/index.php?rest_route=%2Fwp%2Fv2%2Fmedia&parent=13108"}],"wp:term":[{"taxonomy":"category","embeddable":true,"href":"https:\/\/www.radiolimari.cl\/index.php?rest_route=%2Fwp%2Fv2%2Fcategories&post=13108"},{"taxonomy":"post_tag","embeddable":true,"href":"https:\/\/www.radiolimari.cl\/index.php?rest_route=%2Fwp%2Fv2%2Ftags&post=13108"}],"curies":[{"name":"wp","href":"https:\/\/api.w.org\/{rel}","templated":true}]}}