{"id":13104,"date":"2025-12-07T17:06:56","date_gmt":"2025-12-07T17:06:56","guid":{"rendered":"https:\/\/www.radiolimari.cl\/?p=13104"},"modified":"2025-12-07T17:06:57","modified_gmt":"2025-12-07T17:06:57","slug":"en-la-comuna-de-monte-patria-se-inicia-la-temporada-de-verano-con-la-apertura-de-su-piscina-municipal","status":"publish","type":"post","link":"https:\/\/www.radiolimari.cl\/?p=13104","title":{"rendered":"En la Comuna de Monte Patria se inicia la temporada de verano con la apertura de su piscina municipal."},"content":{"rendered":"\n<figure class=\"wp-block-image size-large\"><a href=\"https:\/\/www.radiolimari.cl\/wp-content\/uploads\/2025\/12\/8.12-MP-APERTURA-PISCINA-MUNICIPAL-4-scaled.jpg\"><img fetchpriority=\"high\" decoding=\"async\" width=\"1024\" height=\"683\" src=\"https:\/\/www.radiolimari.cl\/wp-content\/uploads\/2025\/12\/8.12-MP-APERTURA-PISCINA-MUNICIPAL-4-1024x683.jpg\" alt=\"\" class=\"wp-image-13105\" srcset=\"https:\/\/www.radiolimari.cl\/wp-content\/uploads\/2025\/12\/8.12-MP-APERTURA-PISCINA-MUNICIPAL-4-1024x683.jpg 1024w, https:\/\/www.radiolimari.cl\/wp-content\/uploads\/2025\/12\/8.12-MP-APERTURA-PISCINA-MUNICIPAL-4-300x200.jpg 300w, https:\/\/www.radiolimari.cl\/wp-content\/uploads\/2025\/12\/8.12-MP-APERTURA-PISCINA-MUNICIPAL-4-768x512.jpg 768w, https:\/\/www.radiolimari.cl\/wp-content\/uploads\/2025\/12\/8.12-MP-APERTURA-PISCINA-MUNICIPAL-4-1536x1024.jpg 1536w, https:\/\/www.radiolimari.cl\/wp-content\/uploads\/2025\/12\/8.12-MP-APERTURA-PISCINA-MUNICIPAL-4-2048x1365.jpg 2048w\" sizes=\"(max-width: 1024px) 100vw, 1024px\" \/><\/a><\/figure>\n\n\n\n<p><strong><em>Este espacio recreativo ubicado en Monte Patria estar\u00e1 abierto de martes a domingo, en un horario continuado desde las 14:00 a las 19:00 hrs. El lunes permanecer\u00e1 cerrado para realizar labores de mantenci\u00f3n<\/em><\/strong><\/p>\n\n\n\n<p>Las familias salen de vacaciones y las altas temperaturas se hacen sentir en la comuna de Monte Patria, y es por esta raz\u00f3n que el municipio local ya habilit\u00f3 su piscina municipal para el disfrute de la comunidad en este verano 2025-2026.<\/p>\n\n\n\n<p>La apertura de este espacio recreativo se llev\u00f3 a cabo en la tarde del pasado s\u00e1bado 6 de diciembre, en una jornada inaugural que cont\u00f3 con gran entusiasmo de familias.<\/p>\n\n\n\n<p>En medio de la apertura, el alcalde de Monte Patria, Cristian Herrera Pe\u00f1a, invit\u00f3 a la comunidad a disfrutar de este panorama de verano, <strong>\u201chemos iniciado la apertura de nuestra piscina, as\u00ed que invitamos a las familias de Monte Patria y las familias que nos visitan para que disfruten de este hermoso espacio seguro, que cuenta con salvavidas y guardias, para que lo pasen muy bien. Disfruten de esta piscina en el centro de Monte Patria, cerca de la rotonda. Los precios del a\u00f1o pasado se mantienen, y los adultos mayores entran gratis. Ya pueden disfrutar de este hermoso espacio que tenemos en nuestra comuna, para vivir este verano\u201d<\/strong>, se\u00f1al\u00f3.<\/p>\n\n\n\n<p>De esta manera, la piscina municipal de Monte Patria ya se encuentra habilitada para que las familias puedan refrescarse y entretenerse en este verano.<\/p>\n\n\n\n<p>El espacio estar\u00e1 abierto de martes a domingo, en un horario continuado desde las 14:00 a las 19:00 hrs; mientras el lunes permanecer\u00e1 cerrado para realizar labores de mantenci\u00f3n.<\/p>\n\n\n\n<p>Los menores de 4 a\u00f1os de edad y los adultos mayores sobre los 65 a\u00f1os tienen entrada liberada. Por otro lado, para los ni\u00f1os y ni\u00f1as entre los 5 y 15 a\u00f1os, la entrada tendr\u00e1 un valor de $1.500, mientras los mayores de 15 y hasta los 64 a\u00f1os pagar\u00e1n $2.000.<\/p>\n","protected":false},"excerpt":{"rendered":"<p>Este espacio recreativo ubicado en Monte Patria estar\u00e1 abierto de martes a domingo, en un horario continuado desde las 14:00 a las 19:00 hrs. El lunes permanecer\u00e1 cerrado para realizar labores de mantenci\u00f3n Las familias salen de vacaciones y las altas temperaturas se hacen sentir en la comuna de Monte Patria, y es por esta &#8230;<\/p>\n","protected":false},"author":2,"featured_media":13105,"comment_status":"open","ping_status":"open","sticky":false,"template":"","format":"standard","meta":{"footnotes":""},"categories":[5],"tags":[],"class_list":["post-13104","post","type-post","status-publish","format-standard","has-post-thumbnail","hentry","category-actualidad-limarina"],"_links":{"self":[{"href":"https:\/\/www.radiolimari.cl\/index.php?rest_route=\/wp\/v2\/posts\/13104","targetHints":{"allow":["GET"]}}],"collection":[{"href":"https:\/\/www.radiolimari.cl\/index.php?rest_route=\/wp\/v2\/posts"}],"about":[{"href":"https:\/\/www.radiolimari.cl\/index.php?rest_route=\/wp\/v2\/types\/post"}],"author":[{"embeddable":true,"href":"https:\/\/www.radiolimari.cl\/index.php?rest_route=\/wp\/v2\/users\/2"}],"replies":[{"embeddable":true,"href":"https:\/\/www.radiolimari.cl\/index.php?rest_route=%2Fwp%2Fv2%2Fcomments&post=13104"}],"version-history":[{"count":1,"href":"https:\/\/www.radiolimari.cl\/index.php?rest_route=\/wp\/v2\/posts\/13104\/revisions"}],"predecessor-version":[{"id":13106,"href":"https:\/\/www.radiolimari.cl\/index.php?rest_route=\/wp\/v2\/posts\/13104\/revisions\/13106"}],"wp:featuredmedia":[{"embeddable":true,"href":"https:\/\/www.radiolimari.cl\/index.php?rest_route=\/wp\/v2\/media\/13105"}],"wp:attachment":[{"href":"https:\/\/www.radiolimari.cl\/index.php?rest_route=%2Fwp%2Fv2%2Fmedia&parent=13104"}],"wp:term":[{"taxonomy":"category","embeddable":true,"href":"https:\/\/www.radiolimari.cl\/index.php?rest_route=%2Fwp%2Fv2%2Fcategories&post=13104"},{"taxonomy":"post_tag","embeddable":true,"href":"https:\/\/www.radiolimari.cl\/index.php?rest_route=%2Fwp%2Fv2%2Ftags&post=13104"}],"curies":[{"name":"wp","href":"https:\/\/api.w.org\/{rel}","templated":true}]}}