{"id":13101,"date":"2025-12-07T16:58:30","date_gmt":"2025-12-07T16:58:30","guid":{"rendered":"https:\/\/www.radiolimari.cl\/?p=13101"},"modified":"2025-12-07T16:58:31","modified_gmt":"2025-12-07T16:58:31","slug":"este-miercoles-museo-de-vicuna-celebrara-los-80-anos-del-premio-nobel-de-gabriela-mistral-con-jornada-doble-de-actividades","status":"publish","type":"post","link":"https:\/\/www.radiolimari.cl\/?p=13101","title":{"rendered":"Este mi\u00e9rcoles Museo de Vicu\u00f1a celebrar\u00e1 los 80 a\u00f1os del Premio Nobel de Gabriela Mistral con jornada doble de actividades."},"content":{"rendered":"\n<figure class=\"wp-block-image size-large\"><a href=\"https:\/\/www.radiolimari.cl\/wp-content\/uploads\/2025\/12\/8.12-mgmv-2025.jpg\"><img fetchpriority=\"high\" decoding=\"async\" width=\"1024\" height=\"683\" src=\"https:\/\/www.radiolimari.cl\/wp-content\/uploads\/2025\/12\/8.12-mgmv-2025-1024x683.jpg\" alt=\"\" class=\"wp-image-13102\" srcset=\"https:\/\/www.radiolimari.cl\/wp-content\/uploads\/2025\/12\/8.12-mgmv-2025-1024x683.jpg 1024w, https:\/\/www.radiolimari.cl\/wp-content\/uploads\/2025\/12\/8.12-mgmv-2025-300x200.jpg 300w, https:\/\/www.radiolimari.cl\/wp-content\/uploads\/2025\/12\/8.12-mgmv-2025-768x512.jpg 768w, https:\/\/www.radiolimari.cl\/wp-content\/uploads\/2025\/12\/8.12-mgmv-2025-1536x1024.jpg 1536w, https:\/\/www.radiolimari.cl\/wp-content\/uploads\/2025\/12\/8.12-mgmv-2025.jpg 2048w\" sizes=\"(max-width: 1024px) 100vw, 1024px\" \/><\/a><\/figure>\n\n\n\n<p><strong>La unidad elquina del Servicio Nacional del Patrimonio Cultural realizar\u00e1 este mi\u00e9rcoles 10 de diciembre dos actividades abiertas al p\u00fablico: a las 12:00 horas se inaugurar\u00e1 la exposici\u00f3n &nbsp;\u201cMistral: 80 a\u00f1os del Nobel, una mirada actual de su legado\u201d en la Sala Laura Rodig, y a las 16:00 horas se desarrollar\u00e1 una celebraci\u00f3n comunitaria en el Jard\u00edn Po\u00e9tico del museo, junto a la Seremi de las Culturas Regi\u00f3n de Coquimbo.<\/strong><\/p>\n\n\n\n<p>El Museo Gabriela Mistral de Vicu\u00f1a, ubicado en el sitio natal de la autora, convoca a la comunidad a celebrar los 80 a\u00f1os del Premio Nobel de Literatura otorgado a Gabriela Mistral con una jornada abierta que re\u00fane arte, memoria y participaci\u00f3n local. Este mi\u00e9rcoles 10 de diciembre, la casa mistraliana se viste de gala para ofrecer un encuentro que pone en circulaci\u00f3n las expresiones culturales del territorio y reconoce el trabajo desarrollado durante todo el a\u00f1o por el museo junto a escuelas, agrupaciones y creadoras y creadores de la zona.<\/p>\n\n\n\n<p>La programaci\u00f3n comenzar\u00e1 al mediod\u00eda con la inauguraci\u00f3n de la exposici\u00f3n \u201cMistral: 80 a\u00f1os del Nobel, una mirada actual de su legado\u201d en la Sala Laura Rodig. Su curadur\u00eda, a cargo de Karen Paz\u00e1n Valencia, se estructura en torno a tres l\u00edneas de trabajo: la dimensi\u00f3n internacional de Gabriela Mistral y sus redes transnacionales; su escritura cr\u00edtica y ensay\u00edstica en medios, conferencias y recados; y el llamado \u201carchivo encarnado\u201d, que aborda afectos, duelo y maternidad. La muestra re\u00fane manuscritos, primeras ediciones, prensa temprana, libros con anotaciones y fotograf\u00edas provenientes del acervo del museo, ofreciendo una lectura situada en los contextos que rodearon el Nobel de 1945.<\/p>\n\n\n\n<p>El proyecto curatorial incorpora las l\u00edneas de trabajo desarrolladas en el seminario \u201cMistral: 80 a\u00f1os del Nobel, una mirada actual de su legado\u201d, realizado en mayo en Museo Gabriela Mistral de Vicu\u00f1a. Las reflexiones de Claudia Cabello Hutt, Fernanda Glaser Danton y Macarena Urz\u00faa Opazo, junto con los aportes de Andrea Meza Navarro, Martina Bortignon, Soledad Falabella Luco, Mar\u00eda Carolina Bergese, Ana Mar\u00eda Riveros Soto, Fernanda Ubilla Molina y Rub\u00e9n Castro Torres, permitieron definir los ejes que orientan la selecci\u00f3n de piezas y documentos exhibidos. Estas perspectivas \u2014cr\u00edticas, feministas, pedag\u00f3gicas y diplom\u00e1ticas\u2014 nutren una lectura que sit\u00faa a Gabriela Mistral como un archivo vivo en di\u00e1logo con preguntas contempor\u00e1neas sobre territorio, memoria y acci\u00f3n p\u00fablica.<\/p>\n\n\n\n<p><strong>Celebraci\u00f3n en el Jard\u00edn Po\u00e9tico<\/strong><\/p>\n\n\n\n<p>A partir de las 16:00 horas, el Jard\u00edn Po\u00e9tico, pulm\u00f3n verde del museo, ser\u00e1 el escenario de \u00abCelebremos a Gabriela\u00bb, un encuentro cultural y comunitario con presentaciones art\u00edsticas, intervenciones audiovisuales y degustaciones tradicionales. La tarde comenzar\u00e1 con la exhibici\u00f3n del cortometraje \u201cDesde tu sombra\u201d, del realizador ovallino V\u00edctor Soto Castillo, para luego dar paso a la presentaci\u00f3n del Coro de Voces Blancas del Liceo Bicentenario de Excelencia Colegio Antonio Varas de Vicu\u00f1a. En ese mismo bloque se realizar\u00e1 la entrega de reconocimientos a las y los m\u00fasicos que participaron en el \u00abConcierto Andino 80 a\u00f1os Nobel Gabriela Mistral\u201d en Coquimbo.<\/p>\n\n\n\n<p>El programa incluir\u00e1 tambi\u00e9n la puesta en escena de \u201cHaiku para Gabriela\u201d, creaci\u00f3n en la que particip\u00f3 el Colegio Leonardo Da Vinci de Vicu\u00f1a, seleccionados para representar a Vicu\u00f1a en la Feria Mundial de Osaka, Jap\u00f3n. Contin\u00faa luego con la intervenci\u00f3n musical y l\u00edrica Canto a lo Poeta \u201cpor Gabriela Mistral\u201d, a cargo de los cultores \u00c1lvaro D\u00edaz Parada (Paihuano), Ra\u00fal \u201cTalo\u201d Pinto (Coquimbo) y Arturo Varela (Ovalle). Posteriormente, integrantes del Centro Cultural y Art\u00edstico Elquialmar, uno de los m\u00e1s antiguos del norte de Chile, ofrecer\u00e1n una declamaci\u00f3n colectiva con textos mistralianos y poes\u00eda local.<\/p>\n\n\n\n<p>La tarde continuar\u00e1 con la intervenci\u00f3n audiovisual \u201cMuseo Gabriela Mistral de Vicu\u00f1a: Un a\u00f1o de actividades celebrando el Nobel\u201d, que re\u00fane parte del trabajo de difusi\u00f3n desarrollado durante 2025. M\u00e1s adelante se har\u00e1 entrega de las obras \u201cArpilleras para Gabriela. Homenaje en los 80 a\u00f1os del Nobel\u201d, confeccionadas por la Agrupaci\u00f3n de Familiares de Detenidos Desaparecidos de La Serena.<\/p>\n\n\n\n<p>Para el t\u00e9rmino de esta actividad se desarrollar\u00e1 el anuncio de las y los ganadores y la entrega de los Premios Regionales de Cultura 2025 en sus cinco categor\u00edas: Trayectoria, Emergente, Artesan\u00eda, Cultor\/a Ind\u00edgena y Gestor\/a Cultural. Este galard\u00f3n creado en aquel entonces por el Consejo Nacional de la Cultura y las Artes de la Regi\u00f3n de Coquimbo, se entrega anualmente desde 2013 -con interrupciones en 2018 y 2021- y busca valorar la excelencia, creatividad e impacto en la identidad cultural regional.<\/p>\n\n\n\n<p>El encuentro concluir\u00e1 con un showcase de Natalia Corvetto, reconocida cantante y compositora, quien hace algunos meses lanz\u00f3 un sencillo y est\u00e1 trabajando en su pr\u00f3ximo \u00e1lbum basado en el poema \u00abValle de Elqui\u00bb del libro \u00abPoema de Chile\u00bb de Gabriela Mistral.<\/p>\n\n\n\n<p>La celebraci\u00f3n del 10 de diciembre es organizada por Museo Gabriela Mistral de Vicu\u00f1a, parte del Servicio Nacional del Patrimonio Cultural, en conjunto con la Seremi de las Culturas, las Artes y el Patrimonio de la Regi\u00f3n de Coquimbo y la Unidad de Patrimonio Cultural Inmaterial. La invitaci\u00f3n es a participar de una jornada que re\u00fane creaci\u00f3n, patrimonio y memoria activa desde el territorio que vio nacer a Gabriela Mistral.<\/p>\n","protected":false},"excerpt":{"rendered":"<p>La unidad elquina del Servicio Nacional del Patrimonio Cultural realizar\u00e1 este mi\u00e9rcoles 10 de diciembre dos actividades abiertas al p\u00fablico: a las 12:00 horas se inaugurar\u00e1 la exposici\u00f3n &nbsp;\u201cMistral: 80 a\u00f1os del Nobel, una mirada actual de su legado\u201d en la Sala Laura Rodig, y a las 16:00 horas se desarrollar\u00e1 una celebraci\u00f3n comunitaria en &#8230;<\/p>\n","protected":false},"author":2,"featured_media":13102,"comment_status":"open","ping_status":"open","sticky":false,"template":"","format":"standard","meta":{"footnotes":""},"categories":[6],"tags":[],"class_list":["post-13101","post","type-post","status-publish","format-standard","has-post-thumbnail","hentry","category-regionales"],"_links":{"self":[{"href":"https:\/\/www.radiolimari.cl\/index.php?rest_route=\/wp\/v2\/posts\/13101","targetHints":{"allow":["GET"]}}],"collection":[{"href":"https:\/\/www.radiolimari.cl\/index.php?rest_route=\/wp\/v2\/posts"}],"about":[{"href":"https:\/\/www.radiolimari.cl\/index.php?rest_route=\/wp\/v2\/types\/post"}],"author":[{"embeddable":true,"href":"https:\/\/www.radiolimari.cl\/index.php?rest_route=\/wp\/v2\/users\/2"}],"replies":[{"embeddable":true,"href":"https:\/\/www.radiolimari.cl\/index.php?rest_route=%2Fwp%2Fv2%2Fcomments&post=13101"}],"version-history":[{"count":1,"href":"https:\/\/www.radiolimari.cl\/index.php?rest_route=\/wp\/v2\/posts\/13101\/revisions"}],"predecessor-version":[{"id":13103,"href":"https:\/\/www.radiolimari.cl\/index.php?rest_route=\/wp\/v2\/posts\/13101\/revisions\/13103"}],"wp:featuredmedia":[{"embeddable":true,"href":"https:\/\/www.radiolimari.cl\/index.php?rest_route=\/wp\/v2\/media\/13102"}],"wp:attachment":[{"href":"https:\/\/www.radiolimari.cl\/index.php?rest_route=%2Fwp%2Fv2%2Fmedia&parent=13101"}],"wp:term":[{"taxonomy":"category","embeddable":true,"href":"https:\/\/www.radiolimari.cl\/index.php?rest_route=%2Fwp%2Fv2%2Fcategories&post=13101"},{"taxonomy":"post_tag","embeddable":true,"href":"https:\/\/www.radiolimari.cl\/index.php?rest_route=%2Fwp%2Fv2%2Ftags&post=13101"}],"curies":[{"name":"wp","href":"https:\/\/api.w.org\/{rel}","templated":true}]}}