{"id":13098,"date":"2025-12-07T16:49:12","date_gmt":"2025-12-07T16:49:12","guid":{"rendered":"https:\/\/www.radiolimari.cl\/?p=13098"},"modified":"2025-12-07T16:49:13","modified_gmt":"2025-12-07T16:49:13","slug":"productores-y-expertos-revelan-como-superar-los-desafios-mas-criticos-del-sector-fruticola-en-zonas-aridas","status":"publish","type":"post","link":"https:\/\/www.radiolimari.cl\/?p=13098","title":{"rendered":"Productores y expertos revelan c\u00f3mo superar los desaf\u00edos m\u00e1s cr\u00edticos del sector frut\u00edcola en zonas \u00e1ridas."},"content":{"rendered":"\n<figure class=\"wp-block-image size-large\"><a href=\"https:\/\/www.radiolimari.cl\/wp-content\/uploads\/2025\/12\/8.12-corfo.jpeg\"><img fetchpriority=\"high\" decoding=\"async\" width=\"1024\" height=\"768\" src=\"https:\/\/www.radiolimari.cl\/wp-content\/uploads\/2025\/12\/8.12-corfo-1024x768.jpeg\" alt=\"\" class=\"wp-image-13099\" srcset=\"https:\/\/www.radiolimari.cl\/wp-content\/uploads\/2025\/12\/8.12-corfo-1024x768.jpeg 1024w, https:\/\/www.radiolimari.cl\/wp-content\/uploads\/2025\/12\/8.12-corfo-300x225.jpeg 300w, https:\/\/www.radiolimari.cl\/wp-content\/uploads\/2025\/12\/8.12-corfo-768x576.jpeg 768w, https:\/\/www.radiolimari.cl\/wp-content\/uploads\/2025\/12\/8.12-corfo.jpeg 1280w\" sizes=\"(max-width: 1024px) 100vw, 1024px\" \/><\/a><\/figure>\n\n\n\n<p><em>Organizado por el Programa Estrat\u00e9gico Regional Fruticultura Sustentable, iniciativa de Corfo con apoyo del Gobierno Regional, el encuentro reuni\u00f3 a m\u00e1s de 140 asistentes en una jornada decisiva para impulsar pr\u00e1cticas frut\u00edcolas m\u00e1s eficientes, resilientes y sostenibles.<\/em><\/p>\n\n\n\n<p>M\u00e1s de 140 productores, especialistas, acad\u00e9micos y profesionales del agro participaron en el Seminario&nbsp;<strong>\u201cSustentabilidad y Competitividad desde Zonas \u00c1ridas: la Experiencia Frut\u00edcola de la Regi\u00f3n de Coquimbo\u201d,&nbsp;<\/strong>organizado por el Programa Estrat\u00e9gico Regional Fruticultura Sustentable (PER) Coquimbo, con el apoyo de Corfo y del Gobierno Regional. La jornada reafirm\u00f3 la importancia de la articulaci\u00f3n entre el sector p\u00fablico, acad\u00e9mico y productivo para enfrentar los desaf\u00edos del agro en un contexto de escasez h\u00eddrica y necesidad de reconversi\u00f3n.<\/p>\n\n\n\n<p>La actividad, desarrollada en el Casino de Ovalle, convoc\u00f3 a productores, asesores, gremios, acad\u00e9micos y actores del ecosistema agroalimentario para profundizar en soluciones y estrategias que permitan sostener la actividad frut\u00edcola en uno de los escenarios m\u00e1s desafiantes de las \u00faltimas d\u00e9cadas. Diversificaci\u00f3n productiva, adaptaci\u00f3n agroclim\u00e1tica, nuevas gen\u00e9ticas, tendencias de mercado, financiamiento y oportunidades de exportaci\u00f3n formaron parte de los ejes abordados durante la jornada.<\/p>\n\n\n\n<p>Eduardo Alcayaga, delegado Presidencial Provincial de Limar\u00ed, mantuvo que estos seminarios \u201cson una buena oportunidad de capacitar y resolver brechas para dar sostenibilidad a la producci\u00f3n, en un contexto caracterizado por consumidores que buscan productos m\u00e1s amigables con el medio ambiente, exigencias de mercado para obtener productos de alto valor a bajos precios, y con una escasez h\u00eddrica que nos convoca a ser m\u00e1s eficientes con los recursos\u201d.<\/p>\n\n\n\n<p><strong>Resiliencia frut\u00edcola en tiempos adversos<\/strong><\/p>\n\n\n\n<p>El gerente del Programa, Cristian Ossand\u00f3n, destac\u00f3 la importancia de abrir espacios de conocimiento y colaboraci\u00f3n en un contexto de creciente complejidad. \u201cEste seminario nos permite mostrar desarrollos productivos regionales que evidencian c\u00f3mo la Regi\u00f3n de Coquimbo ha construido resiliencia y capacidad de adaptaci\u00f3n. Hoy estamos fortaleciendo una fruticultura sostenible, capaz de enfrentar con innovaci\u00f3n y trabajo conjunto los desaf\u00edos actuales y futuros del sector\u201d, afirm\u00f3.<\/p>\n\n\n\n<p>Las exposiciones estuvieron a cargo de destacados especialistas: Jos\u00e9 Corral, Lorena Pinto, Armando Alfaro, Rodolfo Fern\u00e1ndez y Patricio Gracia, quienes compartieron an\u00e1lisis t\u00e9cnicos, resultados de investigaci\u00f3n y experiencias pr\u00e1cticas orientadas a impulsar la sostenibilidad y competitividad del rubro frut\u00edcola en zonas \u00e1ridas.<\/p>\n\n\n\n<p><strong>Espacio de vinculaci\u00f3n comercial y nuevas oportunidades<\/strong><\/p>\n\n\n\n<p>La jornada tambi\u00e9n incorpor\u00f3 un espacio de vinculaci\u00f3n comercial que permiti\u00f3 acercar a los asistentes a proveedores, centros de investigaci\u00f3n y soluciones tecnol\u00f3gicas vinculadas a la agricultura. Participaron Exportadora Teno Ovalle, Elevation, Savia Consultores, Asociaci\u00f3n Chilena de Agricultura Biodin\u00e1mica, EmpowerMedia, Centro Ceres, Universidad de La Serena \u2013 Plataforma RedGen, y Bioinsumos Nativa, quienes presentaron innovaciones, metodolog\u00edas y herramientas clave para fortalecer la productividad y sostenibilidad del sector.<\/p>\n\n\n\n<p>En ese sentido, Andr\u00e9s Zurita, director Regional de Corfo, indic\u00f3 que el desarrollo de este programa posee componentes virtuosos que facilitan la transici\u00f3n de una fruticultura tradicional hacia una actividad que incorpore elementos de sustentabilidad. \u201cUno de los aspectos fundamentales es la asociatividad, que ha permitido que el mundo privado, la academia y las agencias p\u00fablicas definan el futuro de la fruticultura regional, considerando par\u00e1metros de mercado, crisis clim\u00e1tica y los efectos estacionales como las apariciones de plagas, entre otros\u201d.<\/p>\n\n\n\n<p><strong>Entrega de diplomas en citricultura sustentable<\/strong><\/p>\n\n\n\n<p>En un hito especialmente significativo para el fortalecimiento del capital humano, se realiz\u00f3 adem\u00e1s la entrega de diplomas a los participantes del curso intensivo en citricultura sustentable dictado por acad\u00e9micos de la Pontificia Universidad Cat\u00f3lica. Esta certificaci\u00f3n marca un nuevo paso en la formaci\u00f3n especializada de productores y profesionales que buscan afrontar los desaf\u00edos del sector con conocimientos actualizados y pr\u00e1cticas responsables.<\/p>\n\n\n\n<p>Roc\u00edo Monsalve, representante del Gobierno Regional de Coquimbo, sostuvo que esta acci\u00f3n \u201cfacilita no solo una articulaci\u00f3n relevante entre los actores de la industria regional, sino tambi\u00e9n genera una agenda de trabajo robusta que permite la transferencia efectiva de capacidades y nuevas l\u00edneas de trabajo hacia los productores locales\u201d.<\/p>\n\n\n\n<p>El seminario reafirm\u00f3 el compromiso del Programa Estrat\u00e9gico Regional Fruticultura Sustentable con el desarrollo de una agricultura resiliente, eficiente y preparada para proyectarse en un escenario cada vez m\u00e1s adverso, reforzando la importancia de la articulaci\u00f3n p\u00fablico-privada y el acceso a conocimiento estrat\u00e9gico para el futuro de la fruticultura regional.<\/p>\n","protected":false},"excerpt":{"rendered":"<p>Organizado por el Programa Estrat\u00e9gico Regional Fruticultura Sustentable, iniciativa de Corfo con apoyo del Gobierno Regional, el encuentro reuni\u00f3 a m\u00e1s de 140 asistentes en una jornada decisiva para impulsar pr\u00e1cticas frut\u00edcolas m\u00e1s eficientes, resilientes y sostenibles. M\u00e1s de 140 productores, especialistas, acad\u00e9micos y profesionales del agro participaron en el Seminario&nbsp;\u201cSustentabilidad y Competitividad desde Zonas &#8230;<\/p>\n","protected":false},"author":2,"featured_media":13099,"comment_status":"open","ping_status":"open","sticky":false,"template":"","format":"standard","meta":{"footnotes":""},"categories":[3],"tags":[],"class_list":["post-13098","post","type-post","status-publish","format-standard","has-post-thumbnail","hentry","category-actualidad"],"_links":{"self":[{"href":"https:\/\/www.radiolimari.cl\/index.php?rest_route=\/wp\/v2\/posts\/13098","targetHints":{"allow":["GET"]}}],"collection":[{"href":"https:\/\/www.radiolimari.cl\/index.php?rest_route=\/wp\/v2\/posts"}],"about":[{"href":"https:\/\/www.radiolimari.cl\/index.php?rest_route=\/wp\/v2\/types\/post"}],"author":[{"embeddable":true,"href":"https:\/\/www.radiolimari.cl\/index.php?rest_route=\/wp\/v2\/users\/2"}],"replies":[{"embeddable":true,"href":"https:\/\/www.radiolimari.cl\/index.php?rest_route=%2Fwp%2Fv2%2Fcomments&post=13098"}],"version-history":[{"count":1,"href":"https:\/\/www.radiolimari.cl\/index.php?rest_route=\/wp\/v2\/posts\/13098\/revisions"}],"predecessor-version":[{"id":13100,"href":"https:\/\/www.radiolimari.cl\/index.php?rest_route=\/wp\/v2\/posts\/13098\/revisions\/13100"}],"wp:featuredmedia":[{"embeddable":true,"href":"https:\/\/www.radiolimari.cl\/index.php?rest_route=\/wp\/v2\/media\/13099"}],"wp:attachment":[{"href":"https:\/\/www.radiolimari.cl\/index.php?rest_route=%2Fwp%2Fv2%2Fmedia&parent=13098"}],"wp:term":[{"taxonomy":"category","embeddable":true,"href":"https:\/\/www.radiolimari.cl\/index.php?rest_route=%2Fwp%2Fv2%2Fcategories&post=13098"},{"taxonomy":"post_tag","embeddable":true,"href":"https:\/\/www.radiolimari.cl\/index.php?rest_route=%2Fwp%2Fv2%2Ftags&post=13098"}],"curies":[{"name":"wp","href":"https:\/\/api.w.org\/{rel}","templated":true}]}}